{"id":152852,"date":"2025-10-02T14:00:17","date_gmt":"2025-10-02T14:00:17","guid":{"rendered":"https:\/\/www.europesays.com\/es\/152852\/"},"modified":"2025-10-02T14:00:17","modified_gmt":"2025-10-02T14:00:17","slug":"arte-cultura-y-deporte-en-la-agenda-de-sant-marti-sant-marti","status":"publish","type":"post","link":"https:\/\/www.europesays.com\/es\/152852\/","title":{"rendered":"Arte, cultura y deporte, en la agenda de Sant Mart\u00ed | Sant Mart\u00ed"},"content":{"rendered":"<p>Este viernes empieza la 9\u00aa edici\u00f3n del <a href=\"https:\/\/ajuntament.barcelona.cat\/santmarti\/ca\/noticies\/arde-el-circuit-de-lart-i-el-disseny-del-districte-creatiu-1555856\" target=\"_blank\" rel=\"noopener nofollow\">circuito de arte y dise\u00f1o AR-DE<\/a>. Durante tres d\u00edas las galer\u00edas de arte y los museos que forman parte del Poblenou Urban District abrir\u00e1n puertas para acercar la programaci\u00f3n de \u00e9stas espacios vinculados al arte y al dise\u00f1o.<\/p>\n<p>Tambi\u00e9n en el Poblenou este fin de semana contin\u00faa al <a href=\"https:\/\/ajuntament.barcelona.cat\/santmarti\/ca\/noticies\/el-cinema-compromes-i-de-ciutat-arriba-al-poblenou-1548574\" target=\"_blank\" rel=\"noopener nofollow\">Festival Rellisqu\u00edn<\/a>, con diversas proyecciones de filmes de contenido urbano y social.<\/p>\n<p>El s\u00e1bado 4 de octubre empieza la primera actividad de <a href=\"https:\/\/ajuntament.barcelona.cat\/santmarti\/ca\/noticies\/cicle-de-cultura-al-barri-del-besos-i-el-maresme-1557108\" target=\"_blank\" rel=\"noopener nofollow\">Cultura al Barri al Bes\u00f2s i el Maresme<\/a>, un programa que se alargar\u00e1 hasta diciembre ofreciendo una decena de espect\u00e1culos y propuestas gratuitas y de calidad en las calles del barrio.<\/p>\n<p>Al d\u00eda siguiente, el 5 de octubre, vuelve una de las propuestas familiares y deportivas con m\u00e1s \u00e9xito en Barcelona: la <a href=\"https:\/\/www.barcelona.cat\/mobilitat\/ca\/actualitat-i-recursos\/noticies\/el-5-doctubre-torna-la-festa-de-la-bici-i-la-bicicletada-1554020\" target=\"_blank\" rel=\"noopener nofollow\">Bicicletada<\/a>. Con salida en la calle de Arag\u00f3n, entre el paseo de Sant Joan y la calle de Sic\u00edlia, har\u00e1 un tramo del recorrido por el distrito.<\/p>\n<p>Y a nivel institucional, el lunes se celebran las <a href=\"https:\/\/ajuntament.barcelona.cat\/santmarti\/ca\/noticies\/les-comissions-consultives-a-sant-marti-1556409\" target=\"_blank\" rel=\"noopener nofollow\">comisiones consultivas de gobierno<\/a> de Derechos Sociales, Cultura, Educaci\u00f3n y Ciclos de Vida, y de Urbanismo, Transici\u00f3n Ecol\u00f3gica, Servicios Urbanos y Vivienda. Estas sesiones son la previa a la celebraci\u00f3n del Consejo de Distrito del 16 de octubre.<\/p>\n<p>La foto de portada de esta edici\u00f3n de la agenda es de <strong>@theotherbcnbrusy:<\/strong> \u201cPlaza de Santiago Pey\u201d.<\/p>\n<p style=\"text-align: center\"><a href=\"https:\/\/media-edg.barcelona.cat\/wp-content\/uploads\/2025\/10\/02150607\/Agenda-cultural-de-Sant-Marti-35-Fins-al-19-doctubre-2025.pdf\" target=\"_blank\" rel=\"noopener nofollow\"><strong>Consulta la agenda de actividades en los barrios de Sant Mart\u00ed<\/strong><\/a><\/p>\n<p>La agenda de actividades del Distrito recoge los actos institucionales, sociales, culturales y deportivos de todos los barrios organizados por entidades y equipamientos de Sant Mart\u00ed.<\/p>\n","protected":false},"excerpt":{"rendered":"Este viernes empieza la 9\u00aa edici\u00f3n del circuito de arte y dise\u00f1o AR-DE. Durante tres d\u00edas las galer\u00edas&hellip;\n","protected":false},"author":2,"featured_media":152853,"comment_status":"","ping_status":"","sticky":false,"template":"","format":"standard","meta":{"footnotes":""},"categories":[8],"tags":[17,18,25,24,13,14,11,19,20,9,10,15,16,23,12,21,22],"class_list":{"0":"post-152852","1":"post","2":"type-post","3":"status-publish","4":"format-standard","5":"has-post-thumbnail","7":"category-espana","8":"tag-breaking-news","9":"tag-breakingnews","10":"tag-es","11":"tag-espana","12":"tag-featured-news","13":"tag-featurednews","14":"tag-headlines","15":"tag-latest-news","16":"tag-latestnews","17":"tag-news","18":"tag-noticias","19":"tag-noticias-destacadas","20":"tag-noticiasdestacadas","21":"tag-spain","22":"tag-titulares","23":"tag-ultimas-noticias","24":"tag-ultimasnoticias"},"share_on_mastodon":{"url":"","error":""},"_links":{"self":[{"href":"https:\/\/www.europesays.com\/es\/wp-json\/wp\/v2\/posts\/152852","targetHints":{"allow":["GET"]}}],"collection":[{"href":"https:\/\/www.europesays.com\/es\/wp-json\/wp\/v2\/posts"}],"about":[{"href":"https:\/\/www.europesays.com\/es\/wp-json\/wp\/v2\/types\/post"}],"author":[{"embeddable":true,"href":"https:\/\/www.europesays.com\/es\/wp-json\/wp\/v2\/users\/2"}],"replies":[{"embeddable":true,"href":"https:\/\/www.europesays.com\/es\/wp-json\/wp\/v2\/comments?post=152852"}],"version-history":[{"count":0,"href":"https:\/\/www.europesays.com\/es\/wp-json\/wp\/v2\/posts\/152852\/revisions"}],"wp:featuredmedia":[{"embeddable":true,"href":"https:\/\/www.europesays.com\/es\/wp-json\/wp\/v2\/media\/152853"}],"wp:attachment":[{"href":"https:\/\/www.europesays.com\/es\/wp-json\/wp\/v2\/media?parent=152852"}],"wp:term":[{"taxonomy":"category","embeddable":true,"href":"https:\/\/www.europesays.com\/es\/wp-json\/wp\/v2\/categories?post=152852"},{"taxonomy":"post_tag","embeddable":true,"href":"https:\/\/www.europesays.com\/es\/wp-json\/wp\/v2\/tags?post=152852"}],"curies":[{"name":"wp","href":"https:\/\/api.w.org\/{rel}","templated":true}]}}