{"id":152854,"date":"2025-10-02T14:01:37","date_gmt":"2025-10-02T14:01:37","guid":{"rendered":"https:\/\/www.europesays.com\/es\/152854\/"},"modified":"2025-10-02T14:01:37","modified_gmt":"2025-10-02T14:01:37","slug":"el-ayuntamiento-de-sevilla-abre-las-puertas-de-la-cultura-en-la-noche-en-blanco-actualidad","status":"publish","type":"post","link":"https:\/\/www.europesays.com\/es\/152854\/","title":{"rendered":"el Ayuntamiento de Sevilla abre las puertas de la cultura en la Noche en Blanco \u2014 Actualidad"},"content":{"rendered":"<p>El Ayuntamiento de Sevilla, a trav\u00e9s del \u00c1rea de Turismo y Cultura, se suma a la XII edici\u00f3n de la Noche en Blanco, una cita ya consolidada que ofrece una programaci\u00f3n cultural amplia y gratuita en algunos de los principales espacios patrimoniales y culturales de la ciudad.<\/p>\n<p>En este sentido, la delegada de Cultura, Angie Moreno, ha destacado que \u201cla Noche en Blanco convierte a Sevilla en un gran escenario donde la ciudadan\u00eda puede disfrutar de experiencias culturales \u00fanicas y gratuitas en lugares patrimoniales y espacios de proximidad, acercando el arte y la cultura a todos los p\u00fablicos\u201d.<\/p>\n<p>La jornada que se celebrar\u00e1, ma\u00f1ana viernes, 3 de octubre de 2025, en horario vespertino y nocturno, e incluir\u00e1 propuestas para todos los p\u00fablicos. Entre las novedades de este a\u00f1o se encuentra la incorporaci\u00f3n de actividades vinculadas al Festival de \u00d3pera de Sevilla, que esa misma noche programa la representaci\u00f3n de Combattimento de Claudio Monteverdi en la Real F\u00e1brica de Artiller\u00eda (22:00 h), y que se suma con la exposici\u00f3n sobre moda y \u00f3pera Looking for Carmen de la Asociaci\u00f3n Qlamenco en Casa Fabiola (de 20:00 h a 1:30 h) y el programa musical de acceso libre Ac\u00e9rcate a la \u00d3pera en la Torre de los Perdigones (19:00h).<\/p>\n<p>La Sala At\u00edn Aya abrir\u00e1 sus puertas con la exposici\u00f3n El perro negro de Paco P\u00e9rez Valencia (22:00h a 1:00h), mientras que el Espacio Santa Clara ofrecer\u00e1 la instalaci\u00f3n audiovisual Esencia de Federico y la exposici\u00f3n Retroalimentaci\u00f3n de Luis Gordillo (20:00 a 1:00 h). Tambi\u00e9n en Casa Fabiola podr\u00e1 visitarse la colecci\u00f3n permanente de Mariano Bellver y Dolores Mej\u00edas en horario especial (de 20:00 h a 1:30 h).<\/p>\n<p>El Antiquarium permanecer\u00e1 abierto hasta medianoche y media, mientras que la Casa Consistorial ofrecer\u00e1 visitas culturales a sus principales salas (20:30 h a 00:30 h). Otros espacios como Factor\u00eda Cultural (recital de Mie Matsumura, 22:00 h), el Palacio de los Marqueses de la Algaba (concierto de Armon\u00eda del Sur, 20:30 h) y los centros c\u00edvicos completan la programaci\u00f3n. En el Centro C\u00edvico Las Sirenas (desde las 18:00 h) se podr\u00e1 disfrutar de cine documental, charlas y un recital po\u00e9tico; en el Centro C\u00edvico San Juli\u00e1n se desarrollar\u00e1n actividades como talleres de caligraf\u00eda japonesa o una conferencia sobre arquitectura sevillana; y en el Centro C\u00edvico San Jer\u00f3nimo habr\u00e1 visitas teatralizadas sobre la historia de su monasterio.<\/p>\n<p>Las bibliotecas municipales contar\u00e1n con propuestas especiales: en la Felipe Gonz\u00e1lez M\u00e1rquez (de 18:00 h a 23:00 h) se presentan la exposici\u00f3n La mar de monstruos y la narraci\u00f3n oral para adultos Historias adulteradas (22:00 h), mientras que en San Jer\u00f3nimo se escenificar\u00e1n divertidas historias sobre el monasterio y su imprenta de Indias, representadas por el grupo teatral Los Goliard@s en sesiones que tendr\u00e1n lugar desde las 21:00h a las 22:00 h.<\/p>\n<p>La delegada de Cultura, Angie Moreno, ha se\u00f1alado que \u201cSevilla es una ciudad que respira cultura: donde lo contempor\u00e1neo y lo cl\u00e1sico no s\u00f3lo conviven sino que se fusionan, se mezclan para dar lugar a algo que nos hace \u00fanicos. La Noche en Blanco es tambi\u00e9n un reflejo de que Sevilla es una ciudad de cultura viva, donde artistas, entidades, colectivos y ciudadan\u00eda que aportan su creatividad y su visi\u00f3n \u00fanica del mundo. Esta cita es posible gracias a la implicaci\u00f3n de un amplio tejido de agentes culturales que enriquecen la vida de Sevilla durante todo el a\u00f1o y al que tenemos que agradecer su talento y su compromiso con la ciudad\u201d.<\/p>\n<p>\u00a0<\/p>\n<p><strong>TUSSAM PLANIFICA UN SERVICO NOCTURNO ESPECIAL CON MOTIVO DE LA NOCHE EN BLANCO<\/strong><\/p>\n<p>Las l\u00edneas nocturnas duplicar\u00e1n su oferta con frecuencias entre 10 y 25 minutos y finalizaci\u00f3n del servicio a las 6 de la ma\u00f1ana.<\/p>\n<p>Con motivo de la celebraci\u00f3n de la Noche en Blanco, que tendr\u00e1 lugar este viernes d\u00eda 3 de octubre, la Empresa Municipal de Transportes (TUSSAM) ha planificado un servicio nocturno especial con refuerzos en todas las l\u00edneas y \u00faltimas salidas desde el Prado de San Sebasti\u00e1n a las 5 de la ma\u00f1ana.<\/p>\n<p>En concreto las 8 l\u00edneas que constituyen la red nocturna incrementar\u00e1n su oferta entre un 135 % y un 50 %, dependiendo de la l\u00ednea, sobre la oferta habitual de un viernes, de forma que las frecuencias de paso ser\u00e1n de entre 10 y 25 minutos.<\/p>\n<p>Las l\u00edneas 16 (Valdezorras) y 29 (Torreblanca) tambi\u00e9n incrementar\u00e1n su oferta y finalizar\u00e1n su servicio con \u00faltimas salidas a las 5:00 h desde la Plaza Jer\u00f3nimo de C\u00f3rdoba y Prado de San Sebasti\u00e1n respectivamente.\u00a0<\/p>\n<p>La red de l\u00edneas nocturnas de Tussam compuesta por 8 l\u00edneas propias, 7 radiales y una circular, adem\u00e1s de los servicios nocturnos de las l\u00edneas contratadas 16 y 29, dan cobertura al 92 % de la poblaci\u00f3n de Sevilla (poblaci\u00f3n situada a menos de 500 metros de una parada). Tienen sus salidas a partir de las 00:00 hdesde el Prado de San Sebasti\u00e1n o desde el interior de la estaci\u00f3n de autobuses en el caso de viernes, s\u00e1bados y v\u00edsperas de festivos.<\/p>\n","protected":false},"excerpt":{"rendered":"El Ayuntamiento de Sevilla, a trav\u00e9s del \u00c1rea de Turismo y Cultura, se suma a la XII edici\u00f3n&hellip;\n","protected":false},"author":2,"featured_media":152855,"comment_status":"","ping_status":"","sticky":false,"template":"","format":"standard","meta":{"footnotes":""},"categories":[5],"tags":[17,18,25,24,13,14,11,19,20,9,10,15,16,23,12,21,22],"class_list":{"0":"post-152854","1":"post","2":"type-post","3":"status-publish","4":"format-standard","5":"has-post-thumbnail","7":"category-titulares","8":"tag-breaking-news","9":"tag-breakingnews","10":"tag-es","11":"tag-espana","12":"tag-featured-news","13":"tag-featurednews","14":"tag-headlines","15":"tag-latest-news","16":"tag-latestnews","17":"tag-news","18":"tag-noticias","19":"tag-noticias-destacadas","20":"tag-noticiasdestacadas","21":"tag-spain","22":"tag-titulares","23":"tag-ultimas-noticias","24":"tag-ultimasnoticias"},"share_on_mastodon":{"url":"","error":""},"_links":{"self":[{"href":"https:\/\/www.europesays.com\/es\/wp-json\/wp\/v2\/posts\/152854","targetHints":{"allow":["GET"]}}],"collection":[{"href":"https:\/\/www.europesays.com\/es\/wp-json\/wp\/v2\/posts"}],"about":[{"href":"https:\/\/www.europesays.com\/es\/wp-json\/wp\/v2\/types\/post"}],"author":[{"embeddable":true,"href":"https:\/\/www.europesays.com\/es\/wp-json\/wp\/v2\/users\/2"}],"replies":[{"embeddable":true,"href":"https:\/\/www.europesays.com\/es\/wp-json\/wp\/v2\/comments?post=152854"}],"version-history":[{"count":0,"href":"https:\/\/www.europesays.com\/es\/wp-json\/wp\/v2\/posts\/152854\/revisions"}],"wp:featuredmedia":[{"embeddable":true,"href":"https:\/\/www.europesays.com\/es\/wp-json\/wp\/v2\/media\/152855"}],"wp:attachment":[{"href":"https:\/\/www.europesays.com\/es\/wp-json\/wp\/v2\/media?parent=152854"}],"wp:term":[{"taxonomy":"category","embeddable":true,"href":"https:\/\/www.europesays.com\/es\/wp-json\/wp\/v2\/categories?post=152854"},{"taxonomy":"post_tag","embeddable":true,"href":"https:\/\/www.europesays.com\/es\/wp-json\/wp\/v2\/tags?post=152854"}],"curies":[{"name":"wp","href":"https:\/\/api.w.org\/{rel}","templated":true}]}}