{"id":152858,"date":"2025-10-02T14:03:10","date_gmt":"2025-10-02T14:03:10","guid":{"rendered":"https:\/\/www.europesays.com\/es\/152858\/"},"modified":"2025-10-02T14:03:10","modified_gmt":"2025-10-02T14:03:10","slug":"el-congreso-debatira-el-proximo-martes-la-ilp-contra-la-tauromaquia-auspiciada-por-los-socios-de-sanchez-que-causa-division-en-el-psoe-el-mundo","status":"publish","type":"post","link":"https:\/\/www.europesays.com\/es\/152858\/","title":{"rendered":"El Congreso debatir\u00e1 el pr\u00f3ximo martes la ILP contra la tauromaquia auspiciada por los socios de S\u00e1nchez que causa divisi\u00f3n en el PSOE &#8211; El Mundo"},"content":{"rendered":"<ol>\n<li><a href=\"https:\/\/news.google.com\/rss\/articles\/CBMigwFBVV95cUxPX05qaVpDc2VOaFRodmkyYWVFNUZuYmZxdnlKNG1SZTRWejk5amdNdlFzcEZUNktRTDBZZHRlSTVuZko5OGxJc1pORHRqSVBHbWpDWkExRTc1TXZBY2tsY3Z6WDB6WlhzWEN0bE9uODBZcktaRzdUMVpGNHhaSHZ4VW5Fc9IBgwFBVV95cUxPNVpDZUNHUll6WGV1dlpJRE1pZUlHakRwMHoxVWRnUG5zUjI3eTNHaFc4YlN2d1FaZTRBd3NlYzNzVTM1SWcxYzk2b3ZSYTRTSk9zcmQyMi02SERMODd1ZHY5N0M1cFgxcGtfZk5wLU9FVlotZ1VmWUVSR2FEdW9pTEV6QQ?oc=5\" target=\"_blank\" rel=\"nofollow noopener\">El Congreso debatir\u00e1 el pr\u00f3ximo martes la ILP contra la tauromaquia auspiciada por los socios de S\u00e1nchez que causa divisi\u00f3n en el PSOE<\/a>&nbsp;&nbsp;El Mundo<\/li>\n<li><a href=\"https:\/\/news.google.com\/rss\/articles\/CBMigwFBVV95cUxOaFBHMU0tQm5ja0JSTEk4NURrV1BNdFJ2LUJrV0ROMzQ0bXllT3VjVDQ2Z05sd2tWNHJQWVhSMWhYVFpibHZzZXBMTTEtcFFQaGJ6X0x6WlI0ckRkTmpBUFNpVENCV3N6SG5hQW9EZW5fdV9ZdWc5RTR2UjFhOGJLaEVTc9IBgwFBVV95cUxQY18wS3Q5X3FhOVcwWDJmVVJWSkltT01McFdoUHZxZU4wcVZCeUpqMERyT050VnhTZHdvTDJjVzZNdndzcUxDT2Y4d1FqcXRwMlVlbUpLSG92anRzaFIycnFOazI3NTdOcERkeWE4bmNNNWY4cWxPOGJ1VWVsSlpLbkpWUQ?oc=5\" target=\"_blank\" rel=\"nofollow noopener\">El ruido y las nueces de una ILP antitaurina m\u00e1s influida por el deseo que por la realidad<\/a>&nbsp;&nbsp;El Mundo<\/li>\n<li><a href=\"https:\/\/news.google.com\/rss\/articles\/CBMi4wFBVV95cUxNVEs2c2ZKYllyWGo1c3FlUEVXQlVVTkNXN3llLTUzczJoRnNQRUZLX0VCS3hBYUlWLTBsOHIyWXRUMVptSk52VFFudWlyTnNLeFZEb25rN0hzR3MtRXN4LU43OW5oc2I0aVlhSjA3akE4Yzl2dkFZQkNrdktGN1N1NlhiZ1VGYWQ2b1BXdkRGeEVPMkJUN3FLX0V5R1FiRHJaUG5XYlozMk8yT0J1aHhXb2ZXYThNMjRoVVRma1BrQjdrT0JoVklYTDlSUmNHT0RuOXNCbl9VUGJDMHNyVHJDMEZsNNIB6AFBVV95cUxOcmhPZXhvc084cGJ0NFFOU1hRNU9UYWJFMVprZmpGNWR4Q1hTRDRGRElsV0hwWGhjYmZFeVhwNmliZkFoS1JwbV9kWXN5UzFfbmhNaERMQkUxV19EaFdqbzBSaWhvaHFBYWI2YVdXUmljTU9wM1o1T19iMFljenJpVHJreEdYdWJ0TUFXYmJpV1d2b3dpVm1aYnZURmRiOUVvS2tNNmNjd1hqMUFhNUtfX0l6dXFGTHhuaFZ0WG5SMl9iQWRadk5lUnAxY2lOVExFa3NBSlVrWFZlLVRham9XcURSSGhMa3hX?oc=5\" target=\"_blank\" rel=\"nofollow noopener\">El Congreso votar\u00e1 la pr\u00f3xima semana si tramita la iniciativa popular antitaurina<\/a>&nbsp;&nbsp;La Vanguardia<\/li>\n<li><a href=\"https:\/\/news.google.com\/rss\/articles\/CBMikwFBVV95cUxNWWI3OHFyVDRjRlVVZmhoc0toV0wzOHdlaHVIZXdFTXpJZHRYX2ozWHJKbkNITW4wQnY4eDA1NTZDNmp3VThuU1B6ZUY3Z3ZiZnFVTzh2WmFBbDFocWhiZFJtV0lfZC1UTTE4MVg3X1pWR3JINXhHMEU0V0gyUFA3MVZqcmkyMWU0WE1Ud0FtVThsQjg?oc=5\" target=\"_blank\" rel=\"nofollow noopener\">Mascotas, s\u00ed, toros, \u00bfno?<\/a>&nbsp;&nbsp;Las Provincias<\/li>\n<li><a href=\"https:\/\/news.google.com\/rss\/articles\/CBMivAFBVV95cUxNNlNZU0o1NXlOSHJpMWdYWTc5Q3ladW1SRDBlSnZPQUk2R3ZRbjVnMUF3MXdXRHZWUnhTTzFWM3JMN3VHd1VUMl9yYkdURzljYnh6WVZxOUdOR1ZvYjVaektKVzQtWVIwMEEyaWNZWDA1YmM2cFI2ZDN6Vkpmb3haZWNLR2l3RzVYcTV5ajNsd083b1NpSEI2TzZaVXVNM2xGTkZSSHptWjhod00xbG90bjFvWkNWeU1zOHgxTNIBwgFBVV95cUxQcEJMTjJ4V1QzUko4cTZkakVyb25WVjJLSEpsSXdBbkYxdEdUQkw3ZC1xUy1rQTJudG5DalJMY3gyOW5QT1lseFEtbnFnalNVcGlDbTNaQl9VUGpIY0FJRllRZktUYWgzbDJUNDVaVlVZVVBNR0NTWnQ4R3pveTJKNU1CQmlHelJhTnNYTHplTF80aVhvSjQ1dWpiYkUxR0p0YlJjSlJtWXJZbU14Vm1MZGc0QWRuQmRPcENROUZjVldwZw?oc=5\" target=\"_blank\" rel=\"nofollow noopener\">Los toros: prohibiciones y pol\u00e9micas<\/a>&nbsp;&nbsp;Confidencial Digital<\/li>\n<\/ol>\n","protected":false},"excerpt":{"rendered":"El Congreso debatir\u00e1 el pr\u00f3ximo martes la ILP contra la tauromaquia auspiciada por los socios de S\u00e1nchez que&hellip;\n","protected":false},"author":2,"featured_media":152859,"comment_status":"","ping_status":"","sticky":false,"template":"","format":"standard","meta":{"footnotes":""},"categories":[277],"tags":[373,209,819,168,25,24,2959,23,167,374,444],"class_list":{"0":"post-152858","1":"post","2":"type-post","3":"status-publish","4":"format-standard","5":"has-post-thumbnail","7":"category-toreo","8":"tag-bullfighting","9":"tag-cultura","10":"tag-cultura-toros","11":"tag-deportes","12":"tag-es","13":"tag-espana","14":"tag-pedro-sanchez","15":"tag-spain","16":"tag-sports","17":"tag-toreo","18":"tag-toros"},"share_on_mastodon":{"url":"","error":""},"_links":{"self":[{"href":"https:\/\/www.europesays.com\/es\/wp-json\/wp\/v2\/posts\/152858","targetHints":{"allow":["GET"]}}],"collection":[{"href":"https:\/\/www.europesays.com\/es\/wp-json\/wp\/v2\/posts"}],"about":[{"href":"https:\/\/www.europesays.com\/es\/wp-json\/wp\/v2\/types\/post"}],"author":[{"embeddable":true,"href":"https:\/\/www.europesays.com\/es\/wp-json\/wp\/v2\/users\/2"}],"replies":[{"embeddable":true,"href":"https:\/\/www.europesays.com\/es\/wp-json\/wp\/v2\/comments?post=152858"}],"version-history":[{"count":0,"href":"https:\/\/www.europesays.com\/es\/wp-json\/wp\/v2\/posts\/152858\/revisions"}],"wp:featuredmedia":[{"embeddable":true,"href":"https:\/\/www.europesays.com\/es\/wp-json\/wp\/v2\/media\/152859"}],"wp:attachment":[{"href":"https:\/\/www.europesays.com\/es\/wp-json\/wp\/v2\/media?parent=152858"}],"wp:term":[{"taxonomy":"category","embeddable":true,"href":"https:\/\/www.europesays.com\/es\/wp-json\/wp\/v2\/categories?post=152858"},{"taxonomy":"post_tag","embeddable":true,"href":"https:\/\/www.europesays.com\/es\/wp-json\/wp\/v2\/tags?post=152858"}],"curies":[{"name":"wp","href":"https:\/\/api.w.org\/{rel}","templated":true}]}}