{"id":152860,"date":"2025-10-02T14:04:19","date_gmt":"2025-10-02T14:04:19","guid":{"rendered":"https:\/\/www.europesays.com\/es\/152860\/"},"modified":"2025-10-02T14:04:19","modified_gmt":"2025-10-02T14:04:19","slug":"la-ufc-le-da-la-razon-a-ilia-topuria","status":"publish","type":"post","link":"https:\/\/www.europesays.com\/es\/152860\/","title":{"rendered":"La UFC le da la raz\u00f3n a Ilia Topuria"},"content":{"rendered":"<p class=\"parrafo\"><strong>Dana White no tiene intenci\u00f3n de echar el freno y menos ahora que se ha asociado con Turki Alalshikh<\/strong>. Entre ambos est\u00e1n dando forma a <strong>una nueva liga de boxeo al estilo <a href=\"https:\/\/www.estadiodeportivo.com\/ufc\/\" target=\"_blank\" class=\"intext-link\" rel=\"nofollow noopener\">UFC<\/a><\/strong>, un plan ya en funcionamiento que se cruza con <strong>un <a href=\"https:\/\/www.estadiodeportivo.com\/tags\/ilia-topuria.html\" target=\"_blank\" class=\"intext-link\" rel=\"nofollow noopener\">Ilia Topuria<\/a> que tambi\u00e9n ve interesante ese salto<\/strong>; tanto es as\u00ed que ya ha dejado claro que ve m\u00e1s que interesante la posibilidad de <strong>batirse en el cuadril\u00e1tero con Terence Crawford<\/strong>.<\/p>\n<p class=\"parrafo\">Siguiendo con el plan de la UFC, <strong>White ha creado Zuffa Boxing, mientras que el dirigente saudita se ha hecho con la marca The Ring<\/strong>. Pues bien, a partir de estas dos &#8216;marcas&#8217; se quiere dar forma a una competici\u00f3n para la que Zuffa Boxing ya ha alcanzado un <strong>acuerdo con Paramount para que retransmita 12 veladas de boxeo en 2026<\/strong>.<\/p>\n<p><a class=\"elementos-rel-t2\" href=\"https:\/\/www.estadiodeportivo.com\/ufc\/joel-alvarez-charles-oliveira-oficial-20250929-514297.html\" title=\"Lo de Joel \u00c1lvarez y Charles Oliveira ya es oficial\" rel=\"nofollow noopener\" target=\"_blank\">Lo de Joel \u00c1lvarez y Charles Oliveira ya es oficial<img decoding=\"async\" src=\"https:\/\/www.europesays.com\/es\/wp-content\/uploads\/2025\/10\/8a49bfeb-db94-426e-bfee-b8505135fe6e_320x180.jpeg\" alt=\"Lo de Joel \u00c1lvarez y Charles Oliveira ya es oficial\"\/><\/a><a class=\"elementos-rel-t2\" href=\"https:\/\/www.estadiodeportivo.com\/ufc\/confirman-del-salto-ilia-topuria-boxeo-20250928-514076.html\" title=\"Confirman lo del salto de Ilia Topuria al boxeo\" rel=\"nofollow noopener\" target=\"_blank\">Confirman lo del salto de Ilia Topuria al boxeo<img decoding=\"async\" src=\"https:\/\/www.europesays.com\/es\/wp-content\/uploads\/2025\/09\/f6745623-2729-4c49-8bdc-f3224c24e591_320x180.jpeg\" alt=\"Confirman lo del salto de Ilia Topuria al boxeo\"\/><\/a><\/p>\n<p class=\"parrafo\"><strong>El estreno de Zafa Boxing lleg\u00f3 con la promoci\u00f3n del combate entre Canelo y Crawford<\/strong>; es decir, apuntan a lo m\u00e1s alto, tal y como explica el propio White tras cerrar el acuerdo con Paramount. \u00ab<strong>Ser\u00e1 el hogar de los aficionados a la UFC y al boxeo<\/strong> para ver las mejores peleas de los deportes de combate\u00bb, sentencia.<\/p>\n<p class=\"parrafo\">Aunque hay queda mucho camino por delante, <strong>White no tiene miedo a desvelar que solo reconocer\u00e1 los cinturones de Zuffa y The Ring<\/strong> en la nueva competici\u00f3n; es decir, no reconocer\u00e1 los cinturones de los organismos reguladores: <strong>IBF, WBA, WBC y WBO<\/strong>.<\/p>\n<p class=\"parrafo\">Dana White, claro y conciso: \u00ab<strong>Habr\u00e1 un cintur\u00f3n de Zuffa y un cintur\u00f3n The Ring<\/strong>. Y s\u00ed, no reconocer\u00e9 a ning\u00fan otro organismo regulador. Me baso en el modelo de la UFC. <strong>Oigo a mucha gente decir: &#8216;Nunca funcionar\u00e1&#8217;. Bueno, lo sabremos en los pr\u00f3ximos a\u00f1os<\/strong>\u00ab. <\/p>\n<p class=\"parrafo\">Lo cierto es que <strong>se atisba una lucha interesante y con final indescifrable<\/strong>. Borrar a los organismos de toda la vida a partir de combates con prospectos es todo un reto; y m\u00e1s raro suena que el cintur\u00f3n de The Ring vaya a parar a manos de uno de ellos. Lo que es ya un hecho es que <strong>tanto Topuria como la propia UFC quieren hincarle el diente al boxeo<\/strong>.<\/p>\n<p>Dana White habla de la Ley Muhammad Ali<\/p>\n<p class=\"parrafo\">Intentando hacer del respeto la base de esta nueva era, <strong>White recalca que su llegada al boxeo es para mejorar lo existente en cuanto a las reglas y derechos de los p\u00fagiles, y no para socavarlas<\/strong>.<\/p>\n<p class=\"parrafo\">\u00abSeamos claros: <strong>no habr\u00e1 ning\u00fan cambio en la Ley Muhammad Ali<\/strong>. No se cambiar\u00e1 ni una sola palabra de la Ley Muhammad Ali. <strong>Vamos a a\u00f1adirle mejoras<\/strong>. As\u00ed que, los boxeadores que quieran pelear bajo la Ley Muhammad Ali tal como est\u00e1, tendr\u00e1n la oportunidad de hacerlo. O pueden apostar por m\u00ed y pelear conmigo bajo nuestra versi\u00f3n de la Ley Muhammad Ali. As\u00ed que <strong>esto se ha exagerado mucho, y lo entiendo, y sab\u00eda que la gente se iba a poner hist\u00e9rica<\/strong>, porque eso es lo que hace la gente\u00bb, sentencia.<\/p>\n","protected":false},"excerpt":{"rendered":"Dana White no tiene intenci\u00f3n de echar el freno y menos ahora que se ha asociado con Turki&hellip;\n","protected":false},"author":2,"featured_media":152861,"comment_status":"","ping_status":"","sticky":false,"template":"","format":"standard","meta":{"footnotes":""},"categories":[276],"tags":[353,168,25,24,284,1523,744,23,167,343],"class_list":{"0":"post-152860","1":"post","2":"type-post","3":"status-publish","4":"format-standard","5":"has-post-thumbnail","7":"category-ufc","8":"tag-dana-white","9":"tag-deportes","10":"tag-es","11":"tag-espana","12":"tag-estadio-deportivo","13":"tag-ilia-topuria","14":"tag-polideportivo","15":"tag-spain","16":"tag-sports","17":"tag-ufc"},"share_on_mastodon":{"url":"","error":""},"_links":{"self":[{"href":"https:\/\/www.europesays.com\/es\/wp-json\/wp\/v2\/posts\/152860","targetHints":{"allow":["GET"]}}],"collection":[{"href":"https:\/\/www.europesays.com\/es\/wp-json\/wp\/v2\/posts"}],"about":[{"href":"https:\/\/www.europesays.com\/es\/wp-json\/wp\/v2\/types\/post"}],"author":[{"embeddable":true,"href":"https:\/\/www.europesays.com\/es\/wp-json\/wp\/v2\/users\/2"}],"replies":[{"embeddable":true,"href":"https:\/\/www.europesays.com\/es\/wp-json\/wp\/v2\/comments?post=152860"}],"version-history":[{"count":0,"href":"https:\/\/www.europesays.com\/es\/wp-json\/wp\/v2\/posts\/152860\/revisions"}],"wp:featuredmedia":[{"embeddable":true,"href":"https:\/\/www.europesays.com\/es\/wp-json\/wp\/v2\/media\/152861"}],"wp:attachment":[{"href":"https:\/\/www.europesays.com\/es\/wp-json\/wp\/v2\/media?parent=152860"}],"wp:term":[{"taxonomy":"category","embeddable":true,"href":"https:\/\/www.europesays.com\/es\/wp-json\/wp\/v2\/categories?post=152860"},{"taxonomy":"post_tag","embeddable":true,"href":"https:\/\/www.europesays.com\/es\/wp-json\/wp\/v2\/tags?post=152860"}],"curies":[{"name":"wp","href":"https:\/\/api.w.org\/{rel}","templated":true}]}}