{"id":152868,"date":"2025-10-02T14:10:08","date_gmt":"2025-10-02T14:10:08","guid":{"rendered":"https:\/\/www.europesays.com\/es\/152868\/"},"modified":"2025-10-02T14:10:08","modified_gmt":"2025-10-02T14:10:08","slug":"somos-el-betis-y-no-pasa-nada-por-decir-que-ganar-es-una-obligacion","status":"publish","type":"post","link":"https:\/\/www.europesays.com\/es\/152868\/","title":{"rendered":"\u00abSomos el Betis y no pasa nada por decir que ganar es una obligaci\u00f3n\u00bb"},"content":{"rendered":"<p>02\/10\/2025<br \/>\n<br \/><strong><br \/>\nActualizado a las 12:41h.<br \/>\n<\/strong><\/p>\n<p class=\"voc-p\" style=\"\"><strong>Manu Fajardo<\/strong>, director deportivo del <strong>Real Betis<\/strong>, atend\u00eda a los micr\u00f3fonos de Radio Betis en las horas previas a la disputa del encuentro ante el Ludogorets en Razgrad (Bulgaria). El responsable del \u00e1rea deportiva se\u00f1alaba que \u00aben estas competiciones europeas, por supuesto que  &#8230; no hay enemigo f\u00e1cil <strong>ni hay que menospreciar al rival<\/strong>. Para ellos poderse enfrentar a un Betis es algo que les motiva al cien por cien y tambi\u00e9n dentro en la plantilla del Ludogorets hay jugadores interesantes, sobre todo de tres cuartos para adelante que en cualquier descuido, cualquier transici\u00f3n o alguna mala vigilancia, te lo pueden poner muy dif\u00edcil. De aqu\u00ed recientemente han salido muy buenos jugadores a ligas competitivas y Ludogorets todos los a\u00f1os se suele reforzar bien en este tipo de mercados\u00ab.<\/p>\n<p class=\"voc-p\" style=\"\">Sobre si el Betis ha de vencer en Bulgaria para llegar lo m\u00e1s lejos posible en la Europa League y por su potencial, Fajardo se\u00f1ala que \u00ab<strong>no pasa nada por decir que es obligaci\u00f3n porque somos el Betis<\/strong> y porque somos mejor que el rival en todos los aspectos a nivel de presupuesto, jerarqu\u00eda y todo. Pero no nada vale si no salimos desde el minuto uno mejor que ellos y sales con convicci\u00f3n a por el partido, pero es bueno para la entidad y para los chicos que se acostumbren a ganar, ganar y ganar porque eso es lo que te permite seguir creciendo y optar a quedar lo m\u00e1s arriba posible en todas las competiciones\u00ab.<\/p>\n<p class=\"voc-p\" style=\"\">Acerca de la plantilla elaborada por la direcci\u00f3n deportiva para esta temporada, Fajardo considera que \u00abel grupo que se ha formado dando continuidad a lo del a\u00f1o pasado <strong>es espl\u00e9ndido y m\u00e1gico<\/strong>. El compromiso e ilusi\u00f3n que denotan todos ellos es motivo de satisfacci\u00f3n para los que estamos al frente de la toma de decisiones\u00ab.<\/p>\n<p class=\"voc-p\" style=\"\">\u00ab<strong>La plantilla actual est\u00e1 muy compensada y equilibrada<\/strong>. Frente a Osasuna jugamos sin Isco, Gio (Lo Celso) o Deossa y fuimos superiores en todo momento al rival. Independientemente del once que decida Manuel Pellegrini que salte tenemos plantilla para plantarle cara a cualquier oponente\u00ab, sentenciaba desde Bulgaria.<\/p>\n<p>\nArt\u00edculo solo para suscriptores\n<\/p>\n<p>Reportar un error<\/p>\n","protected":false},"excerpt":{"rendered":"02\/10\/2025 Actualizado a las 12:41h. Manu Fajardo, director deportivo del Real Betis, atend\u00eda a los micr\u00f3fonos de Radio&hellip;\n","protected":false},"author":2,"featured_media":152869,"comment_status":"","ping_status":"","sticky":false,"template":"","format":"standard","meta":{"footnotes":""},"categories":[268],"tags":[291,29448,168,25,24,19463,280,282,2000,20882,3954,281,23,167],"class_list":{"0":"post-152868","1":"post","2":"type-post","3":"status-publish","4":"format-standard","5":"has-post-thumbnail","7":"category-futbol","8":"tag-betis","9":"tag-decir","10":"tag-deportes","11":"tag-es","12":"tag-espana","13":"tag-fajardo","14":"tag-football","15":"tag-futbol","16":"tag-ganar","17":"tag-obligacion","18":"tag-pasa","19":"tag-soccer","20":"tag-spain","21":"tag-sports"},"share_on_mastodon":{"url":"","error":""},"_links":{"self":[{"href":"https:\/\/www.europesays.com\/es\/wp-json\/wp\/v2\/posts\/152868","targetHints":{"allow":["GET"]}}],"collection":[{"href":"https:\/\/www.europesays.com\/es\/wp-json\/wp\/v2\/posts"}],"about":[{"href":"https:\/\/www.europesays.com\/es\/wp-json\/wp\/v2\/types\/post"}],"author":[{"embeddable":true,"href":"https:\/\/www.europesays.com\/es\/wp-json\/wp\/v2\/users\/2"}],"replies":[{"embeddable":true,"href":"https:\/\/www.europesays.com\/es\/wp-json\/wp\/v2\/comments?post=152868"}],"version-history":[{"count":0,"href":"https:\/\/www.europesays.com\/es\/wp-json\/wp\/v2\/posts\/152868\/revisions"}],"wp:featuredmedia":[{"embeddable":true,"href":"https:\/\/www.europesays.com\/es\/wp-json\/wp\/v2\/media\/152869"}],"wp:attachment":[{"href":"https:\/\/www.europesays.com\/es\/wp-json\/wp\/v2\/media?parent=152868"}],"wp:term":[{"taxonomy":"category","embeddable":true,"href":"https:\/\/www.europesays.com\/es\/wp-json\/wp\/v2\/categories?post=152868"},{"taxonomy":"post_tag","embeddable":true,"href":"https:\/\/www.europesays.com\/es\/wp-json\/wp\/v2\/tags?post=152868"}],"curies":[{"name":"wp","href":"https:\/\/api.w.org\/{rel}","templated":true}]}}