{"id":152870,"date":"2025-10-02T14:11:08","date_gmt":"2025-10-02T14:11:08","guid":{"rendered":"https:\/\/www.europesays.com\/es\/152870\/"},"modified":"2025-10-02T14:11:08","modified_gmt":"2025-10-02T14:11:08","slug":"el-actor-que-murio-con-una-sola-pelicula-en-cartel-y-aun-asi-se-convirtio-en-leyenda-cine-y-tv","status":"publish","type":"post","link":"https:\/\/www.europesays.com\/es\/152870\/","title":{"rendered":"El actor que muri\u00f3 con una sola pel\u00edcula en cartel y aun as\u00ed se convirti\u00f3 en leyenda | Cine y TV"},"content":{"rendered":"<p>Hace 70 a\u00f1os falleci\u00f3 una de las grandes leyendas del cine cl\u00e1sico. En el oto\u00f1o de 1955, cientos de personas hac\u00edan cola en la calle Ventura de Hollywood. Un empresario hab\u00eda comprado los restos de un coche destrozado y por 50 centavos permiti\u00f3 al personal tocar el volante de ese auto en el que hab\u00eda muerto un \u00eddolo. El fallecido era un actor de 24 a\u00f1os que solo hab\u00eda hecho tres pel\u00edculas, dos de las cuales ni siquiera se hab\u00edan estrenado. <\/p>\n<p>M\u00e1s informaci\u00f3n<\/p>\n<p>No era una estrella, tan solo una promesa de Hollywood que los productores ve\u00edan como un nuevo rebelde de tup\u00e9 rubio y mirada inquietante. Fuel el 30 de septiembre de ese a\u00f1o cuando la vida de James Dean se trunc\u00f3. El joven actor de Indiana se compr\u00f3 un Porsche 550 Spyder al que apod\u00f3 El peque\u00f1o bastardo. Lo conduc\u00eda por la carrera cuando un Ford colision\u00f3 contra su veh\u00edculo al venir en direcci\u00f3n contraria. Se produjo una fractura en el cuello a causa del choque, lo que le provoc\u00f3 la muerte. <\/p>\n<p>Pero el actor siempre tuvo una sombra negra sobre \u00e9l que lo acompa\u00f1aba. Su madre falleci\u00f3 cuando ten\u00eda tan solo 9 a\u00f1os y su padre, incapaz de cuidar de \u00e9l, lo mand\u00f3 a vivir con sus t\u00edos. Crecer sin una familia propia fue algo que le marc\u00f3 el resto de su vida. Con 18 a\u00f1os lleg\u00f3 a Nueva York para estudiar interpretaci\u00f3n, siendo un anuncio de Pepsi uno de sus primeros trabajos para la televisi\u00f3n. <\/p>\n<p>El c\u00f3digo iframe se ha copiado en el portapapeles<\/p>\n<p class=\"tit\">James Dean, \u2018El \u00faltimo mohicano\u2019 y \u2018La comunidad\u2019<\/p>\n<p>00:00:0058:16<\/p>\n<p>FacebookTwitterLinkedinWhatsAppCerrar<\/p>\n<p>Empez\u00f3 a hacer algunos papeles en dram\u00e1ticos de televisi\u00f3n, destacando por una forma de actuar que resultaba muy novedosa. En lugar de memorizar el guion al pie de la letra, buscaba las palabras en su cabeza para ser m\u00e1s natural. <\/p>\n<p>Elia Kazan le ofreci\u00f3 el papel protagonista de Cal Trask en Al este del Ed\u00e9n, tras quedar prendado por su actitud insolente y desvalida. James Dean interpretaba en ella a un joven atormentado por las preferencias que su padre siempre mostraba hacia su hermano. Esta cinta fue la \u00fanica que se estren\u00f3 antes de su muerte, lo que lo lanz\u00f3 a la fama, convirti\u00e9ndole en una de las j\u00f3venes estrellas de Hollwyood. <\/p>\n","protected":false},"excerpt":{"rendered":"Hace 70 a\u00f1os falleci\u00f3 una de las grandes leyendas del cine cl\u00e1sico. En el oto\u00f1o de 1955, cientos&hellip;\n","protected":false},"author":2,"featured_media":152871,"comment_status":"","ping_status":"","sticky":false,"template":"","format":"standard","meta":{"footnotes":""},"categories":[174],"tags":[17263,17264,255,17265,46119,19798,46120,46121,146,147,25,24,256,46122,46123,17273,17278,46124,46125,46126,23,46127,46128,46129,46130,17281],"class_list":{"0":"post-152870","1":"post","2":"type-post","3":"status-publish","4":"format-standard","5":"has-post-thumbnail","7":"category-famosos","8":"tag-americancb2","9":"tag-caucasian-ethnicitycb2","10":"tag-celebrities","11":"tag-celebritiescb2","12":"tag-confidencecb1","13":"tag-convertiblecb2","14":"tag-coolcb2","15":"tag-drivercb2","16":"tag-entertainment","17":"tag-entretenimiento","18":"tag-es","19":"tag-espana","20":"tag-famosos","21":"tag-individualitycb2","22":"tag-james-deancb3","23":"tag-mid-adult-mancb2","24":"tag-performing-artscb2","25":"tag-porsche-550-spydercb3","26":"tag-porsche-spydercb1","27":"tag-rebellioncb2","28":"tag-spain","29":"tag-thumbs-upcb2","30":"tag-transportationcb2","31":"tag-two-peoplecb1","32":"tag-vine-streetcb1","33":"tag-young-adult-mancb2"},"share_on_mastodon":{"url":"","error":""},"_links":{"self":[{"href":"https:\/\/www.europesays.com\/es\/wp-json\/wp\/v2\/posts\/152870","targetHints":{"allow":["GET"]}}],"collection":[{"href":"https:\/\/www.europesays.com\/es\/wp-json\/wp\/v2\/posts"}],"about":[{"href":"https:\/\/www.europesays.com\/es\/wp-json\/wp\/v2\/types\/post"}],"author":[{"embeddable":true,"href":"https:\/\/www.europesays.com\/es\/wp-json\/wp\/v2\/users\/2"}],"replies":[{"embeddable":true,"href":"https:\/\/www.europesays.com\/es\/wp-json\/wp\/v2\/comments?post=152870"}],"version-history":[{"count":0,"href":"https:\/\/www.europesays.com\/es\/wp-json\/wp\/v2\/posts\/152870\/revisions"}],"wp:featuredmedia":[{"embeddable":true,"href":"https:\/\/www.europesays.com\/es\/wp-json\/wp\/v2\/media\/152871"}],"wp:attachment":[{"href":"https:\/\/www.europesays.com\/es\/wp-json\/wp\/v2\/media?parent=152870"}],"wp:term":[{"taxonomy":"category","embeddable":true,"href":"https:\/\/www.europesays.com\/es\/wp-json\/wp\/v2\/categories?post=152870"},{"taxonomy":"post_tag","embeddable":true,"href":"https:\/\/www.europesays.com\/es\/wp-json\/wp\/v2\/tags?post=152870"}],"curies":[{"name":"wp","href":"https:\/\/api.w.org\/{rel}","templated":true}]}}