{"id":152872,"date":"2025-10-02T14:12:08","date_gmt":"2025-10-02T14:12:08","guid":{"rendered":"https:\/\/www.europesays.com\/es\/152872\/"},"modified":"2025-10-02T14:12:08","modified_gmt":"2025-10-02T14:12:08","slug":"valencia-estrena-una-muestra-inedita-de-59-obras-maestras","status":"publish","type":"post","link":"https:\/\/www.europesays.com\/es\/152872\/","title":{"rendered":"Valencia estrena una muestra in\u00e9dita de 59 &#8216;obras maestras&#8217;"},"content":{"rendered":"<p style=\"\">A partir de ma\u00f1ana, <a href=\"https:\/\/www.abc.es\/noticias\/valencia-ciudad\/\" target=\"_blank\" data-voc-vtm-id=\"in-text-traffic\" title=\"Valencia\" data-mrf-link=\"www.abc.es\" rel=\"nofollow noopener\">Valencia<\/a> se convierte en el epicentro de la luz y el color de <strong>Joaqu\u00edn Sorolla<\/strong> con una exposici\u00f3n conformada por 59 obras que acoger\u00e1 la Fundaci\u00f3n Bancaja hasta el mes de febrero. Llegada directamente desde  Madrid, la muestra &#8216;Sorolla.  &#8230; Obras Maestras del Museo Sorolla&#8217;, propone un recorrido  por las diversas t\u00e9cnicas que el artista valenciano domin\u00f3, as\u00ed como por las diferentes etapas de su vida, desde sus primeros pasos como joven pintor hasta las obras m\u00e1s \u00edntimas de sus \u00faltimos a\u00f1os. <\/p>\n<p class=\"voc-p\" style=\"\">Se trata de la primera vez que estos lienzos, que viajan como embajadores mientras el museo de la capital permanece cerrado para su rehabilitaci\u00f3n, se exponen de forma conjunta en la ciudad natal del pintor. Adem\u00e1s, la exposici\u00f3n cuenta con un hilo narrativo que permite <strong>descubrir la evoluci\u00f3n y la historia del artista<\/strong> que convirti\u00f3 la luz mediterr\u00e1nea en patrimonio universal. <\/p>\n<p class=\"voc-p\" style=\"\">As\u00ed lo han presentado este jueves el director del Museo Sorolla y comisario de la muestra,<strong> Enrique Varela,<\/strong> y el presidente de la Fundaci\u00f3n Bancaja, <strong>Rafael Alc\u00f3n<\/strong>, quienes han hecho un peque\u00f1o recorrido por la vida y obra del pintor.<\/p>\n<p class=\"voc-p\" style=\"\">Por su parte, Rafael Alc\u00f3n ha subrayado que esta exposici\u00f3n re\u00fane obras \u00abin\u00e9ditas que nunca antes se hab\u00edan mostrado en la sede\u00bb, lo que convierte la muestra en un acontecimiento \u00abins\u00f3lito y de gran satisfacci\u00f3n\u00bb para la ciudad natal del pintor. Tambi\u00e9n ha recordado que todo ello ha sido posible gracias al cierre temporal de la Casa-Museo Sorolla, circunstancia que ha permitido trasladar a Valencia una selecci\u00f3n \u00fanica. En esta l\u00ednea, Alc\u00f3n ha destacado que Sorolla sigue siendo \u00abuno de los <strong>grandes referentes de la pintura y de los valencianos<\/strong>\u00bb. <\/p>\n<p class=\"voc-p\" style=\"\">Por otro lado, Enrique Varela  ha resaltado que \u00abbasta con recorrer tranquilamente las salas para percibir la magnitud de la exposici\u00f3n\u00bb, ya que \u00abnada m\u00e1s entrar, la imponente obra &#8216;<strong>El ba\u00f1o del caballo<\/strong>&#8216; act\u00faa como una declaraci\u00f3n de la calidad que encierran las 59 obras seleccionadas\u00bb. <\/p>\n<p class=\"voc-p\" style=\"\">El comisario de la muestra tambi\u00e9n ha reconocido que la elecci\u00f3n ha sido un \u00abproceso complejo\u00bb y, en ocasiones, \u00abdoloroso al tener que dejar piezas en Madrid\u00bb, pero su vez ha subrayado que la selecci\u00f3n presentada en Valencia constituye \u00abun aut\u00e9ntico privilegio para la ciudad natal del pintor\u00bb. Adem\u00e1s, ha destacado que la exposici\u00f3n mantiene un hilo conductor tanto tem\u00e1tico como cronol\u00f3gico, lo que permite adentrarse en la trayectoria de Sorolla con una visi\u00f3n completa y coherente.<\/p>\n<p class=\"voc-p\" style=\"\">La exposici\u00f3n, producida por la Fundaci\u00f3n Bancaja, el Ministerio de Cultura, el Museo Sorolla y la Fundaci\u00f3n Museo Sorolla; cuenta con algunas de las creaciones del pintor m\u00e1s destacadas como &#8216;Paseo a la orilla del mar&#8217;, &#8216;El ba\u00f1o del caballo&#8217; o &#8216;La siesta&#8217;, entre otras.<\/p>\n<p class=\"voc-p\" style=\"\">Asimismo, los lienzos para la muestra han sido meticulosamente escogidos entre las cerca de <strong>1.400 obras<\/strong> que componen la colecci\u00f3n de pintura del Museo Sorolla. Se trata de las obras de las que no se desprendieron ni Sorolla ni su mujer, Clotilde, y son los lienzos del Museo Sorolla, creado en 1931 por voluntad de la esposa del pintor. <\/p>\n<p>\nSecciones, visitas y fechas de la exposici\u00f3n\n<\/p>\n<p class=\"voc-p\" style=\"\">Comisariada por el director del Museo Sorolla, Enrique Varela, la exposici\u00f3n se articula en diferentes secciones que abordan sus primeros a\u00f1os de formaci\u00f3n en Valencia e Italia, en los que el joven Sorolla empieza a demostrar su destreza como artista; la afirmaci\u00f3n de su personalidad art\u00edstica en Madrid con la obtenci\u00f3n de reconocimientos nacionales e internacionales; el g\u00e9nero del retrato con lienzos de \u00e1mbito familiar; la iconograf\u00eda del mar tan relevante en su producci\u00f3n art\u00edstica con obras emblem\u00e1ticas que conserv\u00f3 en su poder; su intimista pintura de jardines; su cr\u00f3nica pl\u00e1stica de la Espa\u00f1a de su tiempo con tipos y paisajes de la \u00e9poca; y su estancia en la Cala de San Vicente (Pollen\u00e7a, Mallorca) en 1919, en el que fue su \u00faltimo viaje para pintar el Mediterr\u00e1neo antes de su muerte.<\/p>\n<p class=\"voc-p\" style=\"\">Con motivo de la muestra se ha editado un cat\u00e1logo con la reproducci\u00f3n de las obras que forman parte de la exposici\u00f3n, junto con textos del comisario. Dentro de su programa de mediaci\u00f3n cultural y art\u00edstica, la Fundaci\u00f3n Bancaja ofrece visitas comentadas para p\u00fablico general y grupos, y tambi\u00e9n talleres did\u00e1cticos para escolares, personas con discapacidad, grupos en riesgo de exclusi\u00f3n y personas mayores.<\/p>\n<p class=\"voc-p\" style=\"\">La exposici\u00f3n puede visitarse en la sede de la Fundaci\u00f3n Bancaja en Valencia (Plaza Tetu\u00e1n, 23) del 3 de octubre de 2025 al 8 de febrero de 2026.<\/p>\n","protected":false},"excerpt":{"rendered":"A partir de ma\u00f1ana, Valencia se convierte en el epicentro de la luz y el color de Joaqu\u00edn&hellip;\n","protected":false},"author":2,"featured_media":152873,"comment_status":"","ping_status":"","sticky":false,"template":"","format":"standard","meta":{"footnotes":""},"categories":[173],"tags":[229,233,231,230,232,234,146,147,25,24,1719,14464,1875,38506,1156,474,471,23,235,12856],"class_list":{"0":"post-152872","1":"post","2":"type-post","3":"status-publish","4":"format-standard","5":"has-post-thumbnail","7":"category-arte-y-diseno","8":"tag-arte","9":"tag-arte-y-diseno","10":"tag-arts","11":"tag-arts-and-design","12":"tag-design","13":"tag-diseno","14":"tag-entertainment","15":"tag-entretenimiento","16":"tag-es","17":"tag-espana","18":"tag-estrena","19":"tag-inedita","20":"tag-luz","21":"tag-maestras","22":"tag-muestra","23":"tag-obras","24":"tag-sorolla","25":"tag-spain","26":"tag-valencia","27":"tag-viaje"},"share_on_mastodon":{"url":"","error":""},"_links":{"self":[{"href":"https:\/\/www.europesays.com\/es\/wp-json\/wp\/v2\/posts\/152872","targetHints":{"allow":["GET"]}}],"collection":[{"href":"https:\/\/www.europesays.com\/es\/wp-json\/wp\/v2\/posts"}],"about":[{"href":"https:\/\/www.europesays.com\/es\/wp-json\/wp\/v2\/types\/post"}],"author":[{"embeddable":true,"href":"https:\/\/www.europesays.com\/es\/wp-json\/wp\/v2\/users\/2"}],"replies":[{"embeddable":true,"href":"https:\/\/www.europesays.com\/es\/wp-json\/wp\/v2\/comments?post=152872"}],"version-history":[{"count":0,"href":"https:\/\/www.europesays.com\/es\/wp-json\/wp\/v2\/posts\/152872\/revisions"}],"wp:featuredmedia":[{"embeddable":true,"href":"https:\/\/www.europesays.com\/es\/wp-json\/wp\/v2\/media\/152873"}],"wp:attachment":[{"href":"https:\/\/www.europesays.com\/es\/wp-json\/wp\/v2\/media?parent=152872"}],"wp:term":[{"taxonomy":"category","embeddable":true,"href":"https:\/\/www.europesays.com\/es\/wp-json\/wp\/v2\/categories?post=152872"},{"taxonomy":"post_tag","embeddable":true,"href":"https:\/\/www.europesays.com\/es\/wp-json\/wp\/v2\/tags?post=152872"}],"curies":[{"name":"wp","href":"https:\/\/api.w.org\/{rel}","templated":true}]}}