{"id":152878,"date":"2025-10-02T14:15:10","date_gmt":"2025-10-02T14:15:10","guid":{"rendered":"https:\/\/www.europesays.com\/es\/152878\/"},"modified":"2025-10-02T14:15:10","modified_gmt":"2025-10-02T14:15:10","slug":"nirvana-vuelve-a-ganar-demanda-por-pornografia-infantil-sobre-la-portada-de-nevermind","status":"publish","type":"post","link":"https:\/\/www.europesays.com\/es\/152878\/","title":{"rendered":"Nirvana vuelve a ganar demanda por pornograf\u00eda infantil sobre la portada de \u00abNevermind\u00bb"},"content":{"rendered":"<p>      Reuters<br \/>\n        \u00a0\u2014\u00a0<\/p>\n<p class=\"paragraph inline-placeholder vossi-paragraph\" data-uri=\"es.cms.cnn.com\/_components\/paragraph\/instances\/cmg9bb5hj001k2cp8f2c5d8zv@published\" data-editable=\"text\" data-component-name=\"paragraph\" data-article-gutter=\"true\">\n            Un juez federal desestim\u00f3 nuevamente una <a href=\"https:\/\/cnnespanol.cnn.com\/2023\/12\/22\/reviven-demanda-bebe-portada-disco-nevermind-nirvana-trax\" rel=\"nofollow noopener\" target=\"_blank\">demanda presentada<\/a> por un hombre que acus\u00f3 a la banda de grunge <a href=\"https:\/\/cnnespanol.cnn.com\/gallery\/kurt-cobain-nirvana-carrera-fotos\" rel=\"nofollow noopener\" target=\"_blank\">Nirvana<\/a> de distribuir pornograf\u00eda infantil al usar una fotograf\u00eda suya como un beb\u00e9 desnudo nadando en la portada de su exitoso \u00e1lbum de 1991, \u201cNevermind\u201d.\n    <\/p>\n<p class=\"paragraph inline-placeholder vossi-paragraph\" data-uri=\"es.cms.cnn.com\/_components\/paragraph\/instances\/cmg9bb9ds0000356nzk4slpx0@published\" data-editable=\"text\" data-component-name=\"paragraph\" data-article-gutter=\"true\">\n            El juez de distrito Fernando Olguin rechaz\u00f3 por segunda vez la demanda presentada por el demandante Spencer Elden, al considerar que ning\u00fan jurado razonable considerar\u00eda la imagen como pornogr\u00e1fica.\n    <\/p>\n<p class=\"paragraph inline-placeholder vossi-paragraph\" data-uri=\"es.cms.cnn.com\/_components\/paragraph\/instances\/cmg9bgh070009356n4rfwon8j@published\" data-editable=\"text\" data-component-name=\"paragraph\" data-article-gutter=\"true\">\n            \u201cAparte del hecho de que el demandante estaba desnudo en la portada del \u00e1lbum\u201d, nada \u201cse acerca a incluir la imagen dentro del \u00e1mbito de la ley sobre pornograf\u00eda infantil\u201d, dijo Olguin.\n    <\/p>\n<p>       <img decoding=\"async\" src=\"https:\/\/www.europesays.com\/es\/wp-content\/uploads\/2025\/10\/nirvana-nevermind-album-cover.jpg\" alt=\"Una versi\u00f3n recortada de la portada del \u00e1lbum \" nevermind=\"\" de=\"\" nirvana.=\"\" class=\"image__dam-img image__dam-img--loading\" onload=\"this.classList.remove('image__dam-img--loading')\" onerror=\"imageLoadError(this)\" height=\"484\" width=\"860\" loading=\"lazy\"\/><\/p>\n<p class=\"paragraph inline-placeholder vossi-paragraph\" data-uri=\"es.cms.cnn.com\/_components\/paragraph\/instances\/cmg9bf68q0007356n56uschuz@published\" data-editable=\"text\" data-component-name=\"paragraph\" data-article-gutter=\"true\">\n            Los abogados de Elden no respondieron de inmediato a una solicitud de comentarios el mi\u00e9rcoles.\n    <\/p>\n<p class=\"paragraph inline-placeholder vossi-paragraph\" data-uri=\"es.cms.cnn.com\/_components\/paragraph\/instances\/cmg9bi6bl000g356nhkekxzng@published\" data-editable=\"text\" data-component-name=\"paragraph\" data-article-gutter=\"true\">\n            El abogado de Nirvana, Bert Deixler, dijo que estaban \u201cencantados de que el tribunal haya puesto fin a este caso sin fundamento y haya liberado a nuestros clientes creativos del estigma de acusaciones falsas\u201d.\n    <\/p>\n<p class=\"paragraph inline-placeholder vossi-paragraph\" data-uri=\"es.cms.cnn.com\/_components\/paragraph\/instances\/cmg9bi9uz000i356nczzn1m7m@published\" data-editable=\"text\" data-component-name=\"paragraph\" data-article-gutter=\"true\">\n            Entre los acusados se encontraban los miembros sobrevivientes de Nirvana, Dave Grohl y Krist Novoselic, la viuda del fallecido cantante <a href=\"https:\/\/cnnespanol.cnn.com\/gallery\/kurt-cobain-nirvana-carrera-fotos\" rel=\"nofollow noopener\" target=\"_blank\">Kurt Cobain<\/a>, Courtney Love, y el fot\u00f3grafo Kirk Weddle.\n    <\/p>\n<p class=\"paragraph inline-placeholder vossi-paragraph\" data-uri=\"es.cms.cnn.com\/_components\/paragraph\/instances\/cmg9bicjf000k356nmz72vgxc@published\" data-editable=\"text\" data-component-name=\"paragraph\" data-article-gutter=\"true\">\n            La demanda surgi\u00f3 por el uso, por parte de Nirvana, de una foto tomada por Weddle en el Pasadena Aquatic Center en California, que mostraba a Elden nadando desnudo hacia un billete de un d\u00f3lar en un anzuelo.\n    <\/p>\n<p class=\"paragraph inline-placeholder vossi-paragraph\" data-uri=\"es.cms.cnn.com\/_components\/paragraph\/instances\/cmg9bifj4000m356n2hszktzr@published\" data-editable=\"text\" data-component-name=\"paragraph\" data-article-gutter=\"true\">\n            Elden, que ahora tiene 34 a\u00f1os, demand\u00f3 por primera vez a la banda y a su discogr\u00e1fica Universal Music Group UMG.AS en 2021, acus\u00e1ndolos de explotarlo sexualmente a trav\u00e9s de su imagen en la portada y de causarle un da\u00f1o personal continuo.\n    <\/p>\n<p>       <img decoding=\"async\" src=\"https:\/\/www.europesays.com\/es\/wp-content\/uploads\/2025\/10\/nirvana-banda.jpg\" alt=\"Los miembros de la banda Nirvana: Dave Grohl (izquierda), Kurt Cobain (centro) y Krist Novoselic (derecha) fotografiados en 1991.\" class=\"image__dam-img image__dam-img--loading\" onload=\"this.classList.remove('image__dam-img--loading')\" onerror=\"imageLoadError(this)\" height=\"859\" width=\"1300\" loading=\"lazy\"\/><\/p>\n<p class=\"paragraph inline-placeholder vossi-paragraph\" data-uri=\"es.cms.cnn.com\/_components\/paragraph\/instances\/cmg9bgpea000e356nn7otanfx@published\" data-editable=\"text\" data-component-name=\"paragraph\" data-article-gutter=\"true\">\n            Olguin desestim\u00f3 el caso en 2022 tras determinar que las reclamaciones de Elden estaban prescritas, sin abordar el fondo de sus alegaciones. El Noveno Circuito revoc\u00f3 esa decisi\u00f3n en 2023.\n    <\/p>\n<p class=\"paragraph inline-placeholder vossi-paragraph\" data-uri=\"es.cms.cnn.com\/_components\/paragraph\/instances\/cmg9bjcbl000r356n0eax4vjs@published\" data-editable=\"text\" data-component-name=\"paragraph\" data-article-gutter=\"true\">\n            El martes, Olguin determin\u00f3 que la imagen no pod\u00eda considerarse pornograf\u00eda infantil, compar\u00e1ndola en cambio con \u201cuna foto familiar de un ni\u00f1o desnudo ba\u00f1\u00e1ndose\u201d.\n    <\/p>\n","protected":false},"excerpt":{"rendered":"Reuters \u00a0\u2014\u00a0 Un juez federal desestim\u00f3 nuevamente una demanda presentada por un hombre que acus\u00f3 a la banda&hellip;\n","protected":false},"author":2,"featured_media":152879,"comment_status":"","ping_status":"","sticky":false,"template":"","format":"standard","meta":{"footnotes":""},"categories":[170],"tags":[6386,146,147,25,24,184,185,7633,513,12453,23],"class_list":{"0":"post-152878","1":"post","2":"type-post","3":"status-publish","4":"format-standard","5":"has-post-thumbnail","7":"category-musica","8":"tag-demanda","9":"tag-entertainment","10":"tag-entretenimiento","11":"tag-es","12":"tag-espana","13":"tag-music","14":"tag-musica","15":"tag-nevermind","16":"tag-nirvana","17":"tag-pornografia","18":"tag-spain"},"share_on_mastodon":{"url":"","error":""},"_links":{"self":[{"href":"https:\/\/www.europesays.com\/es\/wp-json\/wp\/v2\/posts\/152878","targetHints":{"allow":["GET"]}}],"collection":[{"href":"https:\/\/www.europesays.com\/es\/wp-json\/wp\/v2\/posts"}],"about":[{"href":"https:\/\/www.europesays.com\/es\/wp-json\/wp\/v2\/types\/post"}],"author":[{"embeddable":true,"href":"https:\/\/www.europesays.com\/es\/wp-json\/wp\/v2\/users\/2"}],"replies":[{"embeddable":true,"href":"https:\/\/www.europesays.com\/es\/wp-json\/wp\/v2\/comments?post=152878"}],"version-history":[{"count":0,"href":"https:\/\/www.europesays.com\/es\/wp-json\/wp\/v2\/posts\/152878\/revisions"}],"wp:featuredmedia":[{"embeddable":true,"href":"https:\/\/www.europesays.com\/es\/wp-json\/wp\/v2\/media\/152879"}],"wp:attachment":[{"href":"https:\/\/www.europesays.com\/es\/wp-json\/wp\/v2\/media?parent=152878"}],"wp:term":[{"taxonomy":"category","embeddable":true,"href":"https:\/\/www.europesays.com\/es\/wp-json\/wp\/v2\/categories?post=152878"},{"taxonomy":"post_tag","embeddable":true,"href":"https:\/\/www.europesays.com\/es\/wp-json\/wp\/v2\/tags?post=152878"}],"curies":[{"name":"wp","href":"https:\/\/api.w.org\/{rel}","templated":true}]}}