{"id":152882,"date":"2025-10-02T14:17:09","date_gmt":"2025-10-02T14:17:09","guid":{"rendered":"https:\/\/www.europesays.com\/es\/152882\/"},"modified":"2025-10-02T14:17:09","modified_gmt":"2025-10-02T14:17:09","slug":"portal-de-noticias-del-gobierno-de-canarias-159","status":"publish","type":"post","link":"https:\/\/www.europesays.com\/es\/152882\/","title":{"rendered":"Portal de Noticias del Gobierno de Canarias"},"content":{"rendered":"<blockquote>\n<p>La segunda edici\u00f3n de la Feria de la Actividad F\u00edsica y el Deporte de Canarias ofrece hasta el pr\u00f3ximo domingo en el Recinto Ferial de la capital tinerfe\u00f1a numerosas actividades para explorar el sector, aprender de especialistas y participar en diversas disciplinas deportivas<\/p>\n<p>El vicepresidente del Gobierno de Canarias, Manuel Dom\u00ednguez, destac\u00f3 que, con la segunda edici\u00f3n del evento \u201cqueda patente el compromiso decidido del Gobierno de Canarias con el sector del deporte\u201d<\/p>\n<p>El consejero de Deportes, Poli Su\u00e1rez, subray\u00f3 que esta edici\u00f3n de la feria \u201cla consolida como el mayor evento de Canarias con todos los protagonistas de la industria deportiva\u201d<\/p>\n<p>La presidenta del Cabildo de Tenerife, Rosa D\u00e1vila, resalt\u00f3 \u201cel car\u00e1cter inclusivo y transformador\u201d del deporte en la isla anfitriona<\/p>\n<\/blockquote>\n<p>\u00a0<\/p>\n<p>El vicepresidente del Gobierno de Canarias, Manuel Dom\u00ednguez, junto con el consejero de Educaci\u00f3n, Formaci\u00f3n Profesional, Actividad F\u00edsica y Deportes, Poli Su\u00e1rez, la presidenta del Cabildo de Tenerife, Rosa D\u00e1vila, y el alcalde de Santa Cruz de Tenerife, Jos\u00e9 Manuel Berm\u00fadez, inauguraron este jueves ExpoDeca 2025, la Feria de la Actividad F\u00edsica y del Deporte de Canarias, que permanecer\u00e1 abierta hasta el domingo en las instalaciones del Recinto Ferial de Tenerife.<\/p>\n<p>Un acto con una nutrida representaci\u00f3n institucional al que tambi\u00e9n asistieron, entre otros, el viceconsejero de la Actividad F\u00edsica y Deportes del Gobierno de Canarias, \u00c1ngel Sabroso; los directores generales de la Actividad F\u00edsica y el Deporte y de Deportes Aut\u00f3ctonos, Jos\u00e9 Francisco P\u00e9rez y Lorena Hern\u00e1ndez, respectivamente, as\u00ed como el vicepresidente del Cabildo de Tenerife, Lope Afonso y la consejera de Deportes de la instituci\u00f3n insular, Yolanda Molin\u00e9.<\/p>\n<p>En relaci\u00f3n con la puesta en marcha de esta segunda edici\u00f3n, Manuel Dom\u00ednguez afirm\u00f3 que \u201ccon la inauguraci\u00f3n de ExpoDeca, un a\u00f1o m\u00e1s, queda patente el compromiso del Gobierno de Canarias con el deporte y con los que, de una u otra forma, est\u00e1n involucrados en \u00e9l\u201d. A su juicio, \u201chablamos de un sector que no solo fomenta la salud y la educaci\u00f3n, sino que tambi\u00e9n impulsa la econom\u00eda, crea oportunidades de empleo, atrae turismo y fortalece la cohesi\u00f3n social en nuestras islas\u201d. Asimismo, Dom\u00ednguez recalc\u00f3 el trabajo conjunto que ha llevado a la celebraci\u00f3n de una nueva edici\u00f3n, recordando que \u201ccuando las instituciones se unen para respaldar iniciativas como esta, enviamos un mensaje claro: el deporte es presente y es futuro para Canarias\u201d.<\/p>\n<p>Por su parte, Poli Su\u00e1rez destac\u00f3 que \u201ccon esta nueva edici\u00f3n, ExpoDeca se consolida como el mayor evento deportivo de Canarias, un escaparate donde se encuentran todas las disciplinas, para todas las edades y con todos los protagonistas del sector\u201d. Subray\u00f3 que \u201caqu\u00ed convergen federaciones, clubes, deportistas, entrenadores, empresas y ciudadan\u00eda, en un espacio que refleja la enorme vitalidad del deporte canario y su gran estado de salud\u201d. En sus palabras, el titular de Deportes del Ejecutivo canario explic\u00f3 que\u00a0 \u201cdurante cuatro d\u00edas, ExpoDeca no solo mostrar\u00e1 lo mejor de nuestra deporte, sino que tambi\u00e9n demuestra que es un punto de uni\u00f3n, de aprendizaje y de orgullo para toda la sociedad de las islas\u201d.<\/p>\n<p>La presidenta del Cabildo de Tenerife, Rosa D\u00e1vila, se\u00f1al\u00f3 que \u201cExpoDeca es un espacio de encuentro, de inspiraci\u00f3n y de futuro\u201d. A\u00f1adi\u00f3 que \u201caqu\u00ed se dan la mano la tradici\u00f3n y la innovaci\u00f3n, desde los juegos y deportes vern\u00e1culos que forman parte de nuestra identidad canaria hasta las nuevas disciplinas que conectan con las generaciones j\u00f3venes y con la cultura urbana\u201d. D\u00e1vila subray\u00f3 que \u201cen Tenerife tenemos la firme convicci\u00f3n de que el deporte debe ser inclusivo, accesible y transformador\u201d. En esa l\u00ednea, afirm\u00f3 que \u201cesta feria da un lugar destacado al deporte adaptado, a la igualdad de oportunidades y a la participaci\u00f3n de todas las edades, desde los m\u00e1s peque\u00f1os hasta las personas mayores\u201d.<\/p>\n<p>El alcalde de Santa Cruz, Jos\u00e9 Manuel Berm\u00fadez, observ\u00f3 que \u201cla elecci\u00f3n de nuestro Recinto Ferial para acoger ExpoDeca confirma a la capital de la isla como motor econ\u00f3mico y referente en la organizaci\u00f3n de grandes eventos\u201d. Destac\u00f3 que la feria \u201ces el mejor escaparate para visibilizar el esfuerzo de nuestros clubes y federaciones y, al mismo tiempo, el compromiso de miles de santacruceros que hacen del deporte su estilo de vida\u201d. Adem\u00e1s, Berm\u00fadez a\u00f1adi\u00f3 que ExpoDeca \u201crepresenta tambi\u00e9n la manera en que entendemos el deporte en la ciudad, como un equilibrio entre la alta competici\u00f3n y la participaci\u00f3n ciudadana, reforzando la proyecci\u00f3n de nuestra ciudad, abierta y volcada en la actividad f\u00edsica y la vida saludable\u201d.<\/p>\n<p>A partir de este jueves y hasta el pr\u00f3ximo domingo, ExpoDeca se convierte en el mayor escaparate del deporte en las islas, con la presencia de cerca de 160 instituciones, universidades, federaciones y clubes, deportistas, asociaciones, expertos y empresas. Las instalaciones del recinto ferial de la capital tinerfe\u00f1a ofrecer\u00e1n durante cuatro d\u00edas una amplia variedad de expositores, ponencias y debates, exhibiciones de alto nivel y todo un recinto abierto a la pr\u00e1ctica libre del deporte, con entrada gratuita para todos los p\u00fablicos.<\/p>\n<p>Durante su celebraci\u00f3n, la gran feria del deporte canario permitir\u00e1 a los asistentes conocer de cerca las \u00faltimas novedades del sector, as\u00ed como disfrutar de un intenso calendario de competiciones, exhibiciones y demostraciones en los distintos espacios del recinto con el objetivo de acercar el deporte al gran p\u00fablico.<\/p>\n<p><strong>Gran Sala: competiciones y exposiciones<\/strong><\/p>\n<p>Dentro del espacio de la Gran Sala, uno de los puntos neur\u00e1lgicos de ExpoDeca 2025 y donde est\u00e1 ubicado el escenario principal de la feria, tendr\u00e1 lugar el campeonato internacional de CrossFit Iberian Throwdown, as\u00ed como la competici\u00f3n oficial de voleibol y exhibiciones de gimnasia r\u00edtmica.<\/p>\n<p>Adem\u00e1s, este espacio acoge la zona de motor, integrada por distintos veh\u00edculos y simuladores en el espacio expositivo m\u00e1s grande de la feria, as\u00ed como el cuadril\u00e1tero de boxeo donde se impartir\u00e1n clases para principiantes, o un \u00e1rea para torneos de balonmano street y balonmano playa.<\/p>\n<p>La Gran Sala se presenta como un espacio polivalente dentro del programa de la feria, ya que servir\u00e1 de punto de encuentro para los aficionados al ajedrez, adem\u00e1s de escenario para la final del primer Campeonato de Canarias de Bailes Urbanos \u2014durante la jornada del s\u00e1bado\u2014, y sede de la pista de p\u00e1del, donde se impartir\u00e1n clases y se celebrar\u00e1 el V Challenger Memorial Paulina Luciani. La programaci\u00f3n en este espacio culmina el s\u00e1bado por la noche, a partir de las 20:00 horas, con un concierto del artista tinerfe\u00f1o St. Pedro.<\/p>\n<p><img loading=\"lazy\" decoding=\"async\" class=\"aligncenter size-large wp-image-171976\" src=\"https:\/\/www.europesays.com\/es\/wp-content\/uploads\/2025\/10\/FOTO.-Inauguracion-ExpoDeca-2-1024x683.jpeg\" alt=\"\" width=\"1024\" height=\"683\"  \/><\/p>\n<p><strong>Deportes tradicionales<\/strong><\/p>\n<p>ExpoDeca 2025 supone una oportunidad inmejorable por reflejar la decidida apuesta de la Consejer\u00eda de Educaci\u00f3n, Formaci\u00f3n Profesional, Actividad F\u00edsica y Deportes por la promoci\u00f3n y pr\u00e1ctica de los juegos y deportes tradicionales. As\u00ed, en las instalaciones del recinto ferial, con la colaboraci\u00f3n del Grupo Ybarra, se ha dispuesto un terrero de arena donde se celebrar\u00e1n distintas exhibiciones de modalidades vern\u00e1culas como la lucha canaria o el juego del palo.<\/p>\n<p>Adem\u00e1s, en la zona de terrazas se ha instalado una amplia muestra de exhibiciones, competiciones y otras actividades participativas en torno a disciplinas emblem\u00e1ticas como la bola canaria, el salto del pastor, el levantamiento de arado o la vela latina, que permitir\u00e1n acercar estas modalidades deportivas al gran p\u00fablico.<\/p>\n<p><strong>Zonas exteriores<\/strong><\/p>\n<p>La zona exterior del Recinto Ferial de Tenerife tambi\u00e9n tendr\u00e1 un papel protagonista en ExpoDeca 2025. En la zona de terrazas, se puede disfrutar de una tirolina exterior, gracias a la colaboraci\u00f3n de Binter, canchas de squash, as\u00ed como un din\u00e1mico circuito de bicicletas.<\/p>\n<p>El programa tambi\u00e9n incluye en espacios al aire libre la competici\u00f3n de marcha n\u00f3rdica, una exhibici\u00f3n de h\u00edpica, un espectacular muro de escalada y espacios dedicados a diferentes disciplinas deportivas, como hockey, baloncesto \u2014con campeonato 3\u00d73, tiros y el 21\u2014 y f\u00fatbol, con partidos como el derbi canario por la inclusi\u00f3n Proyecto DiSaf\u00edo o el derbi de veteranos con exjugadores de los dos representativos del f\u00fatbol canario, el Club Deportivo Tenerife y la Uni\u00f3n Deportiva Las Palmas.<\/p>\n<p><strong>Actividades dirigidas<\/strong><\/p>\n<p>Otro de los puntos clave de ExpoDeca 2025 ser\u00e1 la sala multiusos, ubicada en la planta baja del recinto, donde se celebrar\u00e1n m\u00e1s de treinta horas de actividades dirigidas, dise\u00f1adas para diferentes edades, condiciones f\u00edsicas y niveles de experiencia: ciclo indoor, zumba, Body Combat, bailes latinos, GAP (acr\u00f3nimo de gl\u00fateos, abdominales y piernas), Body work o entrenamiento funcional.<\/p>\n<p>En el mismo espacio, se han previsto otras actividades de bajo impacto enfocadas al equilibrio postural, la relajaci\u00f3n y la atenci\u00f3n plena, como pilates, taich\u00ed, Body Balance o Flow. Todas las sesiones son de entrada libre, est\u00e1n coordinadas por profesionales cualificados y cuentan con la colaboraci\u00f3n de centros de formaci\u00f3n especializados, lo que garantiza la seguridad, el rigor t\u00e9cnico y el enfoque pedag\u00f3gico de cada actividad. Para todos aquellos que quieran participar, desde la organizaci\u00f3n se recuerda que deben ir equipados con ropa deportiva, esterilla (en el caso de que la actividad lo requiera), toalla y bid\u00f3n de agua.<\/p>\n<p>Junto con las actividades programadas, la sala multiusos tambi\u00e9n cuenta con espacio para otras disciplinas como el tiro con arco, la esgrima o el pickleball, o para el denominado Museo del Deporte, una colecci\u00f3n de doscientos objetos pertenecientes a diversas disciplinas que explican grandes gestas del deporte espa\u00f1ol y mundial, as\u00ed como del deporte local y canario.<\/p>\n<p>Entre las piezas exhibidas, destacan, entre otros, indumentarias de competici\u00f3n del tenista Carlos Alcaraz y del piloto Fernando Alonso, maillot del Tour de Francia del equipo Banesto de Miguel Indur\u00e1in, camiseta de Usain Bolt, botas de Pau Gasol, el bal\u00f3n de reglamento con el que Andr\u00e9s Iniesta marc\u00f3 el tanto en la final del Mundial de Sud\u00e1frica, un Ferrari de F\u00f3rmula 1 o las tres antorchas que han visitado Espa\u00f1a a lo largo de la historia de los Juegos Ol\u00edmpicos<\/p>\n<p><img loading=\"lazy\" decoding=\"async\" class=\"aligncenter size-large wp-image-171977\" src=\"https:\/\/www.europesays.com\/es\/wp-content\/uploads\/2025\/10\/FOTO.-Inauguracion-ExpoDeca-3-1024x683.jpeg\" alt=\"\" width=\"1024\" height=\"683\"  \/><\/p>\n<p><strong>Charlas y ponencias<\/strong><\/p>\n<p>Adem\u00e1s de la amplia oferta deportiva, ExpoDeca 2025 presenta un completo programa compuesto por un total de veinticuatro conferencias, mesas redondas y presentaciones. Durante cuatro d\u00edas, en las diferentes estancias repartidas por la sala multiusos, profesionales de reconocido prestigio en los \u00e1mbitos del deporte, la salud, la educaci\u00f3n y la empresa compartir\u00e1n sus experiencias y conocimientos.<\/p>\n<p>Dentro de los espacios de aprendizaje m\u00e1s destacados, destacan, entre otras, la conferencia del doctor Antonio Ramos Gordillo, titulada \u201cCompromiso de futuro: mejorar la calidad de vida a trav\u00e9s del movimiento\u201d, que abordar\u00e1 la importancia del ejercicio f\u00edsico como herramienta para el bienestar y la calidad de vida.<\/p>\n<p>Tambi\u00e9n, en el marco de la charla \u201cUnidad ACTIV\u00cdDATE: implantaci\u00f3n de una red de Unidades Activas de Ejercicio F\u00edsico en Canarias\u201d, se presentar\u00e1n las primeras siete Unidades ACTIV\u00cdDATE dentro de la Estrategia Canaria de Prescripci\u00f3n de Actividad y Ejercicio F\u00edsico, ofreciendo un an\u00e1lisis prospectivo sobre el desarrollo de la actividad f\u00edsica en la regi\u00f3n. Por su parte, la profesora de la Universidad de Las Palmas de Gran Canaria (ULPGC), Rosa Batista, impartir\u00e1 la conferencia \u201cEl deporte como oportunidad de negocio\u201d, destacando el potencial econ\u00f3mico y empresarial del sector deportivo.<\/p>\n<p>Asimismo, se presentar\u00e1 el Proyecto \u00c1rbitro en las aulas, una iniciativa impulsada por el ICAD (Instituto Canario de Arbitraje Deportivo), dirigida a centros educativos para promover la actividad f\u00edsica y la educaci\u00f3n deportiva. El programa incluye adem\u00e1s el foro \u201cEl deporte como motor de turismo y salud\u201d, que contar\u00e1 con la participaci\u00f3n de destacadas autoridades nacionales y regionales.<\/p>\n<p>Otro foro relevante ser\u00e1 \u201cIgualdad en el deporte: papel de los medios de comunicaci\u00f3n\u201d, que reunir\u00e1 a periodistas de prestigio nacional y regional como Paloma del R\u00edo y Olga Viza, junto con responsables institucionales. Adem\u00e1s, se presentar\u00e1n las obligaciones de la LOPIVI (Ley de Protecci\u00f3n Integral a la Infancia y la Adolescencia frente a la Violencia) para el sector deportivo, junto con el nuevo protocolo de actuaci\u00f3n para el deporte en Canarias, con el objetivo de garantizar espacios seguros y protegidos para ni\u00f1os y adolescentes.<\/p>\n<p>Finalmente, el domingo se celebrar\u00e1 el IV Encuentro Educar Entrenando, impulsado por el Cabildo de Tenerife dentro de la Estrategia Insular Educar Entrenando, desarrollado por Deportes Tenerife en colaboraci\u00f3n con el Laboratorio de Innovaci\u00f3n Social de la Universidad de La Laguna (ULL), que promueve la educaci\u00f3n a trav\u00e9s de la pr\u00e1ctica deportiva.<\/p>\n<p>El espacio de charlas y foros est\u00e1 patrocinado por Fundaci\u00f3n DISA, cuyo apoyo refuerza la apuesta por la inclusi\u00f3n, la igualdad y la promoci\u00f3n de h\u00e1bitos de vida saludable en Canarias.<\/p>\n<p><strong>Servicios complementarios<\/strong><\/p>\n<p>La feria cuenta tambi\u00e9n con una ludoteca infantil gratuita, LudotecActiva, con servicio de cuidado de menores de cinco a diez a\u00f1os y donde a trav\u00e9s del juego se promover\u00e1 la actividad f\u00edsica y h\u00e1bitos saludables. En el \u00e1rea de restauraci\u00f3n se sit\u00faan food trucks con propuestas gastron\u00f3micas dedicadas a la comida casera con ingredientes frescos y naturales.<\/p>\n<p>Otro de los servicios que ofrece la feria durante los cuatro d\u00edas es el de fisioterapia, gracias al Colegio Oficial de Fisioterapeutas de Canarias que est\u00e1 presente para todos los participantes que requieran atenci\u00f3n fisioterap\u00e9utica de manera urgente.<\/p>\n<p>La feria se completa con empresas, cabildos y ayuntamientos del archipi\u00e9lago, venta de productos y art\u00edculos deportivos, as\u00ed como un punto de donaci\u00f3n de sangre y reconocimientos m\u00e9dicos deportivos en colaboraci\u00f3n con Vithas. Asimismo, se desarrollar\u00e1n las \u201cNeurolimpiadas de Canarias\u201d, el Proyecto GANAR y la muestra ACTIV\u00cdDATE, junto con exhibiciones de nutrici\u00f3n deportiva a cargo de Hecansa y la entrega de premios de nataci\u00f3n.<\/p>\n<p><strong>Premios al Deporte Canario<\/strong><\/p>\n<p>Un a\u00f1o m\u00e1s, la celebraci\u00f3n de ExpoDeca 2025 tambi\u00e9n supone el marco en el que se celebrar\u00e1 la gala de los Premios al Deporte Canario. La entrega de reconocimientos tendr\u00e1 lugar en el TEA Tenerife Espacio de las Artes este viernes, 3 de octubre, a partir de las 20:00 horas.<\/p>\n<p>Un evento especial con acceso mediante invitaci\u00f3n previa donde se reconocer\u00e1 la trayectoria de deportistas y entidades destacadas del archipi\u00e9lago. Un homenaje institucional y emocional al talento, la entrega y la diversidad del deporte que nace y crece en nuestras islas.<\/p>\n<p>Organizados por el Gobierno de Canarias, a trav\u00e9s de la Consejer\u00eda de Educaci\u00f3n, Formaci\u00f3n Profesional, Actividad F\u00edsica y Deportes, estos premios son mucho m\u00e1s que un reconocimiento. Se trata de una plataforma para visibilizar historias que inspiran, conectan y construyen comunidad. Bajo el aura de la Luz de Mafasca, la gala celebrar\u00e1 a deportistas, clubes y proyectos que representan los valores que nos definen: esfuerzo, compromiso, superaci\u00f3n y orgullo de pertenencia.<\/p>\n<p>ExpoDeca, promovida por el Gobierno de Canarias a trav\u00e9s de la Consejer\u00eda de Deportes y organizada por el \u00e1rea de Deportes del Cabildo de Tenerife junto a la empresa p\u00fablica Ideco, cuenta con el patrocinio de la Fundaci\u00f3n Disa, Coca-Cola, Powerade, Binter y Grupo Ybarra. Su principal objetivo es fomentar una cultura activa y saludable, impulsando la actividad f\u00edsica como una herramienta para el bienestar y la cohesi\u00f3n social.<\/p>\n<p>Toda la informaci\u00f3n sobre ExpoDeca 2025 estar\u00e1 disponible en el sitio web oficial del evento (www.expodeca.es). En este mismo portal, podr\u00e1 consultarse el programa completo y las novedades de la feria, que abrir\u00e1 sus puertas de jueves a s\u00e1bado de 10:00 a 20:00 horas, y el domingo, en horario reducido de 10:00 a 15:00 horas, excepto la competici\u00f3n de CrossFit que se podr\u00eda prolongar m\u00e1s all\u00e1 de esa hora en funci\u00f3n de la propia din\u00e1mica del torneo.<\/p>\n","protected":false},"excerpt":{"rendered":"La segunda edici\u00f3n de la Feria de la Actividad F\u00edsica y el Deporte de Canarias ofrece hasta el&hellip;\n","protected":false},"author":2,"featured_media":152883,"comment_status":"","ping_status":"","sticky":false,"template":"","format":"standard","meta":{"footnotes":""},"categories":[93],"tags":[168,25,24,23,167],"class_list":{"0":"post-152882","1":"post","2":"type-post","3":"status-publish","4":"format-standard","5":"has-post-thumbnail","7":"category-deportes","8":"tag-deportes","9":"tag-es","10":"tag-espana","11":"tag-spain","12":"tag-sports"},"share_on_mastodon":{"url":"","error":""},"_links":{"self":[{"href":"https:\/\/www.europesays.com\/es\/wp-json\/wp\/v2\/posts\/152882","targetHints":{"allow":["GET"]}}],"collection":[{"href":"https:\/\/www.europesays.com\/es\/wp-json\/wp\/v2\/posts"}],"about":[{"href":"https:\/\/www.europesays.com\/es\/wp-json\/wp\/v2\/types\/post"}],"author":[{"embeddable":true,"href":"https:\/\/www.europesays.com\/es\/wp-json\/wp\/v2\/users\/2"}],"replies":[{"embeddable":true,"href":"https:\/\/www.europesays.com\/es\/wp-json\/wp\/v2\/comments?post=152882"}],"version-history":[{"count":0,"href":"https:\/\/www.europesays.com\/es\/wp-json\/wp\/v2\/posts\/152882\/revisions"}],"wp:featuredmedia":[{"embeddable":true,"href":"https:\/\/www.europesays.com\/es\/wp-json\/wp\/v2\/media\/152883"}],"wp:attachment":[{"href":"https:\/\/www.europesays.com\/es\/wp-json\/wp\/v2\/media?parent=152882"}],"wp:term":[{"taxonomy":"category","embeddable":true,"href":"https:\/\/www.europesays.com\/es\/wp-json\/wp\/v2\/categories?post=152882"},{"taxonomy":"post_tag","embeddable":true,"href":"https:\/\/www.europesays.com\/es\/wp-json\/wp\/v2\/tags?post=152882"}],"curies":[{"name":"wp","href":"https:\/\/api.w.org\/{rel}","templated":true}]}}