{"id":152886,"date":"2025-10-02T14:19:14","date_gmt":"2025-10-02T14:19:14","guid":{"rendered":"https:\/\/www.europesays.com\/es\/152886\/"},"modified":"2025-10-02T14:19:14","modified_gmt":"2025-10-02T14:19:14","slug":"quevedo-suspende-horas-antes-su-concierto-en-valencia-por-motivos-de-salud","status":"publish","type":"post","link":"https:\/\/www.europesays.com\/es\/152886\/","title":{"rendered":"Quevedo suspende horas antes su concierto en Valencia por motivos de salud"},"content":{"rendered":"<p style=\"\">El artista <strong>Quevedo<\/strong> ha anunciado la cancelaci\u00f3n de su concierto programado para este jueves 2 de octubre en el reci\u00e9n estrenado recinto multiusos de Roig Arena de <a href=\"https:\/\/www.abc.es\/espana\/comunidad-valenciana\/\" target=\"_blank\" data-voc-vtm-id=\"in-text-traffic\" title=\"Valencia\" data-mrf-link=\"www.abc.es\" rel=\"nofollow noopener\">Valencia<\/a>. En un comunicado, sus promotoras aluden motivos de salud y avanzan una nueva fecha para  &#8230; el esperado evento musical.<\/p>\n<p class=\"voc-p\" style=\"\">Desde la organizaci\u00f3n de Taste The Floor y DQE Productions, promotoras del concierto del arista canario, se ha informado que motivos de salud su actuaci\u00f3n prevista en el Roig Arena queda pospuesta para el <strong>25 de octubre de 2025 a las 19h<\/strong>.<\/p>\n<p class=\"voc-p\" style=\"\">Para los asistentes que iban a acudir a su cita en Valencia, en caso de no poder asistir en esta nueva fecha, podr\u00e1n solicitar la <strong>devoluci\u00f3n de las entradas<\/strong> dentro del plazo legal establecido, gestion\u00e1ndolo siempre a trav\u00e9s del mismo canal de venta en el que fueron adquiridas. <\/p>\n<p class=\"voc-p\" style=\"\">Por otro lado, si se deseara mantener la entrada, esta ser\u00e1 totalmente <strong>v\u00e1lida<\/strong> para la nueva fecha del concierto, seg\u00fan confirman. \u00abTaste The Floor y DQE Productions agradecen la comprensi\u00f3n a todos los usuarios afectados, lamentando las molestias que se hayan podido ocasionar\u00bb, apuntan en el comunicado.<\/p>\n<p class=\"voc-p\" style=\"\">El propio cantante canario ha colgado el mismo comunicado en sus redes sociales, donde ha pedido disculpas a sus seguidores, emplaz\u00e1ndoles a la nueva fecha prevista para su concierto en Valencia, sin ofrecer m\u00e1s lujos de detalles sobre su actual estado de salud.<\/p>\n<p class=\"voc-p\" style=\"\">En los aleda\u00f1os del Roig Arena, ha cundido el desaz\u00f3n entre el centenar de asistentes que ya hac\u00edan cola para ver en directo a su cantante favorito. Entre ellos, muchos han hecho noche a las fueras del pabell\u00f3n de Valencia. Ahora, les tocar\u00e1 esperar otros 23 d\u00edas m\u00e1s.<\/p>\n","protected":false},"excerpt":{"rendered":"El artista Quevedo ha anunciado la cancelaci\u00f3n de su concierto programado para este jueves 2 de octubre en&hellip;\n","protected":false},"author":2,"featured_media":152887,"comment_status":"","ping_status":"","sticky":false,"template":"","format":"standard","meta":{"footnotes":""},"categories":[91],"tags":[35394,3334,2339,146,147,25,24,12408,14138,3333,166,23,235],"class_list":{"0":"post-152886","1":"post","2":"type-post","3":"status-publish","4":"format-standard","5":"has-post-thumbnail","7":"category-entretenimiento","8":"tag-aplaza","9":"tag-arena","10":"tag-concierto","11":"tag-entertainment","12":"tag-entretenimiento","13":"tag-es","14":"tag-espana","15":"tag-motivos","16":"tag-quevedo","17":"tag-roig","18":"tag-salud","19":"tag-spain","20":"tag-valencia"},"share_on_mastodon":{"url":"","error":""},"_links":{"self":[{"href":"https:\/\/www.europesays.com\/es\/wp-json\/wp\/v2\/posts\/152886","targetHints":{"allow":["GET"]}}],"collection":[{"href":"https:\/\/www.europesays.com\/es\/wp-json\/wp\/v2\/posts"}],"about":[{"href":"https:\/\/www.europesays.com\/es\/wp-json\/wp\/v2\/types\/post"}],"author":[{"embeddable":true,"href":"https:\/\/www.europesays.com\/es\/wp-json\/wp\/v2\/users\/2"}],"replies":[{"embeddable":true,"href":"https:\/\/www.europesays.com\/es\/wp-json\/wp\/v2\/comments?post=152886"}],"version-history":[{"count":0,"href":"https:\/\/www.europesays.com\/es\/wp-json\/wp\/v2\/posts\/152886\/revisions"}],"wp:featuredmedia":[{"embeddable":true,"href":"https:\/\/www.europesays.com\/es\/wp-json\/wp\/v2\/media\/152887"}],"wp:attachment":[{"href":"https:\/\/www.europesays.com\/es\/wp-json\/wp\/v2\/media?parent=152886"}],"wp:term":[{"taxonomy":"category","embeddable":true,"href":"https:\/\/www.europesays.com\/es\/wp-json\/wp\/v2\/categories?post=152886"},{"taxonomy":"post_tag","embeddable":true,"href":"https:\/\/www.europesays.com\/es\/wp-json\/wp\/v2\/tags?post=152886"}],"curies":[{"name":"wp","href":"https:\/\/api.w.org\/{rel}","templated":true}]}}