{"id":152894,"date":"2025-10-02T14:23:07","date_gmt":"2025-10-02T14:23:07","guid":{"rendered":"https:\/\/www.europesays.com\/es\/152894\/"},"modified":"2025-10-02T14:23:07","modified_gmt":"2025-10-02T14:23:07","slug":"estudiantes-de-toda-espana-se-manifiestan-este-jueves-contra-el-genocidio-en-palestina","status":"publish","type":"post","link":"https:\/\/www.europesays.com\/es\/152894\/","title":{"rendered":"Estudiantes de toda Espa\u00f1a se manifiestan este jueves contra el \u00abgenocidio\u00bb en Palestina"},"content":{"rendered":"<p>Estudiantes de todos los niveles de ense\u00f1anza se movilizan este jueves en la mayor\u00eda de las capitales de provincia espa\u00f1olas contra el \u00abgenocidio\u00bb en Palestina y para pedir la ruptura de todo tipo de relaciones con Israel.<\/p>\n<p>El Sindicato de Estudiantes ha convocado una huelga estudiantil en todos los territorios para que a las 12:00 horas la comunidad educativa pare y se manifieste en diferentes plazas, centros universitarios o escuelas. \u00abNo vamos a mirar hacia otro lado. La causa palestina es la causa de la juventud y de los millones que defendemos los derechos humanos y la justicia social. Por eso, desde el Sindicato de Estudiantes llamamos a la huelga general estudiantil para vaciar las aulas y llenar las calles de dignidad\u00bb, se\u00f1ala esta organizaci\u00f3n en un comunicado en redes <strong>en el que critica dos a\u00f1os de \u00abgenocidio\u00bb y el asesinato de m\u00e1s de 60.000 palestinos<\/strong>, entre ellos 18.000 ni\u00f1os y ni\u00f1as.<\/p>\n<p>Bajo el lema &#8216;\u00a1Paremos el genocidio contra el pueblo palestino!&#8217;, los estudiantes son llamados a esta huelga despu\u00e9s de que la plataforma Marea Palestina: la educaci\u00f3n contra el genocidio haya movilizado tambi\u00e9n a claustros de docentes y respaldado diversos actos, como un encierro en el C\u00edrculo de Bellas Artes de Madrid y otro en la Escuela de Arte en Huelva.<\/p>\n<p>Paros previstos para el viernes<\/p>\n<p>M\u00e1s de 60 de organizaciones de docentes de todos los niveles educativos, personal administrativo, asociaciones de familias y de estudiantes, y colectivos vinculados al mundo de la educaci\u00f3n a nivel estatal <strong>han promovido una declaraci\u00f3n de condena del genocidio perpetrado por Israel <\/strong>y han dado apoyo a otros actos, como las lecturas p\u00fablicas de los nombres de ni\u00f1os y ni\u00f1as palestinos asesinados.<\/p>\n<p>Tambi\u00e9n los sindicatos de la ense\u00f1anza p\u00fablica de Madrid han convocado <strong>para este viernes paros en los centros educativos de 11:30 horas a 13:30 horas y de 17:00 a 19:00 horas<\/strong>. En esta comunidad aut\u00f3noma, miles de estudiantes, <strong>4.000 seg\u00fan la Delegaci\u00f3n del Gobierno<\/strong>, han alzado sus voces contra el \u00abgenocidio\u00bb que sufre Palestina, contra el gobierno \u00absionista\u00bb de Netanyahu y en apoyo a la flotilla de barcos que se dirig\u00eda a Gaza para prestar ayuda humanitaria y que ha sido interceptada por el gobierno israel\u00ed. <\/p>\n<p>La marcha, convocada por el Sindicato de Estudiantes y que ha sido apoyada por, entre otros, la Coordinadora General de Pensionistas de Madrid, ha partido a las 12:00 horas desde la calle Atocha seguida por miles de j\u00f3venes que han vaciado las clases para secundar la huelga general convocada esta jornada. <\/p>\n<p>Barcelona, Navarra y Canarias<\/p>\n<p>En<strong> Barcelona<\/strong>, unos 6.500 estudiantes de institutos y universidades han salido tambi\u00e9n a la calle para denunciar el ataque a la flotilla y para reivindicar la necesidad de \u00abpararlo todo\u00bb mediante una huelga general para lograr que el Gobierno rompa relaciones con Israel. La manifestaci\u00f3n, impulsada por el Sindicato de Estudiantes y apoyado por otras entidades, ha arrancado al mediod\u00eda en la plaza Universitat de Barcelona.<\/p>\n<p>En<strong> Navarra<\/strong>, los estudiantes de la Universidad P\u00fablica de Navarra (UPNA) y de los institutos de la Comunidad Foral estaban convocados este jueves a la huelga y a diversas movilizaciones por este mismo motivo. En la entrada al Aulario de la UPNA, donde la huelga ha sido convocada por el Sindicato de Estudiantes, se han colocado pancartas con el lema &#8216;Israel boikot&#8217; y mu\u00f1ecos blancos ensangrentados en el suelo. Adem\u00e1s, dentro de la Universidad, se han colocado carteles con los lemas &#8216;Israel boikot e &#8216;Israel genocida&#8217; y pancartas con frases como &#8216;Faxismoaren aurka borrokatu&#8217;, &#8216;Ikasle langileok socialismoa eraik!&#8217;, &#8216;Atzo eta gaur faxismoaren aurka borroka&#8217; e &#8216;Ikasleok palestinartekin&#8217; (&#8216;Luchar contra el fascismo&#8217;, &#8216;Los estudiantes trabajadores construimos socialismo&#8217;, &#8216;Ayer y hoy lucha contra el fascismo&#8217; y &#8216;Los estudiantes, con los palestinos&#8217;).<\/p>\n<p>En <strong>Canarias<\/strong>, el 70,10 % de los estudiantes de los centros de los distintos niveles educativos ha secundado este jueves la huelga convocada en toda Espa\u00f1a en protesta por el \u00abgenocidio\u00bb en Palestina, seg\u00fan ha informado la Consejer\u00eda de Educaci\u00f3n de la comunidad aut\u00f3noma. Esto supone que, de los 82.893 estudiantes del archipi\u00e9lago, 58.107 ha respaldado esta jornada reivindicativa, en la que tambi\u00e9n se ha pedido la ruptura de todo tipo de relaciones con Israel<\/p>\n<p>Protestas contra la interceptaci\u00f3n de la flotilla a Gaza<\/p>\n<p>Miles de personas se han manifestado durante la pasada madrugada <strong>en Barcelona, Roma y otras ciudades <\/strong>contra la interceptaci\u00f3n por parte de Israel de la Global Sumud Flotilla, que pretend\u00eda llevar ayuda humanitaria a Gaza.<\/p>\n<p>La flotilla, compuesta por m\u00e1s de 40 barcos y m\u00e1s de 500 voluntarios zarpados desde costas de pa\u00edses mediterr\u00e1neos como Espa\u00f1a, T\u00fanez o Italia, ha sido rodeada durante la tarde de este mi\u00e9rcoles por barcos israel\u00edes cuando se encontraba a unas 80 millas n\u00e1uticas de Gaza. <\/p>\n<p>En Barcelona, varios centenares de personas se han concentrado ante el Consulado de Israel para expresar su apoyo a la Flotilla.<\/p>\n<p>\u00abDesde Barcelona, ciudad de paz, exigimos que <strong>se respete la legalidad internacional <\/strong>y se proteja la vida de los activistas que llevan a cabo una misi\u00f3n humanitaria en Gaza. Nuestra voz se une al clamor global para detener el genocidio\u00bb, ha se\u00f1alado el alcalde de Barcelona, Jaume Collboni, en un mensaje en su red social X.<\/p>\n<p>Varios centenares de personas durante una concentraci\u00f3n ante el Consulado de Israel en Barcelona,\u00a0Lorena Sop\u00eana \/ Europa Press<\/p>\n<p>Roma congrega a 10.000 personas en apoyo a la flotilla<\/p>\n<p>M\u00e1s multitudinaria ha sido la manifestaci\u00f3n en Roma, que ha congregado a unas 10.000 personas, seg\u00fan recogen los medios locales. La concentraci\u00f3n comenz\u00f3 en las inmediaciones de la estaci\u00f3n ferroviaria de Termini, acordonada por parte de las fuerzas del orden, y despu\u00e9s parti\u00f3 hacia el centro con<strong> intenci\u00f3n de llegar al Palacio Chigi, sede del Gobierno<\/strong>. <\/p>\n<p>Protesta en Roma para condenar la interceptaci\u00f3n de los barcos de la Flotilla Global Sumud\u00a0REUTERS\/Yara Nardi<\/p>\n<p>Las protestas tambi\u00e9n se han sucedido en otras ciudades como N\u00e1poles, donde algunos activistas irrumpieron en su estaci\u00f3n de tren; en Mil\u00e1n o en Tur\u00edn, donde buscan ocupar el edificio universitario de &#8216;Palazzo Nuovo&#8217;, seg\u00fan las mismas fuentes.<\/p>\n<p>Adem\u00e1s, el principal sindicato del pa\u00eds, la CGIL, <strong>ha convocado para este viernes una huelga general <\/strong>en contra de \u00abla agresi\u00f3n contra naves de civiles que llevaban ciudadanos italianos\u00bb por considerarlo \u00abun hecho de extrema gravedad\u00bb. <\/p>\n<p>El ministro de Infraestructuras y Transportes, Matteo Salvini, ha avanzado que <strong>valora la posibilidad de limitar la huelga<\/strong> porque \u00abno se ajusta a los casos que lo justificar\u00edan\u00bb, seg\u00fan un comunicado.<\/p>\n<p>Protestas al otro lado del Atl\u00e1ntico\u00a0<\/p>\n<p>Tambi\u00e9n se han llevado a cabo protestas en otros pa\u00edses europeos como Grecia y Alemania, y al otro lado del Atl\u00e1ntico como<strong> en Argentina y M\u00e9xico,<\/strong> donde se han saldado con destrozos; igual que en Bogot\u00e1, la capital colombiana, donde varias decenas de manifestantes bloquearon las v\u00edas para denunciar las acciones de Israel.\u00a0<\/p>\n<p>Una manifestante lanza una piedra a una tienda durante una protesta en apoyo a la Flotilla Global Sumud, en la Ciudad de M\u00e9xico\u00a0REUTERS\/Quetzalli Nicte-Ha<\/p>\n<p>Las principales manifestaciones, sin embargo, han sido convocadas para el jueves frente a la incertidumbre de qu\u00e9 suceder\u00e1 durante las \u00faltimas millas que separan los barcos de la Flotilla Sumud de Gaza.<\/p>\n","protected":false},"excerpt":{"rendered":"Estudiantes de todos los niveles de ense\u00f1anza se movilizan este jueves en la mayor\u00eda de las capitales de&hellip;\n","protected":false},"author":2,"featured_media":152895,"comment_status":"","ping_status":"","sticky":false,"template":"","format":"standard","meta":{"footnotes":""},"categories":[8],"tags":[17,18,25,24,13,14,11,19,20,9,10,15,16,23,12,21,22],"class_list":{"0":"post-152894","1":"post","2":"type-post","3":"status-publish","4":"format-standard","5":"has-post-thumbnail","7":"category-espana","8":"tag-breaking-news","9":"tag-breakingnews","10":"tag-es","11":"tag-espana","12":"tag-featured-news","13":"tag-featurednews","14":"tag-headlines","15":"tag-latest-news","16":"tag-latestnews","17":"tag-news","18":"tag-noticias","19":"tag-noticias-destacadas","20":"tag-noticiasdestacadas","21":"tag-spain","22":"tag-titulares","23":"tag-ultimas-noticias","24":"tag-ultimasnoticias"},"share_on_mastodon":{"url":"","error":""},"_links":{"self":[{"href":"https:\/\/www.europesays.com\/es\/wp-json\/wp\/v2\/posts\/152894","targetHints":{"allow":["GET"]}}],"collection":[{"href":"https:\/\/www.europesays.com\/es\/wp-json\/wp\/v2\/posts"}],"about":[{"href":"https:\/\/www.europesays.com\/es\/wp-json\/wp\/v2\/types\/post"}],"author":[{"embeddable":true,"href":"https:\/\/www.europesays.com\/es\/wp-json\/wp\/v2\/users\/2"}],"replies":[{"embeddable":true,"href":"https:\/\/www.europesays.com\/es\/wp-json\/wp\/v2\/comments?post=152894"}],"version-history":[{"count":0,"href":"https:\/\/www.europesays.com\/es\/wp-json\/wp\/v2\/posts\/152894\/revisions"}],"wp:featuredmedia":[{"embeddable":true,"href":"https:\/\/www.europesays.com\/es\/wp-json\/wp\/v2\/media\/152895"}],"wp:attachment":[{"href":"https:\/\/www.europesays.com\/es\/wp-json\/wp\/v2\/media?parent=152894"}],"wp:term":[{"taxonomy":"category","embeddable":true,"href":"https:\/\/www.europesays.com\/es\/wp-json\/wp\/v2\/categories?post=152894"},{"taxonomy":"post_tag","embeddable":true,"href":"https:\/\/www.europesays.com\/es\/wp-json\/wp\/v2\/tags?post=152894"}],"curies":[{"name":"wp","href":"https:\/\/api.w.org\/{rel}","templated":true}]}}