{"id":152898,"date":"2025-10-02T14:25:10","date_gmt":"2025-10-02T14:25:10","guid":{"rendered":"https:\/\/www.europesays.com\/es\/152898\/"},"modified":"2025-10-02T14:25:10","modified_gmt":"2025-10-02T14:25:10","slug":"daniel-gordo-advierte-de-la-importancia-que-tiene-el-encuentro-ante-ciudad-real","status":"publish","type":"post","link":"https:\/\/www.europesays.com\/es\/152898\/","title":{"rendered":"Daniel Gordo advierte de la importancia que tiene el encuentro ante Ciudad Real"},"content":{"rendered":"<p data-gtm-element-container=\"modulo-texto-link\" class=\"paragraph\">El entrenador del <strong>Abanca Ademar, Daniel Gordo<\/strong>, ha advertido de la importancia del inicio del encuentro del pr\u00f3ximo s\u00e1bado en el palacio municipal <strong>Urbano Gonz\u00e1lez <\/strong>de <strong>Le\u00f3n <\/strong>ante el <strong>Caser\u00edo Ciudad Real.<\/strong><\/p>\n<p data-gtm-element-container=\"modulo-texto-link\" class=\"paragraph\">\u00ab<strong>Va a ser muy importante la salida y la concentraci\u00f3n en el inicio del encuentro<\/strong> donde hay que mostrar el mismo nivel competitivo de la segunda parte ante <strong>Granollers<\/strong> y en <strong>Ir\u00fan <\/strong>ante <strong>Bidasoa<\/strong>\u00ab, afirm\u00f3 <strong>el entrenador<\/strong>.<\/p>\n<p>    Lee tambi\u00e9n<\/p>\n<p data-gtm-element-container=\"modulo-texto-link\" class=\"paragraph\">El t\u00e9cnico ademarista, que ha tenido una semana larga de entrenamientos para preparar esta pr\u00f3xima cita en la <strong>Liga Nexus<\/strong> <strong>Energ\u00eda ASOBAL<\/strong>, algo que ser\u00e1 inusual a partir de ahora al iniciarse la<strong> Liga Europa<\/strong>, cree que el equipo ha de afrontar este compromiso ante el conjunto manchego \u00abcomo la primera oportunidad para quitarse la espina de dar la primera victoria en casa a la afici\u00f3n\u00bb, dijo.<\/p>\n<p data-gtm-element-container=\"modulo-texto-link\" class=\"paragraph\"><strong>Daniel Gordo<\/strong> ha destacado que, pese a ser un reci\u00e9n ascendido, la plantilla de que dispone <strong>Ciudad Real<\/strong>, al menos en su siete inicial, cuenta con experiencia y jugadores que conocen sobradamente la ASOBAL, como el exademarista <strong>David Fern\u00e1ndez<\/strong>, <strong>Alonso Moreno<\/strong>, <strong>Sergio Mach<\/strong> o el egipcio <strong>Omar Sheriff.<\/strong><\/p>\n","protected":false},"excerpt":{"rendered":"El entrenador del Abanca Ademar, Daniel Gordo, ha advertido de la importancia del inicio del encuentro del pr\u00f3ximo&hellip;\n","protected":false},"author":2,"featured_media":58171,"comment_status":"","ping_status":"","sticky":false,"template":"","format":"standard","meta":{"footnotes":""},"categories":[278],"tags":[376,168,25,24,375,23,167],"class_list":{"0":"post-152898","1":"post","2":"type-post","3":"status-publish","4":"format-standard","5":"has-post-thumbnail","7":"category-balonmano","8":"tag-balonmano","9":"tag-deportes","10":"tag-es","11":"tag-espana","12":"tag-handball","13":"tag-spain","14":"tag-sports"},"share_on_mastodon":{"url":"","error":""},"_links":{"self":[{"href":"https:\/\/www.europesays.com\/es\/wp-json\/wp\/v2\/posts\/152898","targetHints":{"allow":["GET"]}}],"collection":[{"href":"https:\/\/www.europesays.com\/es\/wp-json\/wp\/v2\/posts"}],"about":[{"href":"https:\/\/www.europesays.com\/es\/wp-json\/wp\/v2\/types\/post"}],"author":[{"embeddable":true,"href":"https:\/\/www.europesays.com\/es\/wp-json\/wp\/v2\/users\/2"}],"replies":[{"embeddable":true,"href":"https:\/\/www.europesays.com\/es\/wp-json\/wp\/v2\/comments?post=152898"}],"version-history":[{"count":0,"href":"https:\/\/www.europesays.com\/es\/wp-json\/wp\/v2\/posts\/152898\/revisions"}],"wp:featuredmedia":[{"embeddable":true,"href":"https:\/\/www.europesays.com\/es\/wp-json\/wp\/v2\/media\/58171"}],"wp:attachment":[{"href":"https:\/\/www.europesays.com\/es\/wp-json\/wp\/v2\/media?parent=152898"}],"wp:term":[{"taxonomy":"category","embeddable":true,"href":"https:\/\/www.europesays.com\/es\/wp-json\/wp\/v2\/categories?post=152898"},{"taxonomy":"post_tag","embeddable":true,"href":"https:\/\/www.europesays.com\/es\/wp-json\/wp\/v2\/tags?post=152898"}],"curies":[{"name":"wp","href":"https:\/\/api.w.org\/{rel}","templated":true}]}}