{"id":152901,"date":"2025-10-02T14:27:13","date_gmt":"2025-10-02T14:27:13","guid":{"rendered":"https:\/\/www.europesays.com\/es\/152901\/"},"modified":"2025-10-02T14:27:13","modified_gmt":"2025-10-02T14:27:13","slug":"de-la-copa-del-mundo-a-la-ufc-un-peleador-sorprende-al-afirmar-que-lionel-messi-tambien-seria-un-crack-en-las-mma","status":"publish","type":"post","link":"https:\/\/www.europesays.com\/es\/152901\/","title":{"rendered":"\u00bfDe la Copa del Mundo a la UFC? Un peleador sorprende al afirmar que Lionel Messi tambi\u00e9n ser\u00eda un crack en las MMA"},"content":{"rendered":"<p>El expeleador de la UFC <strong>Jorge Masvidal<\/strong>, residente de Florida, sorprendi\u00f3 con una declaraci\u00f3n viral: asegur\u00f3 que Messi podr\u00eda haber triunfado tambi\u00e9n en las artes marciales mixtas. \u201cMessi es un atleta fenomenal, disciplinado como pocos. Tiene un f\u00edsico incre\u00edble y, con los dones que Dios le dio, podr\u00eda haber hecho grandes cosas en MMA si lo hubiera intentado\u201d, dijo en entrevista con BetIdeas.<\/p>\n","protected":false},"excerpt":{"rendered":"El expeleador de la UFC Jorge Masvidal, residente de Florida, sorprendi\u00f3 con una declaraci\u00f3n viral: asegur\u00f3 que Messi&hellip;\n","protected":false},"author":2,"featured_media":152902,"comment_status":"","ping_status":"","sticky":false,"template":"","format":"standard","meta":{"footnotes":""},"categories":[276],"tags":[168,25,24,23,167,343],"class_list":{"0":"post-152901","1":"post","2":"type-post","3":"status-publish","4":"format-standard","5":"has-post-thumbnail","7":"category-ufc","8":"tag-deportes","9":"tag-es","10":"tag-espana","11":"tag-spain","12":"tag-sports","13":"tag-ufc"},"share_on_mastodon":{"url":"","error":""},"_links":{"self":[{"href":"https:\/\/www.europesays.com\/es\/wp-json\/wp\/v2\/posts\/152901","targetHints":{"allow":["GET"]}}],"collection":[{"href":"https:\/\/www.europesays.com\/es\/wp-json\/wp\/v2\/posts"}],"about":[{"href":"https:\/\/www.europesays.com\/es\/wp-json\/wp\/v2\/types\/post"}],"author":[{"embeddable":true,"href":"https:\/\/www.europesays.com\/es\/wp-json\/wp\/v2\/users\/2"}],"replies":[{"embeddable":true,"href":"https:\/\/www.europesays.com\/es\/wp-json\/wp\/v2\/comments?post=152901"}],"version-history":[{"count":0,"href":"https:\/\/www.europesays.com\/es\/wp-json\/wp\/v2\/posts\/152901\/revisions"}],"wp:featuredmedia":[{"embeddable":true,"href":"https:\/\/www.europesays.com\/es\/wp-json\/wp\/v2\/media\/152902"}],"wp:attachment":[{"href":"https:\/\/www.europesays.com\/es\/wp-json\/wp\/v2\/media?parent=152901"}],"wp:term":[{"taxonomy":"category","embeddable":true,"href":"https:\/\/www.europesays.com\/es\/wp-json\/wp\/v2\/categories?post=152901"},{"taxonomy":"post_tag","embeddable":true,"href":"https:\/\/www.europesays.com\/es\/wp-json\/wp\/v2\/tags?post=152901"}],"curies":[{"name":"wp","href":"https:\/\/api.w.org\/{rel}","templated":true}]}}