{"id":152905,"date":"2025-10-02T14:30:13","date_gmt":"2025-10-02T14:30:13","guid":{"rendered":"https:\/\/www.europesays.com\/es\/152905\/"},"modified":"2025-10-02T14:30:13","modified_gmt":"2025-10-02T14:30:13","slug":"la-vuelta-cicloturista-a-ibiza-mas-familiar","status":"publish","type":"post","link":"https:\/\/www.europesays.com\/es\/152905\/","title":{"rendered":"La Vuelta Cicloturista a Ibiza m\u00e1s familiar"},"content":{"rendered":"<p>Este mi\u00e9rcoles se ha presentado la XXII Vuelta Cicloturista a Ibiza. Una cita que este a\u00f1o destaca por su apuesta por la familia. Desde la organizaci\u00f3n han querido que esta edici\u00f3n tuviese a las familias como protagonistas y que los participantes acudieran con sus parejas y sus hijos para disfrutar Ibiza de una manera diferente. Una prueba que une turismo y deporte y que es uno de los cl\u00e1sicos del calendario pitiuso. Esta edici\u00f3n, adem\u00e1s, rinde homenaje a Arturo Sintes, organizador de la Volta Cicloturista a Menorca.<\/p>\n<p>En cuanto a la presentaci\u00f3n, en el acto que tuvo lugar frente a la iglesia de Sant Agust\u00ed y que cont\u00f3 con la presencia de representantes de las instituciones y los patrocinadores, el organizador, Juanjo Planells, quiso acordarse y mandar muchos \u00e1nimos a los afectados por las lluvias torrenciales, as\u00ed como agradecer el trabajo de los equipos de emergencias. Del mismo modo, mand\u00f3 un mensaje de tranquilidad a todos los participantes, asegurando que los recorridos de la Cicloturista no se han visto afectados y que el evento se podr\u00e1 desarrollar con total normalidad.<\/p>\n<p>Cabe recordar que la Cicloturista tiene lugar este fin de semana. El viernes ser\u00e1 el d\u00eda de la presentaci\u00f3n oficial con la entrega de dorsales y la apertura de la zona expo, que como es habitual estar\u00e1 situada en el Passeig de ses Fonts.<\/p>\n<p>El s\u00e1bado arrancar\u00e1 en Ibiza la primera etapa. 74 kil\u00f3metros y 1.150 metros de desnivel con dos tramos cronometrados a nivel competitivo. La meta estar\u00e1 situada en el alto de Can Germ\u00e0, en Sant Antoni. El s\u00e1bado tambi\u00e9n tendr\u00e1 lugar uno de los momentos m\u00e1s emotivos con el acto de entrega de insignias de oro con motivo del 50 aniversario del Club Ciclista Sant Antoni.<\/p>\n<p>El domingo ser\u00e1 la \u00faltima jornada con la segunda etapa con salida en Sant Josep y llegada en Sant Antoni. Ser\u00e1n 60 kil\u00f3metros con 1.060 metros de desnivel y otros dos tramos cronometrados. El propio Planells explic\u00f3 que esta edici\u00f3n es la menos dura de todas las que se han hecho, ya que se buscaba que fuese asequible para todos los p\u00fablicos para mantener ese esp\u00edritu familiar.<\/p>\n<p>Leyendas<\/p>\n<p>Adem\u00e1s, los participantes podr\u00e1n disfrutar de correr al lado de algunas de las leyendas del ciclismo espa\u00f1ol. En esta edici\u00f3n estar\u00e1n los ganadores del Tour de Francia: Miguel Indurain, \u00d3scar Pereiro y Joane Somarriba. Todos ellos participar\u00e1n junto a sus familias.<\/p>\n<p>Otro a\u00f1o m\u00e1s, la Cicloturista volver\u00e1 a destacar por su car\u00e1cter inclusivo. Desde hace varias ediciones se apuesta por la visibilidad del ciclismo adaptado y esta no ser\u00e1 una excepci\u00f3n. Volver\u00e1 a haber un cartel de lujo repleto de paral\u00edmpicos, que tambi\u00e9n visitar\u00e1n los centros educativos de Sant Antoni para dar charlas a los m\u00e1s j\u00f3venes.<\/p>\n<p>Por \u00faltimo, se celebrar\u00e1 la segunda edici\u00f3n de la Vuelta Cicloturista a Ibiza J\u00fanior Parrot. Esta tendr\u00e1 el s\u00e1bado una gymkana en Vara de Rey, mientras que el domingo se celebrar\u00e1 la prueba competitiva en el passeig de la Mar, en Sant Antoni. Planells destac\u00f3 que esta edici\u00f3n se doblar\u00e1 el n\u00famero de participantes y que muchos se han tenido que quedar fuera. \u00abEs una l\u00e1stima, pero no hab\u00eda alojamiento para todos. Este a\u00f1o rondaremos los 100 participantes, pero nos han llamado muchas Federaciones que les gustar\u00eda venir. Ibiza es un destino que gusta a todo el mundo\u00bb, explic\u00f3. En ese sentido, abri\u00f3 la puerta a la posibilidad de separar ambos eventos y buscar un fin de semana propio para la Cicloturista J\u00fanior.<\/p>\n","protected":false},"excerpt":{"rendered":"Este mi\u00e9rcoles se ha presentado la XXII Vuelta Cicloturista a Ibiza. Una cita que este a\u00f1o destaca por&hellip;\n","protected":false},"author":2,"featured_media":152906,"comment_status":"","ping_status":"","sticky":false,"template":"","format":"standard","meta":{"footnotes":""},"categories":[273],"tags":[313,312,10586,168,25,24,23,167],"class_list":{"0":"post-152905","1":"post","2":"type-post","3":"status-publish","4":"format-standard","5":"has-post-thumbnail","7":"category-ciclismo","8":"tag-ciclismo","9":"tag-cycling","10":"tag-deporte-ibiza","11":"tag-deportes","12":"tag-es","13":"tag-espana","14":"tag-spain","15":"tag-sports"},"share_on_mastodon":{"url":"","error":""},"_links":{"self":[{"href":"https:\/\/www.europesays.com\/es\/wp-json\/wp\/v2\/posts\/152905","targetHints":{"allow":["GET"]}}],"collection":[{"href":"https:\/\/www.europesays.com\/es\/wp-json\/wp\/v2\/posts"}],"about":[{"href":"https:\/\/www.europesays.com\/es\/wp-json\/wp\/v2\/types\/post"}],"author":[{"embeddable":true,"href":"https:\/\/www.europesays.com\/es\/wp-json\/wp\/v2\/users\/2"}],"replies":[{"embeddable":true,"href":"https:\/\/www.europesays.com\/es\/wp-json\/wp\/v2\/comments?post=152905"}],"version-history":[{"count":0,"href":"https:\/\/www.europesays.com\/es\/wp-json\/wp\/v2\/posts\/152905\/revisions"}],"wp:featuredmedia":[{"embeddable":true,"href":"https:\/\/www.europesays.com\/es\/wp-json\/wp\/v2\/media\/152906"}],"wp:attachment":[{"href":"https:\/\/www.europesays.com\/es\/wp-json\/wp\/v2\/media?parent=152905"}],"wp:term":[{"taxonomy":"category","embeddable":true,"href":"https:\/\/www.europesays.com\/es\/wp-json\/wp\/v2\/categories?post=152905"},{"taxonomy":"post_tag","embeddable":true,"href":"https:\/\/www.europesays.com\/es\/wp-json\/wp\/v2\/tags?post=152905"}],"curies":[{"name":"wp","href":"https:\/\/api.w.org\/{rel}","templated":true}]}}