{"id":152907,"date":"2025-10-02T14:31:13","date_gmt":"2025-10-02T14:31:13","guid":{"rendered":"https:\/\/www.europesays.com\/es\/152907\/"},"modified":"2025-10-02T14:31:13","modified_gmt":"2025-10-02T14:31:13","slug":"dos-leyendas-de-la-formula-1-se-reunen-muy-cerca-de-vigo-en-un-evento-unico-para-los-amantes-del-motor","status":"publish","type":"post","link":"https:\/\/www.europesays.com\/es\/152907\/","title":{"rendered":"Dos leyendas de la F\u00f3rmula 1 se re\u00fanen muy cerca de Vigo en un evento \u00fanico para los amantes del motor"},"content":{"rendered":"<p class=\"paragraph\" id=\"paragraph_1\">Los gallegos aficionados al mundo del motor est\u00e1n de suerte: <strong>desde el 3 y hasta el 5 de octubre<\/strong> vuelve a <strong>EXPONOR (Matosinhos)<\/strong>, <strong>autoCl\u00e1ssico Porto 2025<\/strong>, el mayor sal\u00f3n de veh\u00edculos cl\u00e1sicos de la Pen\u00ednsula para celebrar su <strong>XXII edici\u00f3n<\/strong>.<\/p>\n<p><img loading=\"lazy\" decoding=\"async\" alt=\"Imagen de un radar en carretera.\" height=\"180\" src=\"https:\/\/www.europesays.com\/es\/wp-content\/uploads\/2025\/10\/1003743870946_257706992_320x180.jpg\" width=\"320\" data-lazy-status=\"processed\" data-lazy-info=\"remove loading item 1\"\/><\/p>\n<p class=\"paragraph\" id=\"paragraph_2\">Este evento que tiene lugar en la localidad portuguesa de Matosinhos, <strong>a un paso de Vigo<\/strong>, se perfila como una de las m\u00e1s multitudinarias hasta la fecha, con <strong>m\u00e1s de 70.000 m\u00b2 de exposici\u00f3n<\/strong> y la participaci\u00f3n de <strong>miles de expositores y aficionados de toda Europa<\/strong>.<\/p>\n<p>Dos leyendas en una cita \u00fanica<\/p>\n<p><img decoding=\"async\" alt=\"Fittipaldi en otra edici\u00f3n de autoCl\u00e1ssico\" data-imgm=\"true\" height=\"180\" loading=\"lazy\"  src=\"https:\/\/www.europesays.com\/es\/wp-content\/uploads\/2025\/10\/1003743950990_259120560_1024x576.jpg\"  width=\"320\"\/><\/p>\n<p>                                                            Fittipaldi en otra edici\u00f3n de autoCl\u00e1ssico<\/p>\n<p>                    Cedida<\/p>\n<p class=\"paragraph\" id=\"paragraph_3\">Es un evento al que <strong>asisten cientos de gallegos aficionados al mundo del motor<\/strong>, pues es una gran oportunidad para ver, en un solo fin de semana, cientos de coches y motos que raramente se pueden ver juntos en un mismo espacio.<\/p>\n<p class=\"paragraph\" id=\"paragraph_4\">Junto a las <strong>exposiciones de veh\u00edculos cl\u00e1sicos<\/strong> y la <strong>venta de todo tipo de productos y servicios del sector<\/strong>, el <strong>s\u00e1bado 4<\/strong> se contar\u00e1 con la presencia de 2 nombres legendarios de la F\u00f3rmula 1: <strong>Emerson Fittipaldi<\/strong> (doble campe\u00f3n del mundo) y <strong>Riccardo Patrese<\/strong> (con 256 Grandes Premios disputados).<\/p>\n<p><img decoding=\"async\" alt=\"Patrese\" data-imgm=\"true\" height=\"180\" loading=\"lazy\"  src=\"https:\/\/www.europesays.com\/es\/wp-content\/uploads\/2025\/10\/1003743950992_259120605_1024x576.jpg\"  width=\"320\"\/><\/p>\n<p class=\"paragraph\" id=\"paragraph_5\">Ambos participar\u00e1n en diversas actividades dentro del sal\u00f3n, ofreciendo a los fans una oportunidad irrepetible para verlos en persona, hacerse fotos y compartir su pasi\u00f3n por el mundo del motor.<\/p>\n<p class=\"paragraph\" id=\"paragraph_6\">La entrada al autoCl\u00e1ssico Porto tambi\u00e9n permite acceder a <strong>dos eventos<\/strong> integrados que mejorar\u00e1n, y mucho, la experiencia:<\/p>\n<ul class=\"content__summary-list content__summary-list--bullets\">\n<li class=\"summary-list__item\"><strong>Exclusive Top Cars<\/strong>: una zona dedicada a los superdeportivos m\u00e1s exclusivos, con presencia de marcas de lujo, as\u00ed como aeronaves y lanchas de alta gama<\/li>\n<li class=\"summary-list__item\"><strong>MotorXperience<\/strong>: espacio dedicado al automovilismo real y virtual, con simuladores de \u00faltima generaci\u00f3n, campeonato de pericias y ambiente de paddock<\/li>\n<\/ul>\n<p>Espect\u00e1culo dentro y fuera del recinto<\/p>\n<p><img decoding=\"async\" alt=\"Veh\u00edculo cl\u00e1sico\" data-imgm=\"true\" height=\"180\" loading=\"lazy\"  src=\"https:\/\/www.europesays.com\/es\/wp-content\/uploads\/2025\/10\/1003743951004_259120849_1024x576.jpg\"  width=\"320\"\/><\/p>\n<p>                                                            Veh\u00edculo cl\u00e1sico<\/p>\n<p>                    Cedida<\/p>\n<p class=\"paragraph\" id=\"paragraph_7\">Como cada a\u00f1o, <strong>cientos de visitantes acudir\u00e1n con sus propios veh\u00edculos cl\u00e1sicos<\/strong>, formando una gran concentraci\u00f3n popular que tambi\u00e9n podr\u00e1 visitarse en el exterior de Exponor.<\/p>\n<p class=\"paragraph\" id=\"paragraph_8\">El autoCl\u00e1ssico Porto abrir\u00e1 el viernes de 15:00 a 20:00 horas (hora portuguesa), y el s\u00e1bado y domingo de 10:00 a 20:00 horas. Las <strong>entradas<\/strong> est\u00e1n disponibles en <a href=\"https:\/\/eventosmotor.com\/\" rel=\"nofollow noopener\" target=\"_blank\">este link<\/a>, con un precio <strong>entre 10 y 15 euros y acceso a todas las \u00e1reas del sal\u00f3n<\/strong>.<\/p>\n","protected":false},"excerpt":{"rendered":"Los gallegos aficionados al mundo del motor est\u00e1n de suerte: desde el 3 y hasta el 5 de&hellip;\n","protected":false},"author":2,"featured_media":152908,"comment_status":"","ping_status":"","sticky":false,"template":"","format":"standard","meta":{"footnotes":""},"categories":[270],"tags":[9741,1763,168,25,24,306,271,272,2362,46132,8677,23,167,10152,1274],"class_list":{"0":"post-152907","1":"post","2":"type-post","3":"status-publish","4":"format-standard","5":"has-post-thumbnail","7":"category-formula-1","8":"tag-automocion","9":"tag-automovilismo","10":"tag-deportes","11":"tag-es","12":"tag-espana","13":"tag-f1","14":"tag-formula-1","15":"tag-formula1","16":"tag-motor","17":"tag-norte-de-portugal","18":"tag-planes","19":"tag-spain","20":"tag-sports","21":"tag-vehiculos","22":"tag-vigo"},"share_on_mastodon":{"url":"","error":""},"_links":{"self":[{"href":"https:\/\/www.europesays.com\/es\/wp-json\/wp\/v2\/posts\/152907","targetHints":{"allow":["GET"]}}],"collection":[{"href":"https:\/\/www.europesays.com\/es\/wp-json\/wp\/v2\/posts"}],"about":[{"href":"https:\/\/www.europesays.com\/es\/wp-json\/wp\/v2\/types\/post"}],"author":[{"embeddable":true,"href":"https:\/\/www.europesays.com\/es\/wp-json\/wp\/v2\/users\/2"}],"replies":[{"embeddable":true,"href":"https:\/\/www.europesays.com\/es\/wp-json\/wp\/v2\/comments?post=152907"}],"version-history":[{"count":0,"href":"https:\/\/www.europesays.com\/es\/wp-json\/wp\/v2\/posts\/152907\/revisions"}],"wp:featuredmedia":[{"embeddable":true,"href":"https:\/\/www.europesays.com\/es\/wp-json\/wp\/v2\/media\/152908"}],"wp:attachment":[{"href":"https:\/\/www.europesays.com\/es\/wp-json\/wp\/v2\/media?parent=152907"}],"wp:term":[{"taxonomy":"category","embeddable":true,"href":"https:\/\/www.europesays.com\/es\/wp-json\/wp\/v2\/categories?post=152907"},{"taxonomy":"post_tag","embeddable":true,"href":"https:\/\/www.europesays.com\/es\/wp-json\/wp\/v2\/tags?post=152907"}],"curies":[{"name":"wp","href":"https:\/\/api.w.org\/{rel}","templated":true}]}}