{"id":15291,"date":"2025-07-31T02:30:22","date_gmt":"2025-07-31T02:30:22","guid":{"rendered":"https:\/\/www.europesays.com\/es\/15291\/"},"modified":"2025-07-31T02:30:22","modified_gmt":"2025-07-31T02:30:22","slug":"he-dejado-la-marihuana-la-masturbacion-y-las-redes-sociales","status":"publish","type":"post","link":"https:\/\/www.europesays.com\/es\/15291\/","title":{"rendered":"He dejado la marihuana, la masturbaci\u00f3n y las redes sociales"},"content":{"rendered":"<p>&#13;<br \/>\n                    &#13;<br \/>\n                        &#13;<br \/>\n&#13;<\/p>\n<p>El peleador no pudo retener el t\u00edtulo de peso gallo en septiembre de 2024 y est\u00e1 decidido a cambiar por completo su carrera deportiva.<\/p>\n<p>&#13;<br \/>\n<img decoding=\"async\" class=\"mainImg r16x9\" width=\"416\" height=\"234\" fetchpriority=\"high\" src=\"https:\/\/www.europesays.com\/es\/wp-content\/uploads\/2025\/07\/sean-o-malley_416x234.webp\"  alt=\"Sean O Malley\" title=\"Sean O Malley\"\/> Sean O\u00b4Malley implementar\u00e1 una serie de cambios decisivos en su vida (Christian Petersen\/Getty Images)<\/p>\n<p>        <b>Sean O\u00b4Malley<\/b>, uno de <b>los luchadores de<\/b> <b>UFC que m\u00e1s p\u00fablico atrae<\/b>, <b>se encuentra en un momento crucial de su carrera deportiva<\/b>. Tras <b>perder el t\u00edtulo de peso gallo ante Merab Dvalishvili en septiembre de 2024<\/b> y recuperarse de una operaci\u00f3n de cadera que lo alej\u00f3 del oct\u00f3gono, <b>est\u00e1 dispuesto a realizar cambios en su vida para recuperar el cintur\u00f3n<\/b>.<\/p>\n<p>En su podcast, TimboSugarShow, asegur\u00f3 que <b>dej\u00f3 las redes sociales desde que arranc\u00f3 el a\u00f1o<\/b>. Si bien sol\u00eda ser un usuario activo, lo cierto es que <b>O\u00b4Malley est\u00e1 seguro de que \u00e9sta decisi\u00f3n ser\u00e1 positiva en su rendimiento dentro de la jaula<\/b>.<\/p>\n<p>&#13;<\/p>\n<p>        Seg\u00fan coment\u00f3 el norteamericano, <b>liberarse de la exposici\u00f3n en internet le ayud\u00f3 a enfocarse en su entrenamiento, recuperaci\u00f3n y aspiraciones personales<\/b>: \u00abDejar de usar redes sociales fue clave. Decid\u00ed que en 2025 simplemente las eliminar\u00eda de mi vida, y la diferencia en apenas tres meses es incre\u00edble. Estoy convencido de que esto influir\u00e1 directamente en lo que pueda lograr en el oct\u00e1gono\u00bb.<\/p>\n<p>Tambi\u00e9n explic\u00f3 que <b>abandon\u00f3 el consumo de marihuana<\/b>, una pr\u00e1ctica de la que habl\u00f3 con normalidad anteriormente: \u00abDej\u00e9 de fumar de repente porque ya no me hac\u00eda sentir bien. Desde entonces, duermo mejor, me siento m\u00e1s descansado y, sinceramente, ya no tengo ni el deseo ni la necesidad. Creo que este cambio fue uno de los mejores para mi salud f\u00edsica y mental\u00bb.<\/p>\n<p><img decoding=\"async\" class=\"mainImg r16x9\" width=\"416\" height=\"234\" fetchpriority=\"low\" loading=\"lazy\" src=\"https:\/\/www.europesays.com\/es\/wp-content\/uploads\/2025\/07\/1753929019_729_sean-o-malley_416x234.webp\"  alt=\"Sean O Malley\" title=\"Sean O Malley\"\/> O\u00b4Malley el d\u00eda que perdi\u00f3 el t\u00edtulo de peso gallo ante Dvalishvili (Christian Petersen\/Getty Images).<\/p>\n<p>        No s\u00f3lo eso, sino que adem\u00e1s <b>ha dejado atr\u00e1s algunos h\u00e1bitos personales<\/b>. Entre ellos, <b>no masturbarse<\/b>: \u00abNo me he masturbado ni una sola vez este a\u00f1o\u00bb, asegur\u00f3 el nacido en Montana, que <b>tambi\u00e9n decidi\u00f3 reducir sus tiempos de ocio<\/b>. Explic\u00f3 que jugaba videojuegos \u00abunas dos o tres horas al d\u00eda\u00bb pero que ese tiempo lo utiliza para \u00abhacer cosas m\u00e1s productivas y enriquecedoras\u00bb como por ejemplo jugar partidas de p\u00f3ker con amigos, algo que le pareci\u00f3 m\u00e1s \u00abdivertido y social\u00bb.<\/p>\n<p><b>El 7 de junio<\/b> ser\u00e1 el d\u00eda en el que <b>tendr\u00e1 que evidenciar que todos estos cambios hicieron efecto<\/b>, cuando tenga <b>revancha ante Dvalishvili<\/b>. Si bien no significa una victoria asegurada, lo cierto es que <b>O\u00b4Malley<\/b>, con todos estos ajustes, <b>espera demostrar una versi\u00f3n m\u00e1s completa de s\u00ed mismo<\/b>.<\/p>\n<p>&#13;<\/p>\n<p class=\"subs-tag\">&#13;<br \/>\n            &#13;<br \/>\n            &#13;<br \/>\n            &#13;<br \/>\n            &#13;<br \/>\n            &#13;<br \/>\n         No te pierdas nada<\/p>\n<p>        &#13;<br \/>\n            Recib\u00ed las \u00faltimas noticias de Artes Marciales \u00a1y m\u00e1s!    &#13;<br \/>\n    &#13;<\/p>\n<p>&#13;<br \/>\n    &#13;<br \/>\n       &#13;<br \/>\n&#13;<br \/>\n        Te puede interesar<a href=\"https:\/\/www.tycsports.com\/polideportivo\/escandalo-en-mma-por-un-gesto-obsceno-que-derivo-en-una-reaccion-a-las-pinas-id647362.html\" onclick=\"ga4SelectContentEvent(&quot;Esc\\u00e1ndalo en MMA: gesto obsceno y una reacci\\u00f3n a las pi\\u00f1as&quot;,&quot;Polideportivo&quot;,&quot;page_nota-comun-2024-blo_4109&quot;,&quot;Federico Gullo&quot;);\" class=\"cardImageHolder\" rel=\"nofollow noopener\" target=\"_blank\">&#13;<br \/>\n                    &#13;<br \/>\n                    &#13;<br \/>\n                <img decoding=\"async\" class=\"cardImage r16x9\" width=\"416\" height=\"234\" fetchpriority=\"low\" loading=\"lazy\" src=\"https:\/\/www.europesays.com\/es\/wp-content\/uploads\/2025\/07\/max-holzer_416x234.webp.webp\"  alt=\"Esc\u00e1ndalo en MMA: gesto obsceno y una reacci\u00f3n a las pi\u00f1as\" title=\"Esc\u00e1ndalo en MMA: gesto obsceno y una reacci\u00f3n a las pi\u00f1as\"\/><\/a><a href=\"https:\/\/www.tycsports.com\/polideportivo\/cain-velazquez-mitico-campeon-ufc-condenado-homicidio--id644142.html\" onclick=\"ga4SelectContentEvent(&quot;El m\\u00edtico campe\\u00f3n de la UFC que fue condenado por homicidio&quot;,&quot;Polideportivo&quot;,&quot;page_nota-comun-2024-blo_4109&quot;,&quot;Francesco Enrico&quot;);\" class=\"cardImageHolder\" rel=\"nofollow noopener\" target=\"_blank\"><img decoding=\"async\" class=\"cardImage r16x9\" width=\"416\" height=\"234\" fetchpriority=\"low\" loading=\"lazy\" src=\"https:\/\/www.europesays.com\/es\/wp-content\/uploads\/2025\/07\/cain-velazquez_416x234.webp\"  alt=\"El m\u00edtico campe\u00f3n de la UFC que fue condenado por homicidio\" title=\"El m\u00edtico campe\u00f3n de la UFC que fue condenado por homicidio\"\/><\/a><a href=\"https:\/\/www.tycsports.com\/polideportivo\/kevin-vallejos-debut-ufc-knockout-artes-marciales-pelea-boxeo-argentina--id642158.html\" onclick=\"ga4SelectContentEvent(&quot;El argentino Vallejos debut\\u00f3 en la UFC con un espectacular nocaut&quot;,&quot;Polideportivo&quot;,&quot;page_nota-comun-2024-blo_4109&quot;,&quot;Mat\\u00edas Besana&quot;);\" class=\"cardImageHolder\" rel=\"nofollow noopener\" target=\"_blank\">&#13;<br \/>\n                    &#13;<br \/>\n                    &#13;<br \/>\n                <img decoding=\"async\" class=\"cardImage r16x9\" width=\"416\" height=\"234\" fetchpriority=\"low\" loading=\"lazy\" src=\"https:\/\/www.europesays.com\/es\/wp-content\/uploads\/2025\/07\/kevin-vallejos-tras-su-debut-victorioso-en-la-ufc-_416x234.webp\"  alt=\"El argentino Vallejos debut\u00f3 en la UFC con un espectacular nocaut\" title=\"El argentino Vallejos debut\u00f3 en la UFC con un espectacular nocaut\"\/><\/a><a href=\"https:\/\/www.tycsports.com\/polideportivo\/rick-simon-javid-basharat-velada-ufc-seattle-boxeo-id637425.html\" onclick=\"ga4SelectContentEvent(&quot;Golpe en la cara y remate en el suelo: el estremecedor nocaut que preocup\\u00f3 a la UFC&quot;,&quot;Polideportivo&quot;,&quot;page_nota-comun-2024-blo_4109&quot;,&quot;Mat\\u00edas Besana&quot;);\" class=\"cardImageHolder\" rel=\"nofollow noopener\" target=\"_blank\">&#13;<br \/>\n                    &#13;<br \/>\n                    &#13;<br \/>\n                <img decoding=\"async\" class=\"cardImage r16x9\" width=\"416\" height=\"234\" fetchpriority=\"low\" loading=\"lazy\" src=\"https:\/\/www.europesays.com\/es\/wp-content\/uploads\/2025\/07\/escalofriante-nocaut-en-la-ufc-_416x234.webp\"  alt=\"Golpe en la cara y remate en el suelo: el estremecedor nocaut que preocup\u00f3 a la UFC\" title=\"Golpe en la cara y remate en el suelo: el estremecedor nocaut que preocup\u00f3 a la UFC\"\/><\/a><a href=\"https:\/\/www.tycsports.com\/polideportivo\/cartelera-ufc-312-las-peleas-una-por-una-id632834.html\" onclick=\"ga4SelectContentEvent(&quot;Cartelera UFC 312: las peleas, una por una&quot;,&quot;Polideportivo&quot;,&quot;page_nota-comun-2024-blo_4109&quot;,&quot;Bruno Distefano&quot;);\" class=\"cardImageHolder\" rel=\"nofollow noopener\" target=\"_blank\"><img decoding=\"async\" class=\"cardImage r16x9\" width=\"416\" height=\"234\" fetchpriority=\"low\" loading=\"lazy\" src=\"https:\/\/www.europesays.com\/es\/wp-content\/uploads\/2025\/07\/ufc-312_416x234.webp.webp\"  alt=\"Cartelera UFC 312: las peleas, una por una\" title=\"Cartelera UFC 312: las peleas, una por una\"\/><\/a><a href=\"https:\/\/www.tycsports.com\/polideportivo\/dricus-du-plessis-vs-sean-strickland-2-en-vivo-donde-ver-por-tv-y-online-id632754.html\" onclick=\"ga4SelectContentEvent(&quot;Dricus du Plessis vs. Sean Strickland 2, EN VIVO: d\\u00f3nde ver por TV y ONLINE&quot;,&quot;Polideportivo&quot;,&quot;page_nota-comun-2024-blo_4109&quot;,&quot;Bruno Distefano&quot;);\" class=\"cardImageHolder\" rel=\"nofollow noopener\" target=\"_blank\"><img decoding=\"async\" class=\"cardImage r16x9\" width=\"416\" height=\"234\" fetchpriority=\"low\" loading=\"lazy\" src=\"https:\/\/www.europesays.com\/es\/wp-content\/uploads\/2025\/07\/dricus-du-plessis-vs-sean-strickland_416x234.webp.webp\"  alt=\"Dricus du Plessis vs. Sean Strickland 2, EN VIVO: d\u00f3nde ver por TV y ONLINE\" title=\"Dricus du Plessis vs. Sean Strickland 2, EN VIVO: d\u00f3nde ver por TV y ONLINE\"\/><\/a>&#13;<br \/>\n&#13;<br \/>\n    &#13;<br \/>\n&#13;<br \/>\n&#13;<br \/>\n                  &#13;<\/p>\n","protected":false},"excerpt":{"rendered":"&#13; &#13; &#13; &#13; El peleador no pudo retener el t\u00edtulo de peso gallo en septiembre de 2024&hellip;\n","protected":false},"author":2,"featured_media":15292,"comment_status":"","ping_status":"","sticky":false,"template":"","format":"standard","meta":{"footnotes":""},"categories":[276],"tags":[1488,168,25,24,23,167,343],"class_list":{"0":"post-15291","1":"post","2":"type-post","3":"status-publish","4":"format-standard","5":"has-post-thumbnail","7":"category-ufc","8":"tag-artes-marciales","9":"tag-deportes","10":"tag-es","11":"tag-espana","12":"tag-spain","13":"tag-sports","14":"tag-ufc"},"share_on_mastodon":{"url":"","error":""},"_links":{"self":[{"href":"https:\/\/www.europesays.com\/es\/wp-json\/wp\/v2\/posts\/15291","targetHints":{"allow":["GET"]}}],"collection":[{"href":"https:\/\/www.europesays.com\/es\/wp-json\/wp\/v2\/posts"}],"about":[{"href":"https:\/\/www.europesays.com\/es\/wp-json\/wp\/v2\/types\/post"}],"author":[{"embeddable":true,"href":"https:\/\/www.europesays.com\/es\/wp-json\/wp\/v2\/users\/2"}],"replies":[{"embeddable":true,"href":"https:\/\/www.europesays.com\/es\/wp-json\/wp\/v2\/comments?post=15291"}],"version-history":[{"count":0,"href":"https:\/\/www.europesays.com\/es\/wp-json\/wp\/v2\/posts\/15291\/revisions"}],"wp:featuredmedia":[{"embeddable":true,"href":"https:\/\/www.europesays.com\/es\/wp-json\/wp\/v2\/media\/15292"}],"wp:attachment":[{"href":"https:\/\/www.europesays.com\/es\/wp-json\/wp\/v2\/media?parent=15291"}],"wp:term":[{"taxonomy":"category","embeddable":true,"href":"https:\/\/www.europesays.com\/es\/wp-json\/wp\/v2\/categories?post=15291"},{"taxonomy":"post_tag","embeddable":true,"href":"https:\/\/www.europesays.com\/es\/wp-json\/wp\/v2\/tags?post=15291"}],"curies":[{"name":"wp","href":"https:\/\/api.w.org\/{rel}","templated":true}]}}