{"id":152913,"date":"2025-10-02T14:34:14","date_gmt":"2025-10-02T14:34:14","guid":{"rendered":"https:\/\/www.europesays.com\/es\/152913\/"},"modified":"2025-10-02T14:34:14","modified_gmt":"2025-10-02T14:34:14","slug":"paloma-rocasolano-la-incansable-ayuda-en-la-sombra-para-telma-ortiz-tras-su-separacion-pisos-y-cuidados","status":"publish","type":"post","link":"https:\/\/www.europesays.com\/es\/152913\/","title":{"rendered":"Paloma Rocasolano, la incansable ayuda en la sombra para Telma Ortiz tras su separaci\u00f3n: pisos y cuidados"},"content":{"rendered":"<p>Cuando las ni\u00f1as eran peque\u00f1as, Letizia lo ten\u00eda clar\u00edsimo. Si ten\u00eda que llamar a alguna persona para que le echara una mano con las ni\u00f1as, esa era su madre. La abuela Paloma se encarg\u00f3 de Leonor y Sof\u00eda todas las veces que sus padres tuvieron que ausentarse de casa por motivos de trabajo. Con los a\u00f1os, esta exenfermera acab\u00f3 convertida en<strong> la gran salvadora de sus hijas. Tambi\u00e9n de Telma<\/strong>.\u00a0<\/p>\n<p>Telma, en una complicada situaci\u00f3n\u00a0<\/p>\n<p>Telma ha recurrido a su madre en innumerables ocasiones, y, ahora que <a href=\"https:\/\/www.lecturas.com\/actualidad\/casas-reales\/nueva-vida-telma-ortiz-tras-su-abrupta-separacion-apoyo-letizia-a-su-mudanza_181894\" rel=\"nofollow noopener\" target=\"_blank\">se acaba de separar<\/a>, ha vuelto a solicitar su ayuda. Hace unos d\u00edas, la noticia de su ruptura con el abogado <strong>Robert Gavin Bonnar<\/strong> sorprend\u00eda a todos. El mi\u00e9rcoles 1 de octubre, la revista Lecturas iba m\u00e1s all\u00e1 y desvelaba la complicada situaci\u00f3n econ\u00f3mica que atravesaba la pareja, que le hab\u00eda llevado a <a href=\"https:\/\/www.lecturas.com\/actualidad\/casas-reales\/exclusiva-telma-ortiz-hermana-letizia-separada-y-borde-desahucio_182010\" rel=\"nofollow noopener\" target=\"_blank\">deber dos meses de alquiler de la casa <\/a>en la que construyeron su hogar.\u00a0<\/p>\n<p><a href=\"https:\/\/www.lecturas.com\/actualidad\/luis-pliego-director-revista-lecturas-cuenta-todos-detalles-denuncia-desahucio-contra-telma-ortiz-y-robert-gavin-bonnar_182025\" rel=\"nofollow noopener\" target=\"_blank\">Tal y como explic\u00f3 Luis Pliego<\/a>, director de la revista, Telma y Robert viv\u00edan en un incre\u00edble chalet por el que pagaban\u00a0<strong>un alquiler de 5000 euros mensuales<\/strong>. Un precio muy elevado al que pod\u00edan hacer frente gracias al trabajo de Telma al frente de diferentes organizaciones filantr\u00f3picas; la \u00faltima, el Banco de Desarrollo de Am\u00e9rica Latina y el Caribe. La vivienda, ubicada en una exclusiva zona de Madrid, el Soto de la Moraleja, contaba con toda clase de comodidades, y, lo que ellos m\u00e1s valoraban, era extremadamente segura.\u00a0<\/p>\n<p><img loading=\"lazy\" decoding=\"async\"   src=\"https:\/\/www.europesays.com\/es\/wp-content\/uploads\/2025\/10\/telma-ortiz-y-robert-gavin-bonnar_e5e682ac_251002101455_1200x800.webp.webp\" alt=\"Telma Ortiz y Robert Gavin Bonnar \" class=\"lazyload\" width=\"1200\" height=\"800\" data-aspectratio=\"1200\/800\"\/><\/p>\n<p>Telma se acaba de serparar de su \u00faltima pareja, Robert Gavin Bonnar<\/p>\n<p>&#13;Gtres<\/p>\n<p>Pero, tras dos a\u00f1os siendo pagadores puntuales, desde el mes de mayo, los inquilinos dejaron de abonar la cantidad fijada por el propietario. Entonces, tal y como explic\u00f3 Pliego en \u2018El programa de Ana Rosa\u2019, estos recurrieron al dinero dispuesto en la fianza (3 meses de alquiler, unos 15.000 euros), que ellos previamente hab\u00edan abonado cuando se formaliz\u00f3 el alquiler de la vivienda. \u00bfQu\u00e9 ocurrido entonces? Que una vez que ese dinero de la fianza ya se ha liquidado,<strong> los habitantes siguen sin pagar, pero tampoco han hecho amago de dejar de vivir en la casa<\/strong>; por lo que a la propietaria no le ha quedado m\u00e1s remedio que, al segundo mes de impago, interponer una demanda.\u00a0<\/p>\n<p><img loading=\"lazy\" decoding=\"async\"   src=\"https:\/\/www.europesays.com\/es\/wp-content\/uploads\/2025\/10\/telma-ortiz-y-robert-gavin_11e20601_028_251002101544_1200x1800.webp.webp\" alt=\"Telma Ortiz y Robert Gavin \" class=\"lazyload\" width=\"1200\" height=\"1800\" data-aspectratio=\"1200\/1800\"\/><\/p>\n<p>La pareja ha sido demandada por impago de la vivienda en la que hab\u00edan estado viviendo. Sobre ella pesa una demanda de desahucio<\/p>\n<p>&#13;GTRES<br \/>\nPaloma Rocasolano, al rescate de su hija<\/p>\n<p>La noticia de estos problemas de liquidez coinciden en el tiempo con la separaci\u00f3n de Telma y el abogado reconvertido a escritor. La hermana de Letizia, pese a figurar en el contrato de arrendamiento de la vivienda en Soto de la Moraleja, ya no vive en ella. La cooperante, junto a sus dos hijas,<strong> reside en la actualidad en una vivienda de su madre,<\/strong> Paloma. Y es aqu\u00ed donde su figura vuelve a adquirir relevancia.\u00a0<\/p>\n<p>Tal y como ha desvelado la revista Hola, Paloma Rocasolano ha dispuesto para su hija y sus dos nietas una de sus viviendas. De esta manera, el matrimonio roto no ha tenido que quedarse viviendo bajo el mismo techo, lo cual habr\u00eda sido muy doloroso para ambos, as\u00ed como para la peque\u00f1a que comparten. Cuando la pareja tom\u00f3 la decisi\u00f3n de romper, la hermana de la Reina hizo las maletas y se march\u00f3 a vivir a otro domicilio.\u00a0<\/p>\n<p><img loading=\"lazy\" decoding=\"async\"   src=\"https:\/\/www.europesays.com\/es\/wp-content\/uploads\/2025\/10\/telma-ortiz-y-paloma-rocasolano_b82320ae_251002101648_1200x1794.webp.webp\" alt=\"Telma Ortiz y Paloma Rocasolano\" class=\"lazyload\" width=\"1200\" height=\"1794\" data-aspectratio=\"1200\/1794\"\/><\/p>\n<p>Paloma Rocasolano ha prestado a su hija una de sus casas para que esta pueda instalarse tras su separaci\u00f3n<\/p>\n<p>&#13;Gtres<\/p>\n<p>\u00bfQu\u00e9 suceder\u00e1 ahora con la casa que compartieron y sobre la que pesa una demanda de desahucio? Est\u00e1 por ver. Supuestamente, Robert sigue habit\u00e1ndola, pero para Telma, aunque ya no viva en ella, no se han acabado los problemas, puesto que<strong> su nombre figura en el contrato de arrendamiento<\/strong>. Por tanto, es una deuda que contin\u00faan compartiendo tanto el irland\u00e9s como ella, y a la que deben hacerse cargo si no desean verse envueltos en un complicado pleito.\u00a0<\/p>\n<p><img decoding=\"async\" src=\"https:\/\/www.europesays.com\/es\/wp-content\/uploads\/2025\/10\/letizia_f44049f2_251002110248_800x800.webp.webp\" alt=\"Letizia\" class=\"image lazyload\"\/><img loading=\"lazy\" decoding=\"async\" src=\"https:\/\/www.europesays.com\/es\/wp-content\/uploads\/2025\/10\/letizia_f44049f2_251002110300_1280x720.webp.webp\" alt=\"La reina Letizia, arrebatadora con la falda de cuero m\u00e1s atrevida de su armario: de silueta l\u00e1piz, rosa y con apertura\" class=\"image lazyload\" width=\"1280\" height=\"720\" data-aspectratio=\"1280\/720\"\/>Casa y servicios de &#8216;canguro&#8217;<\/p>\n<p>Afortunadamente para Telma, aunque todav\u00eda tiene mucho a lo que hacer frente, tiene la casa asegurada. Y eso, en una ciudad como Madrid, es todo un logro. Y, si puede descansar por ese lado, es gracias a <strong>la ayuda en la sombra de su progenitora<\/strong>, que prefiere la discreci\u00f3n y que siempre ha estado al lado de sus hijas en cuanto estas la han necesitado. Y esto es solo un ejemplo m\u00e1s de ello.\u00a0<\/p>\n<p><img loading=\"lazy\" decoding=\"async\"   src=\"https:\/\/www.europesays.com\/es\/wp-content\/uploads\/2025\/10\/telma-y-paloma_d017979e_251002102144_1200x788.webp.webp\" alt=\"telma y paloma\" class=\"lazyload\" width=\"1200\" height=\"788\" data-aspectratio=\"1200\/788\"\/><\/p>\n<p>Paloma siempre ha ayudado a sus hijas y se volc\u00f3 especialmente con Telma cuando est\u00e1 se qued\u00f3 embarazada hace 4 a\u00f1os\u00a0<\/p>\n<p>&#13;GTRES<\/p>\n<p>Cuando naci\u00f3 la hija peque\u00f1a de Telma, Paloma se volc\u00f3 con la beb\u00e9. Sus nietas mayores ya eran adolescentes, algunas ya eran mayores de edad por lo que pudo volver a vivir lo que es <strong>cuidar de un beb\u00e9 y colmarle de cari\u00f1o <\/strong>y atenciones. Entonces, la prensa de papel public\u00f3 instant\u00e1neas de madre e hija compartiendo salidas por Madrid, mientras la segunda llevaba a la reci\u00e9n nacida en una mochilita de porteo. Paloma, con esa preocupaci\u00f3n tan de abuela, cuidaba de que a la ni\u00f1a no le diera fr\u00edo en las piernecitas y se las cubr\u00eda con mimo y ternura. Aquel instante que captaron las c\u00e1maras fue solo un ejemplo de todo lo que Paloma ha hecho sin que nadie la viera. Desvivi\u00e9ndose siempre por sus ni\u00f1as y siendo un apoyo incasable para ellas.\u00a0<\/p>\n<p><img loading=\"lazy\" decoding=\"async\"   src=\"https:\/\/www.europesays.com\/es\/wp-content\/uploads\/2025\/10\/paloma-y-marcus_1892fe61_251002102414_1200x800.webp.webp\" alt=\"paloma y marcus\" class=\"lazyload\" width=\"1200\" height=\"800\" data-aspectratio=\"1200\/800\"\/><\/p>\n<p>Paloma vive desde 2025 en Murcia con su actual pareja,\u00a0Marcus Brandler<\/p>\n<p>&#13;GTRES<\/p>\n<p>Desde su <strong>mudanza a Murcia<\/strong>, Paloma no ha podido estar en el d\u00eda a d\u00eda de sus hijas como quiz\u00e1s antes s\u00ed que estaba. Este a\u00f1o, la matriarca del clan, acompa\u00f1ado de su pareja, el empresario Marcus Brandler, se ha instalado en la \u2018huerta de Espa\u00f1a\u2019, para alejarse del bullicio de la capital e iniciar una vida m\u00e1s tranquila (a\u00fan m\u00e1s discreta si cabe). Este movimiento ha hecho que quiz\u00e1s no pueda correr a socorrer en el d\u00eda a Telma y a Letizia, pero, con el gesto de prestarle su casa a la menor, ha demostrado que, aunque no est\u00e9, est\u00e1.\u00a0<\/p>\n","protected":false},"excerpt":{"rendered":"Cuando las ni\u00f1as eran peque\u00f1as, Letizia lo ten\u00eda clar\u00edsimo. Si ten\u00eda que llamar a alguna persona para que&hellip;\n","protected":false},"author":2,"featured_media":152914,"comment_status":"","ping_status":"","sticky":false,"template":"","format":"standard","meta":{"footnotes":""},"categories":[174],"tags":[255,146,147,25,24,256,23],"class_list":{"0":"post-152913","1":"post","2":"type-post","3":"status-publish","4":"format-standard","5":"has-post-thumbnail","7":"category-famosos","8":"tag-celebrities","9":"tag-entertainment","10":"tag-entretenimiento","11":"tag-es","12":"tag-espana","13":"tag-famosos","14":"tag-spain"},"share_on_mastodon":{"url":"","error":""},"_links":{"self":[{"href":"https:\/\/www.europesays.com\/es\/wp-json\/wp\/v2\/posts\/152913","targetHints":{"allow":["GET"]}}],"collection":[{"href":"https:\/\/www.europesays.com\/es\/wp-json\/wp\/v2\/posts"}],"about":[{"href":"https:\/\/www.europesays.com\/es\/wp-json\/wp\/v2\/types\/post"}],"author":[{"embeddable":true,"href":"https:\/\/www.europesays.com\/es\/wp-json\/wp\/v2\/users\/2"}],"replies":[{"embeddable":true,"href":"https:\/\/www.europesays.com\/es\/wp-json\/wp\/v2\/comments?post=152913"}],"version-history":[{"count":0,"href":"https:\/\/www.europesays.com\/es\/wp-json\/wp\/v2\/posts\/152913\/revisions"}],"wp:featuredmedia":[{"embeddable":true,"href":"https:\/\/www.europesays.com\/es\/wp-json\/wp\/v2\/media\/152914"}],"wp:attachment":[{"href":"https:\/\/www.europesays.com\/es\/wp-json\/wp\/v2\/media?parent=152913"}],"wp:term":[{"taxonomy":"category","embeddable":true,"href":"https:\/\/www.europesays.com\/es\/wp-json\/wp\/v2\/categories?post=152913"},{"taxonomy":"post_tag","embeddable":true,"href":"https:\/\/www.europesays.com\/es\/wp-json\/wp\/v2\/tags?post=152913"}],"curies":[{"name":"wp","href":"https:\/\/api.w.org\/{rel}","templated":true}]}}