{"id":152915,"date":"2025-10-02T14:35:09","date_gmt":"2025-10-02T14:35:09","guid":{"rendered":"https:\/\/www.europesays.com\/es\/152915\/"},"modified":"2025-10-02T14:35:09","modified_gmt":"2025-10-02T14:35:09","slug":"adolfo-enriquez-fotografo-un-fotografo-gallego-gana-uno-de-los-concursos-internacionales-mas-importantes-del-mundo","status":"publish","type":"post","link":"https:\/\/www.europesays.com\/es\/152915\/","title":{"rendered":"ADOLFO ENR\u00cdQUEZ FOT\u00d3GRAFO | Un fot\u00f3grafo gallego gana uno de los concursos internacionales m\u00e1s importantes del mundo"},"content":{"rendered":"<p class=\"ft-text\">Los prestigiosos &#8216;<strong>One Eyeland Awards&#8217;<\/strong> -uno de los <strong>concursos internacionales de fotograf\u00eda m\u00e1s importantes del mundo<\/strong>&#8211; han dado a conocer a sus ganadores.<\/p>\n<p class=\"ft-text\">Entre ellos, se encuentra el gallego <strong>Adolfo Enr\u00edquez <\/strong>(<a class=\"ft-link ft-link--decoration\" href=\"https:\/\/www.elcorreogallego.es\/tags\/porto-do-son\/\" target=\"_blank\" rel=\"nofollow noopener\"><strong>Porto do Son<\/strong><\/a>, 1965), que ha hecho historia al ser <strong>el primer espa\u00f1ol en lograr el t\u00edtulo de &#8216;Fot\u00f3grafo profesional del a\u00f1o&#8217;<\/strong>.<\/p>\n<p class=\"ft-text\">Con un total de 145 puntos, Enr\u00edquez se alz\u00f3 como ganador absoluto de la competici\u00f3n, superando al estadounidense Howard Schatz -con 95 puntos- y obteniendo la <strong>C\u00e1mara de Oro 2024; <\/strong>as\u00ed como un premio en met\u00e1lico de 5.000 d\u00f3lares.<\/p>\n<p class=\"ft-text\">Adem\u00e1s del triunfo global, el gallego recibi\u00f3 galardones en tres categor\u00edas: Deporte, Cultura Popular y Mejor Clasificado por Pa\u00eds, todas ellas con <strong>im\u00e1genes de tem\u00e1tica gallega<\/strong>, como sus trabajos sobre el <strong>Entroido <\/strong>o el <strong>P\u00f3rtico de la Gloria<\/strong>, realizados para Turismo de Galicia y la Fundaci\u00f3n Catedral, respectivamente.<\/p>\n<p>Un hito hist\u00f3rico para la fotograf\u00eda espa\u00f1ola<\/p>\n<p class=\"ft-text\">Organizado por la plataforma internacional <strong>One Eyeland<\/strong>, el concurso recibi\u00f3<strong> m\u00e1s de 3.000 im\u00e1genes<\/strong> de fot\u00f3grafos procedentes de 51 pa\u00edses.<\/p>\n<p class=\"ft-text\">El jurado, compuesto por <strong>doce reconocidos profesionales <\/strong>concedi\u00f3 un total de 636 certificados digitales (63 oros, 165 Platas y 408 bronces), adem\u00e1s de la <strong>C\u00e1mara de Oro 2024<\/strong>, la m\u00e1xima distinci\u00f3n y con la que se alz\u00f3 Adolfo Enr\u00edquez.<\/p>\n<p class=\"ft-text\">La victoria del gallego, nacido en Porto do Son y afincado en Santiago, es un <strong>hito para la historia de la fotograf\u00eda espa\u00f1ola<\/strong>, pues se ha convertido en el primer fot\u00f3grafo espa\u00f1ol en conseguir dicho t\u00edtulo.<\/p>\n<p>El gallego de la C\u00e1mara de Oro<\/p>\n<p class=\"ft-text\">No es la primera vez que las <strong>fotograf\u00edas de Adolfo Enr\u00edquez<\/strong> llaman la atenci\u00f3n de premios nacionales e internacionales.<\/p>\n<p class=\"ft-text\">Con una experiencia de <strong>m\u00e1s de 30 a\u00f1os <\/strong>como fot\u00f3grafo freelance, Enr\u00edquez ha sido galardonado en cert\u00e1menes como el <strong>Premio Nacional de Fotograf\u00eda Lux<\/strong> (tiene doce), 6 Oros en diferentes categor\u00edas de AFP, el premio Pangea en el Siena Internacional Photo Awards o sus <strong>dos nominaciones a los premios Goya de fotograf\u00eda<\/strong>; entre otros.<\/p>\n","protected":false},"excerpt":{"rendered":"Los prestigiosos &#8216;One Eyeland Awards&#8217; -uno de los concursos internacionales de fotograf\u00eda m\u00e1s importantes del mundo&#8211; han dado&hellip;\n","protected":false},"author":2,"featured_media":152916,"comment_status":"","ping_status":"","sticky":false,"template":"","format":"standard","meta":{"footnotes":""},"categories":[173],"tags":[229,233,231,230,7580,232,234,146,147,25,24,244,6638,816,785,4355,2661,532,23],"class_list":{"0":"post-152915","1":"post","2":"type-post","3":"status-publish","4":"format-standard","5":"has-post-thumbnail","7":"category-arte-y-diseno","8":"tag-arte","9":"tag-arte-y-diseno","10":"tag-arts","11":"tag-arts-and-design","12":"tag-concursos","13":"tag-design","14":"tag-diseno","15":"tag-entertainment","16":"tag-entretenimiento","17":"tag-es","18":"tag-espana","19":"tag-fotografia","20":"tag-fotografo","21":"tag-galicia","22":"tag-gallego","23":"tag-gana","24":"tag-internacionales","25":"tag-premios","26":"tag-spain"},"share_on_mastodon":{"url":"","error":""},"_links":{"self":[{"href":"https:\/\/www.europesays.com\/es\/wp-json\/wp\/v2\/posts\/152915","targetHints":{"allow":["GET"]}}],"collection":[{"href":"https:\/\/www.europesays.com\/es\/wp-json\/wp\/v2\/posts"}],"about":[{"href":"https:\/\/www.europesays.com\/es\/wp-json\/wp\/v2\/types\/post"}],"author":[{"embeddable":true,"href":"https:\/\/www.europesays.com\/es\/wp-json\/wp\/v2\/users\/2"}],"replies":[{"embeddable":true,"href":"https:\/\/www.europesays.com\/es\/wp-json\/wp\/v2\/comments?post=152915"}],"version-history":[{"count":0,"href":"https:\/\/www.europesays.com\/es\/wp-json\/wp\/v2\/posts\/152915\/revisions"}],"wp:featuredmedia":[{"embeddable":true,"href":"https:\/\/www.europesays.com\/es\/wp-json\/wp\/v2\/media\/152916"}],"wp:attachment":[{"href":"https:\/\/www.europesays.com\/es\/wp-json\/wp\/v2\/media?parent=152915"}],"wp:term":[{"taxonomy":"category","embeddable":true,"href":"https:\/\/www.europesays.com\/es\/wp-json\/wp\/v2\/categories?post=152915"},{"taxonomy":"post_tag","embeddable":true,"href":"https:\/\/www.europesays.com\/es\/wp-json\/wp\/v2\/tags?post=152915"}],"curies":[{"name":"wp","href":"https:\/\/api.w.org\/{rel}","templated":true}]}}