{"id":152917,"date":"2025-10-02T14:36:23","date_gmt":"2025-10-02T14:36:23","guid":{"rendered":"https:\/\/www.europesays.com\/es\/152917\/"},"modified":"2025-10-02T14:36:23","modified_gmt":"2025-10-02T14:36:23","slug":"el-autor-utrerano-fernando-serrano-presenta-su-novela-cartas-a-bea-en-la-biblioteca-este-viernes","status":"publish","type":"post","link":"https:\/\/www.europesays.com\/es\/152917\/","title":{"rendered":"El autor utrerano Fernando Serrano presenta su novela \u00abCartas a Bea\u00bb en la biblioteca este viernes"},"content":{"rendered":"<p><strong>El pr\u00f3ximo viernes 3 de octubre a las 19h, el autor utrerano Fernando Serrano nos presentar\u00e1 su novela \u00abCartas a Bea\u00bb, una obra que ha sido bien acogida entre los lectores alcanzando el n\u00famero 1 de ventas en Amazon Espa\u00f1a en categor\u00eda \u00abDe amigos a Enamorados\u00bb.  En ella, Fernando nos cuenta la intensa historia de amor de Bea y Lucas, rota de manera repentina por una traici\u00f3n inesperada. Treinta y cuatro a\u00f1os despu\u00e9s, un hallazgo fortuito empujar\u00e1 a Bea a enfrentarse a su pasado.<\/strong><\/p>\n<p><a href=\"https:\/\/utreraaldia.com\/wp-content\/uploads\/2024\/11\/WhatsApp-Image-2024-11-06-at-10.45.56.jpeg\" rel=\"nofollow noopener\" target=\"_blank\"><img fetchpriority=\"high\" decoding=\"async\" width=\"1024\" height=\"170\" src=\"https:\/\/www.europesays.com\/es\/wp-content\/uploads\/2025\/10\/WhatsApp-Image-2024-11-06-at-10.45.56-1024x170.jpeg\" alt=\"\" class=\"wp-image-148233\" style=\"width:891px;height:auto\"  \/><\/a><\/p>\n<p>Una novela sobre segundas oportunidades, verdades ocultas y un amor que desaf\u00eda al paso del tiempo. En sus redes sociales Fernando est\u00e1 sorteando 7 ejemplares del libro hasta el 1 de octubre, que se entregar\u00e1n dedicados en la Biblioteca el viernes d\u00eda 3 de 18 a 19 horas.<\/p>\n<p>Si no ten\u00e9is suerte, siempre pod\u00e9is comprarlos en la Biblioteca el d\u00eda de la presentaci\u00f3n, firmado por el autor. La entrada ser\u00e1 libre en la biblioteca p\u00fablica de Utrera a las 19h este viernes 3 de octubre.<\/p>\n","protected":false},"excerpt":{"rendered":"El pr\u00f3ximo viernes 3 de octubre a las 19h, el autor utrerano Fernando Serrano nos presentar\u00e1 su novela&hellip;\n","protected":false},"author":2,"featured_media":152918,"comment_status":"","ping_status":"","sticky":false,"template":"","format":"standard","meta":{"footnotes":""},"categories":[172],"tags":[224,146,147,25,24,225,23],"class_list":{"0":"post-152917","1":"post","2":"type-post","3":"status-publish","4":"format-standard","5":"has-post-thumbnail","7":"category-libros","8":"tag-books","9":"tag-entertainment","10":"tag-entretenimiento","11":"tag-es","12":"tag-espana","13":"tag-libros","14":"tag-spain"},"share_on_mastodon":{"url":"","error":""},"_links":{"self":[{"href":"https:\/\/www.europesays.com\/es\/wp-json\/wp\/v2\/posts\/152917","targetHints":{"allow":["GET"]}}],"collection":[{"href":"https:\/\/www.europesays.com\/es\/wp-json\/wp\/v2\/posts"}],"about":[{"href":"https:\/\/www.europesays.com\/es\/wp-json\/wp\/v2\/types\/post"}],"author":[{"embeddable":true,"href":"https:\/\/www.europesays.com\/es\/wp-json\/wp\/v2\/users\/2"}],"replies":[{"embeddable":true,"href":"https:\/\/www.europesays.com\/es\/wp-json\/wp\/v2\/comments?post=152917"}],"version-history":[{"count":0,"href":"https:\/\/www.europesays.com\/es\/wp-json\/wp\/v2\/posts\/152917\/revisions"}],"wp:featuredmedia":[{"embeddable":true,"href":"https:\/\/www.europesays.com\/es\/wp-json\/wp\/v2\/media\/152918"}],"wp:attachment":[{"href":"https:\/\/www.europesays.com\/es\/wp-json\/wp\/v2\/media?parent=152917"}],"wp:term":[{"taxonomy":"category","embeddable":true,"href":"https:\/\/www.europesays.com\/es\/wp-json\/wp\/v2\/categories?post=152917"},{"taxonomy":"post_tag","embeddable":true,"href":"https:\/\/www.europesays.com\/es\/wp-json\/wp\/v2\/tags?post=152917"}],"curies":[{"name":"wp","href":"https:\/\/api.w.org\/{rel}","templated":true}]}}