{"id":152919,"date":"2025-10-02T14:37:05","date_gmt":"2025-10-02T14:37:05","guid":{"rendered":"https:\/\/www.europesays.com\/es\/152919\/"},"modified":"2025-10-02T14:37:05","modified_gmt":"2025-10-02T14:37:05","slug":"netflix-lanza-el-trailer-de-la-temporada-2-de-respira-con-blanca-suarez-en-apuros-y-aparicion-de-pablo-alboran","status":"publish","type":"post","link":"https:\/\/www.europesays.com\/es\/152919\/","title":{"rendered":"Netflix lanza el tr\u00e1iler de la temporada 2 de &#8216;Respira&#8217; con Blanca Su\u00e1rez en apuros y aparici\u00f3n de Pablo Albor\u00e1n"},"content":{"rendered":"<p class=\"article-text\">\n        La <strong>segunda temporada<\/strong> de <strong>Respira<\/strong><strong> <\/strong>calienta motores de cara a su <a href=\"https:\/\/www.eldiario.es\/vertele\/videos\/trailers-y-avances\/netflix-fecha-estreno-temporada-2-respira-lanza-nuevas-imagenes-pablo-alboran_7_12499373.html\" target=\"_blank\" data-mrf-recirculation=\"links-noticia\" class=\"link\" rel=\"nofollow noopener\">estreno el viernes 31 de octubre<\/a>. Para abrir boca, <strong>Netflix <\/strong>ha lanzado oficialmente el tr\u00e1iler de esta nueva tanda de cap\u00edtulos con dos reclamos clave:<strong> Blanca Su\u00e1rez<\/strong> y <strong>Pablo Albor\u00e1n<\/strong>. La actriz, que da vida a J\u00e9sica en la ficci\u00f3n, aparece en apuros, mientras que el cantante figura dando vida a uno de los doctores del ficticio Hospital Joaqu\u00edn Sorolla.\n    <\/p>\n<p>    <a href=\"https:\/\/www.eldiario.es\/vertele\/videos\/trailers-y-avances\/netflix-fecha-estreno-temporada-2-respira-lanza-nuevas-imagenes-pablo-alboran_7_12499373.html\" data-mrf-recirculation=\"saber-mas\" data-dl-event=\"saber-mas\" rel=\"nofollow noopener\" target=\"_blank\"><\/p>\n<p class=\"know-more__title\">Netflix fija la fecha de estreno de la temporada 2 de &#8216;Respira&#8217; y lanza nuevas im\u00e1genes con Pablo Albor\u00e1n<\/p>\n<p>            <img decoding=\"async\" class=\"lazy\" loading=\"lazy\" data-src=\"https:\/\/static.eldiario.es\/clip\/8dc5e007-3279-4a30-93d3-71cd98fb0638_16-9-aspect-ratio_default_0.jpg\" src=\"data:image\/svg+xml,%3Csvg xmlns=\" http:=\"\" viewbox=\"0 0 880 495\" alt=\"Netflix fija la fecha de estreno de la temporada 2 de 'Respira' y lanza nuevas im\u00e1genes con Pablo Albor\u00e1n\"\/><\/p>\n<p>                            <img decoding=\"async\" class=\"ni-multimedia\" src=\"https:\/\/www.eldiario.es\/assets\/img\/svg\/icons\/gallery-video.h-2e826467718e0ad0cb33a0bdb174f603.svg\" alt=\"Netflix fija la fecha de estreno de la temporada 2 de 'Respira' y lanza nuevas im\u00e1genes con Pablo Albor\u00e1n\"\/><br \/>\n                        <\/a><\/p>\n<p class=\"article-text\">\n        El avance de la temporada 2 comienza con toda una declaraci\u00f3n de intenciones: \u201c<strong>Es normal tener miedo<\/strong>, completamente normal\u201d, asegura <strong>Manu R\u00edos<\/strong> mientras interpreta a Biel. A la vez, distintas escenas se suceden en el tr\u00e1iler dando pistas sobre las tramas que enfrentar\u00e1 un elenco compuesto por perfiles como<strong> Najwa Nimri<\/strong>, <strong>Alfonso Bassave<\/strong>, <strong>Aitana S\u00e1nchez-Gij\u00f3n<\/strong>, <strong>Borja Luna<\/strong> o <strong>Xo\u00e1n F\u00f3rneas<\/strong>.\n    <\/p>\n<p class=\"article-text\">\n        En esta ocasi\u00f3n, Netflix vuelve a mostrar im\u00e1genes de Pablo Albor\u00e1n en acci\u00f3n. El int\u00e9rprete <a href=\"https:\/\/www.eldiario.es\/vertele\/noticias\/pablo-alboran-da-salto-actor-ficha-netflix-participar-temporada-2-respira_1_11906161.html\" target=\"_blank\" data-mrf-recirculation=\"links-noticia\" class=\"link\" rel=\"nofollow noopener\">da el salto al mundo de la ficci\u00f3n<\/a> con la temporada 2 de Respira, lo que para \u00e9l ha sido algo que le enriqueci\u00f3 en muchos aspectos, tal y como asegur\u00f3 en <strong>El Hormiguero<\/strong>: \u201cIncluso para la m\u00fasica me va a ayudar.\u00a0La m\u00fasica tiene mucho de cine y <strong>el cine tiene mucho de m\u00fasica<\/strong>\u201d. Adem\u00e1s, cabe resaltar que <strong>Rachel Lascar <\/strong>se incorpora al reparto de la serie dando vida a la onc\u00f3loga Sophie.\n    <\/p>\n<p>    Sinopsis oficial de la temporada 2 de &#8216;Respira&#8217;<\/p>\n<p class=\"article-text\">\n        El Joaqu\u00edn Sorolla es ahora un hospital de gesti\u00f3n privada, desafiando las convicciones y principios de sus m\u00e9dicos. M\u00e1s all\u00e1 de salirse con la suya, Patricia contin\u00faa luchando contra su c\u00e1ncer y creando un lazo cada vez m\u00e1s estrecho con N\u00e9stor. J\u00e9sica busca recuperar la confianza que le caracteriza, pero no puede decidirse entre Llu\u00eds y Biel. Pilar seguir\u00e1 lidiando con las adicciones de su hijo, aunque Quique encontrar\u00e1 en ella una aliada inesperada cuando la nueva direcci\u00f3n del centro lo lleve a tomar una decisi\u00f3n cuestionable. A todo esto se suma la llegada de una prestigiosa onc\u00f3loga, Sophie, decidida a poner patas arriba el hospital.\n    <\/p>\n<p>    <a href=\"https:\/\/www.eldiario.es\/vertele\/series\/tercer-trimestre-2025-favoritas-7-recomendadas_1_12635863.html\" data-mrf-recirculation=\"saber-mas-abajo\" data-dl-event=\"saber-mas-abajo\" rel=\"nofollow noopener\" target=\"_blank\"><\/p>\n<p class=\"know-more__title\">Nuestras series favoritas del tercer trimestre de 2025: estas son las 7 que recomendamos<\/p>\n<p>            <img decoding=\"async\" class=\"lazy\" loading=\"lazy\" data-src=\"https:\/\/static.eldiario.es\/clip\/156eaa81-75fc-48bd-a008-2109909da7c8_16-9-aspect-ratio_default_0.jpg\" src=\"data:image\/svg+xml,%3Csvg xmlns=\" http:=\"\" viewbox=\"0 0 880 495\" alt=\"Nuestras series favoritas del tercer trimestre de 2025: estas son las 7 que recomendamos\"\/><\/p>\n<p>                        <\/a><\/p>\n<p class=\"article-text\">\n        La ficci\u00f3n, creada por <strong>Carlos Montero <\/strong>y producida por <strong>El Desorden Crea<\/strong>, ya confirm\u00f3 que la segunda temporada contar\u00e1 con ocho cap\u00edtulos que profundizar\u00e1n en las tramas del primer drama hospitalario de Netflix. En esta ocasi\u00f3n, los guiones est\u00e1n escritos por el padre de la serie, adem\u00e1s de <strong>Carlos Ruano<\/strong>, <strong>Guillermo Escribano<\/strong>, <strong>Adela Guti\u00e9rrez<\/strong> y <strong>Nach Sol\u00eds<\/strong>.\n    <\/p>\n","protected":false},"excerpt":{"rendered":"La segunda temporada de Respira calienta motores de cara a su estreno el viernes 31 de octubre. Para&hellip;\n","protected":false},"author":2,"featured_media":152920,"comment_status":"","ping_status":"","sticky":false,"template":"","format":"standard","meta":{"footnotes":""},"categories":[171],"tags":[10903,42848,19053,386,146,147,25,24,152,618,38847,23,9248,1152,183,214],"class_list":{"0":"post-152919","1":"post","2":"type-post","3":"status-publish","4":"format-standard","5":"has-post-thumbnail","7":"category-tv","8":"tag-10903","9":"tag-alboran","10":"tag-apuros","11":"tag-blanca","12":"tag-entertainment","13":"tag-entretenimiento","14":"tag-es","15":"tag-espana","16":"tag-netflix","17":"tag-pablo","18":"tag-respira","19":"tag-spain","20":"tag-suarez","21":"tag-temporada","22":"tag-trailer","23":"tag-tv"},"share_on_mastodon":{"url":"","error":""},"_links":{"self":[{"href":"https:\/\/www.europesays.com\/es\/wp-json\/wp\/v2\/posts\/152919","targetHints":{"allow":["GET"]}}],"collection":[{"href":"https:\/\/www.europesays.com\/es\/wp-json\/wp\/v2\/posts"}],"about":[{"href":"https:\/\/www.europesays.com\/es\/wp-json\/wp\/v2\/types\/post"}],"author":[{"embeddable":true,"href":"https:\/\/www.europesays.com\/es\/wp-json\/wp\/v2\/users\/2"}],"replies":[{"embeddable":true,"href":"https:\/\/www.europesays.com\/es\/wp-json\/wp\/v2\/comments?post=152919"}],"version-history":[{"count":0,"href":"https:\/\/www.europesays.com\/es\/wp-json\/wp\/v2\/posts\/152919\/revisions"}],"wp:featuredmedia":[{"embeddable":true,"href":"https:\/\/www.europesays.com\/es\/wp-json\/wp\/v2\/media\/152920"}],"wp:attachment":[{"href":"https:\/\/www.europesays.com\/es\/wp-json\/wp\/v2\/media?parent=152919"}],"wp:term":[{"taxonomy":"category","embeddable":true,"href":"https:\/\/www.europesays.com\/es\/wp-json\/wp\/v2\/categories?post=152919"},{"taxonomy":"post_tag","embeddable":true,"href":"https:\/\/www.europesays.com\/es\/wp-json\/wp\/v2\/tags?post=152919"}],"curies":[{"name":"wp","href":"https:\/\/api.w.org\/{rel}","templated":true}]}}