{"id":152923,"date":"2025-10-02T14:39:10","date_gmt":"2025-10-02T14:39:10","guid":{"rendered":"https:\/\/www.europesays.com\/es\/152923\/"},"modified":"2025-10-02T14:39:10","modified_gmt":"2025-10-02T14:39:10","slug":"tomas-corredor-a-uno-lo-mataban-hace-veinte-anos-por-hacer-una-pelicula-como-noviembre","status":"publish","type":"post","link":"https:\/\/www.europesays.com\/es\/152923\/","title":{"rendered":"Tom\u00e1s Corredor: \u201cA uno lo mataban hace veinte a\u00f1os por hacer una pel\u00edcula como \u2018Noviembre\u201d"},"content":{"rendered":"<p class=\"\">Tom\u00e1s Corredor, un bogotano de 49 a\u00f1os, ha hecho cientos de comerciales, unos pocos cortometrajes, ha vivido en Kenya, L\u00edbano y Suecia, y ha vuelto a la capital colombiana a estrenar una pel\u00edcula que toca una herida delicada y abierta para su pa\u00eds. Noviembre, que llega a las salas de cine este jueves, es un largometraje de una hora y diez minutos en el que los personajes siempre est\u00e1n en un mismo ba\u00f1o. Se trata de un lugar del Palacio de Justicia de Bogot\u00e1 en el que m\u00e1s de cincuenta personas estuvieron encerradas hace 40 a\u00f1os, entre el 6 y 7 de noviembre de 1985, cuando la guerrilla del M-19 se tom\u00f3 las instalaciones, y el Ej\u00e9rcito las retom\u00f3 de forma violenta. \u201cLa verdad sobre este episodio a\u00fan no cierra\u201d, dice el director. Algunas personas <a href=\"https:\/\/elpais.com\/america-colombia\/2024-11-16\/las-28-horas-en-que-el-ejercito-convirtio-la-casa-del-florero-en-centro-de-tortura.html\" target=\"_self\" rel=\"nofollow noopener\" title=\"https:\/\/elpais.com\/america-colombia\/2024-11-16\/las-28-horas-en-que-el-ejercito-convirtio-la-casa-del-florero-en-centro-de-tortura.html\">salieron con vida y luego desaparecieron<\/a>, otras sobrevivieron pero sus testimonios no han sido p\u00fablicos. El presidente Gustavo Petro fue miembro del grupo aunque no particip\u00f3 en la toma, y ha sido criticado por reivindicar s\u00edmbolos de esa guerrilla sin considerar el dolor de sus v\u00edctimas. \u201cNo hay que imponer m\u00e1s s\u00edmbolos\u201c, pide Corredor. \u201dEs m\u00e1s importante que se escuche el dolor de todos\u201d a\u00f1ade. Noviembre va sobre eso, el dolor y el miedo que se respir\u00f3 en un Palacio de Justicia que luego hubo que demoler.<\/p>\n<p class=\"\"><b>Pregunta. <\/b>Se cumplen cuatro d\u00e9cadas de la toma y retoma del Palacio. \u00bfCu\u00e1ndo empez\u00f3 a trabajar en esta pel\u00edcula?<\/p>\n<p class=\"\"><b>Respuesta.<\/b> Hace 12 a\u00f1os, cuando me encontr\u00e9 con los sucesos que ocurrieron en un ba\u00f1o del Palacio, donde transcurre toda la pel\u00edcula. Claro, en el medio dirig\u00ed unos 200 comerciales de televisi\u00f3n, di clases, hice muchas cosas.<\/p>\n<p class=\"\"><b>P.<\/b> \u00bfD\u00f3nde estaba retratado el episodio del ba\u00f1o?<\/p>\n<p class=\"\"><b>R.<\/b> En el libro de Ana Carrigan, El Palacio de Justicia, una tragedia Colombiana [de 1993], donde vi dibujitos forenses del ba\u00f1o que me llamaron mucho la atenci\u00f3n. Pero tampoco hab\u00eda tanta informaci\u00f3n. Luego le\u00ed Noches de Humo, de Olga Behar [de 1988], que trae muchos m\u00e1s datos del ba\u00f1o porque tiene el testimonio de Clara Helena Enciso, La mona, la \u00fanica guerrillera que estaba all\u00ed y sobrevive. Me le\u00ed toda la bibliograf\u00eda, vi documentales, y me fui a lo judicial. Le\u00ed unos 6.000 folios, en los que encontr\u00e9 53 testimonios de personas que estuvieron en el ba\u00f1o. Ese ba\u00f1o, que es la punta del iceberg de lo que pas\u00f3, era m\u00e1s grande de lo que pensaba. <\/p>\n<p class=\"\"><b>P.<\/b> \u00bfConsult\u00f3 a las familias de las v\u00edctimas y a los sobrevivientes?<\/p>\n<p class=\"\"><b>R.<\/b> Me acerqu\u00e9 a ellos, pero no buscando informaci\u00f3n. Habl\u00e9 con Santiago Gaona [familiar del magistrado Manuel Gaona]; con el nieto de [la consejera de Estado] Ayd\u00e9e Anzola; con Helena Ur\u00e1n [hija del magistrado auxiliar de ese tribunal, Carlos Horacio Ur\u00e1n]; con Juan Carlos Franco, hermano de <a href=\"https:\/\/elpais.com\/america-colombia\/2024-06-19\/el-tribunal-de-bogota-condena-a-ivan-ramirez-por-la-desaparicion-de-irma-franco-en-la-retoma-del-palacio-de-justicia.html\" target=\"_self\" rel=\"nofollow noopener\" title=\"https:\/\/elpais.com\/america-colombia\/2024-06-19\/el-tribunal-de-bogota-condena-a-ivan-ramirez-por-la-desaparicion-de-irma-franco-en-la-retoma-del-palacio-de-justicia.html\">Irma Franco<\/a> [guerrillera torturada y desaparecida por el Ej\u00e9rcito]; con <a href=\"https:\/\/elpais.com\/america-colombia\/2022-11-10\/una-placa-en-honor-a-las-victimas-del-palacio-de-justicia-genera-discordia-los-militares-y-guerrilleros-tambien-fueron-victimas.html\" target=\"_self\" rel=\"nofollow noopener\" title=\"https:\/\/elpais.com\/america-colombia\/2022-11-10\/una-placa-en-honor-a-las-victimas-del-palacio-de-justicia-genera-discordia-los-militares-y-guerrilleros-tambien-fueron-victimas.html\">Ren\u00e9 Guar\u00edn<\/a>, [hermano de la cajera en la cafeter\u00eda, Cristina Guar\u00edn]. Les cont\u00e9 lo que estaba haciendo pero no pens\u00e9 en pedirles autorizaci\u00f3n, porque la forma en la que una persona puede ver a su familiar muerto puede chocar con la pel\u00edcula, que es solo una visi\u00f3n de lo que pas\u00f3, una ficci\u00f3n, no una representaci\u00f3n exacta de las cosas. Est\u00e1 basada en investigaci\u00f3n, pero incluso personas que estuvieron en el ba\u00f1o tienen versiones completamente diferentes de lo que ocurri\u00f3. Por eso no era \u00e9tico entrevistar a cada uno, revivirles dolores, y luego decir \u2018esto que dices no me cuadra, voy a cambiarlo\u2019. Yo me hago responsable de esta visi\u00f3n sobre lo que ocurri\u00f3 en el Palacio.<\/p>\n<p><img decoding=\"auto\" class=\"_re lazyload a_m-h\" height=\"276\"  width=\"414\"  src=\"https:\/\/www.europesays.com\/es\/wp-content\/uploads\/2025\/10\/SGP2GVM6NZF6FJKOXPSXZVIZAQ.jpg\" loading=\"lazy\"\/>Detr\u00e1s de c\u00e1maras de Noviembre.Inaki Malvido (Burning)<\/p>\n<p class=\"\"><b>P.<\/b> Ya se hab\u00edan hecho al menos tres pel\u00edculas de ficci\u00f3n sobre lo ocurrido: Siempreviva, Antes del Fuego y Salvador. \u00bfQu\u00e9 quer\u00eda hacer distinto?<\/p>\n<p class=\"\"><b>R.<\/b> Para m\u00ed hab\u00eda un vac\u00edo porque no representaban a la sociedad civil que vivi\u00f3 la toma y retoma dentro del Palacio. Salvador es sobre un sastre, Antes del Fuego un periodista, la Siempreviva ocurre en una casa cercana. Abordan a la sociedad civil, s\u00ed, pero no la que estaba adentro. La memoria es un territorio en disputa, los poderes nos crean relatos, y los noticieros nos dieron unas audiovisuales sobre lo que pas\u00f3. Pero al investigar encontr\u00e9 que lo que sab\u00eda era absolutamente superficial. En ese vac\u00edo nos crearon una imagen de un ej\u00e9rcito combatiendo \u201cel mal\u201d, sin hablar de lo que pas\u00f3 dentro o de lo que luego ocurri\u00f3 con la gente. Como dijo la Comisi\u00f3n de la Verdad, y se nos olvida, <a href=\"https:\/\/elpais.com\/america-colombia\/2022-06-30\/la-comision-de-la-verdad-la-doctrina-del-enemigo-interno-sirvio-para-la-persecucion-y-exterminio-fisico-y-politico.html\" target=\"_self\" rel=\"nofollow noopener\" title=\"https:\/\/elpais.com\/america-colombia\/2022-06-30\/la-comision-de-la-verdad-la-doctrina-del-enemigo-interno-sirvio-para-la-persecucion-y-exterminio-fisico-y-politico.html\">el 90% de los muertos de la guerra son sociedad civil<\/a>, no actores armados. Para m\u00ed, ver lo que pas\u00f3 en el ba\u00f1o es mi forma de ver a la gente que estaba sufriendo. <\/p>\n<p class=\"\"><b>P.<\/b> A\u00fan se debate lo que pas\u00f3 en el Palacio, hay disputas sobre las responsabilidades. \u00bfBusc\u00f3 no tomar partido?<\/p>\n<p class=\"\"><b>R<\/b>. En esta pel\u00edcula no ves un acto heroico de nadie. Estoy absolutamente en contra con la forma en la que los militares hicieron la retoma, tanto como estoy completamente en desacuerdo con la toma por parte del \u201ceme\u201d, y creo que la pel\u00edcula subraya sus responsabilidades. No hay tibieza en eso. La posici\u00f3n de la pel\u00edcula es fuerte y es humanista, porque retoma el relato de quienes contaron su dolor en instancias judiciales, y de quienes dieron entrevistas que no eran parte del \u2018corpus\u2019 de obras sobre lo que ocurri\u00f3. Las primeras versiones del guion s\u00ed ten\u00edan, de forma muy efervescente, mis posiciones pol\u00edticas. Diana Bustamante, la productora, me dijo \u201caqu\u00ed hay una pel\u00edcula, pero toca explicar menos\u201d. Yo ten\u00eda la necesidad de contar todo lo que pas\u00f3, y me dijo \u201csu\u00e9ltese o se tira la pel\u00edcula\u201d. <\/p>\n<p class=\"\"><b>P.<\/b> No puede querer escribir el punto final de la historia <\/p>\n<p class=\"\"><b>R.<\/b> Uno no puede hacer una pel\u00edcula concluyente sobre el Palacio, porque es una verdad que sigue abierta. Hay gente con unos dolores dur\u00edsimos porque perdieron un familiar, nunca lo encontraron, y de repente les dicen \u201capareci\u00f3\u201d, y luego \u201cah, no, estos restos no eran suyos\u201d. Eso abre nuevos huecos de dolor. No se ha cerrado el n\u00famero de v\u00edctimas: la gente habla de lo ocurrido el 6 y 7 de noviembre, pero el 8, el 9, el 12 siguieron pasando cosas, gente que torturaron, que desaparecieron, a la que abusaron sexualmente. Incluso, cuando est\u00e1bamos rodando la pel\u00edcula, la Fiscal\u00eda pasada [de Francisco Barbosa] volvi\u00f3 a decir que <a href=\"https:\/\/www.wradio.com.co\/2024\/07\/31\/viuda-del-magistrado-carlos-uran-responde-a-la-fiscalia\/\" target=\"_blank\" rel=\"nofollow noopener\" title=\"https:\/\/www.wradio.com.co\/2024\/07\/31\/viuda-del-magistrado-carlos-uran-responde-a-la-fiscalia\/\">Carlos Ur\u00e1n no sali\u00f3 con vida<\/a>, que lo mataron en el ba\u00f1o. T\u00fa dices que no, la evidencia dice otra cosa, mi verdad dice otra m\u00e1s, me sostengo y tengo las pruebas. La historia es la historia y la memoria es otra cosa, que habla de lo que somos actualmente, de c\u00f3mo lo resignificamos. <\/p>\n<p><img decoding=\"auto\" class=\"_re lazyload a_m-h\" height=\"276\"  width=\"414\"  src=\"https:\/\/www.europesays.com\/es\/wp-content\/uploads\/2025\/10\/EAC56EBOIZDYVD77MAL6UYMZCI.jpg\" loading=\"lazy\"\/>Detr\u00e1s de c\u00e1maras de Noviembre.Inaki Malvido (Burning)<\/p>\n<p class=\"\"><b>P.<\/b> Los personajes de los guerrilleros en la pel\u00edcula son complejos, unos muy duros y otros m\u00e1s humanos. No pasa lo mismo con los militares, que solo los vemos atacar. \u00bfPor qu\u00e9 no hay la misma complejidad?<\/p>\n<p class=\"\"><b>R.<\/b> La mayor\u00eda de las personas no entran al ej\u00e9rcito por voluntad propia sino porque son reclutadas, mientras que la lucha armada tiene que ver con convicciones. Por eso la pel\u00edcula muestra al Ej\u00e9rcito como una m\u00e1quina de guerra con tanques, un helic\u00f3ptero, una bazuca. Pero s\u00ed humaniza a los militares, como en un plano que muestra a los soldados durmiendo, al igual que los guerrilleros o la gente en el ba\u00f1o. Es una instituci\u00f3n donde hay jovencitos mat\u00e1ndose, como se lo reclama una persona en el ba\u00f1o al comandante de la guerrilla.<\/p>\n<p class=\"\"><b>P.<\/b> En la pel\u00edcula hay im\u00e1genes sobre c\u00f3mo los militares impidieron a los medios acercarse al Palacio. \u00bfHay un comentario sobre una censura que hasta hoy impide saber bien que pas\u00f3?<\/p>\n<p class=\"\"><b>R.<\/b> S\u00ed, hubo medios censurados, pero tambi\u00e9n creo que les falt\u00f3 tomar posiciones. Me aterra en la entrevista de radio a Alfonso Reyes Echand\u00eda, [presidente de la Corte Suprema de Justicia], en la que \u00e9l pide un cese al fuego y luego\u2026\u00bfHubo un solo medio diciendo \u201cd\u00f3nde est\u00e1 el presidente para que responda\u201d? No. Ac\u00e1 tocaba decir: yo tambi\u00e9n quiero saber por qu\u00e9 el presidente Betancur no est\u00e1 contestando al llamado. Al contrario, cuando les lleg\u00f3 un mensaje del Ministerio de Comunicaciones diciendo que tocaba parar la trasmisi\u00f3n para emitir un partido de f\u00fatbol, obedecieron. Me parece muy simb\u00f3lico de c\u00f3mo en Colombia es muy f\u00e1cil mirar a otro lado y seguir. <\/p>\n<p class=\"\"><b>P.<\/b> \u00bfY c\u00f3mo cree que el episodio del palacio cambi\u00f3 al pa\u00eds?<\/p>\n<p class=\"\"><b>R.<\/b> Fue un parteaguas en la historia de Colombia. Una corte civil estaba juzgando a militares por abusos de poder durante el Estatuto de Seguridad del gobierno anterior, era la primera vez que esos temas estaban sobre la mesa de la sociedad civil. Luego de la retoma tan brutal, y de que las v\u00edctimas empiezan a reclamar y nadie les responde, el pa\u00eds entr\u00f3 en un \u2018todo vale\u2019 muy frontal que antes era m\u00e1s subterr\u00e1neo, como se nota en el actuar de lo que se llamaba \u201cla mano negra\u201d. Al poco tiempo matan al candidato presidencial de izquierda, Jaime Pardo Leal, arranca el exterminio de del partido Uni\u00f3n Patri\u00f3tica, el de miembros del M-19 que se desmovilizaron, y llega la c\u00faspide del fen\u00f3meno paramilitar. Despu\u00e9s del Palacio se elimina la diferencia pol\u00edtica en Colombia. Solo hasta ahora tenemos un presidente de izquierda, nos quitaron dos d\u00e9cadas de pluralidad pol\u00edtica. La pel\u00edcula permite un di\u00e1logo que hace 20 a\u00f1os no se pod\u00eda tener, a uno hace 20 a\u00f1os lo mataban por hacerla. <\/p>\n<p class=\"\"><b>P.<\/b> Hablando del presidente de izquierdas, Gustavo Petro, personas como Helena Ur\u00e1n han se\u00f1alado que al enarbolar la bandera del M-19 comete una afrenta a las v\u00edctimas del Palacio. \u00bfC\u00f3mo eval\u00faa la forma en la que el presidente conmemora este pasado?<\/p>\n<p class=\"\"><b>R. <\/b>Creo que Petro tiene una necesidad muy fuerte de reivindicar simb\u00f3licamente al M-19 y esta pel\u00edcula no lo reivindica del todo. Creo que podr\u00eda no gustarle, y tambi\u00e9n creo que esa lucha por lo simb\u00f3lico no debe ser contemplada por quien est\u00e1 en el poder, sino por la sociedad civil. Me parece que exagera en su b\u00fasqueda de la bandera, de la espada de Bol\u00edvar, del sombrero de Carlos Pizarro [excomandante del M-19] . Me da p\u00e1nico que la pr\u00f3xima presidencia sea de <a href=\"https:\/\/elpais.com\/america-colombia\/2025-09-24\/abelardo-de-la-espriella-le-compite-a-daniel-quintero-por-los-golpes-de-atencion-en-la-campana-presidencial.html\" target=\"_blank\" rel=\"noreferrer nofollow noopener\" title=\"https:\/\/elpais.com\/america-colombia\/2025-09-24\/abelardo-de-la-espriella-le-compite-a-daniel-quintero-por-los-golpes-de-atencion-en-la-campana-presidencial.html\">Abelardo de la Espriella<\/a> o de Mar\u00eda Fernanda Cabal, y el pr\u00f3ximo s\u00edmbolo no sea el sombrero de Pizarro, sino el de \u00c1lvaro Uribe. <\/p>\n<p class=\"\"><b>P.<\/b> \u00bfQu\u00e9 actitud prefer\u00eda del presidente?<\/p>\n<p class=\"\"><b>P. <\/b>No hay que imponer m\u00e1s s\u00edmbolos. Creo que el M-19 hizo las cosas muy bien en desmovilizarse y que perdieron hombres valiosos en atentados condenables. Puedo entender el dolor que eso produce. Pero es un dolor que habla desde el poder, cuando deber\u00eda hablar el dolor del pueblo, sobre todo en un gobierno popular. Es importante que se escuche el dolor de todos. <\/p>\n","protected":false},"excerpt":{"rendered":"Tom\u00e1s Corredor, un bogotano de 49 a\u00f1os, ha hecho cientos de comerciales, unos pocos cortometrajes, ha vivido en&hellip;\n","protected":false},"author":2,"featured_media":152924,"comment_status":"","ping_status":"","sticky":false,"template":"","format":"standard","meta":{"footnotes":""},"categories":[169],"tags":[889,177,1803,26255,146,147,25,24,176,3916,1804,46134,175,753,23,46133],"class_list":{"0":"post-152923","1":"post","2":"type-post","3":"status-publish","4":"format-standard","5":"has-post-thumbnail","7":"category-cine","8":"tag-america","9":"tag-cine","10":"tag-colombia","11":"tag-conflicto-colombia","12":"tag-entertainment","13":"tag-entretenimiento","14":"tag-es","15":"tag-espana","16":"tag-film","17":"tag-gustavo-petro","18":"tag-latinoamerica","19":"tag-m-19","20":"tag-movies","21":"tag-peliculas","22":"tag-spain","23":"tag-toma-palacio-justicia-bogota"},"share_on_mastodon":{"url":"","error":""},"_links":{"self":[{"href":"https:\/\/www.europesays.com\/es\/wp-json\/wp\/v2\/posts\/152923","targetHints":{"allow":["GET"]}}],"collection":[{"href":"https:\/\/www.europesays.com\/es\/wp-json\/wp\/v2\/posts"}],"about":[{"href":"https:\/\/www.europesays.com\/es\/wp-json\/wp\/v2\/types\/post"}],"author":[{"embeddable":true,"href":"https:\/\/www.europesays.com\/es\/wp-json\/wp\/v2\/users\/2"}],"replies":[{"embeddable":true,"href":"https:\/\/www.europesays.com\/es\/wp-json\/wp\/v2\/comments?post=152923"}],"version-history":[{"count":0,"href":"https:\/\/www.europesays.com\/es\/wp-json\/wp\/v2\/posts\/152923\/revisions"}],"wp:featuredmedia":[{"embeddable":true,"href":"https:\/\/www.europesays.com\/es\/wp-json\/wp\/v2\/media\/152924"}],"wp:attachment":[{"href":"https:\/\/www.europesays.com\/es\/wp-json\/wp\/v2\/media?parent=152923"}],"wp:term":[{"taxonomy":"category","embeddable":true,"href":"https:\/\/www.europesays.com\/es\/wp-json\/wp\/v2\/categories?post=152923"},{"taxonomy":"post_tag","embeddable":true,"href":"https:\/\/www.europesays.com\/es\/wp-json\/wp\/v2\/tags?post=152923"}],"curies":[{"name":"wp","href":"https:\/\/api.w.org\/{rel}","templated":true}]}}