{"id":152927,"date":"2025-10-02T14:41:07","date_gmt":"2025-10-02T14:41:07","guid":{"rendered":"https:\/\/www.europesays.com\/es\/152927\/"},"modified":"2025-10-02T14:41:07","modified_gmt":"2025-10-02T14:41:07","slug":"el-chikungunya-se-expande-a-cinco-provincias-de-cuba","status":"publish","type":"post","link":"https:\/\/www.europesays.com\/es\/152927\/","title":{"rendered":"El chikungunya se expande a cinco provincias de Cuba"},"content":{"rendered":"<p>El Ministerio de Salud P\u00fablica confirm\u00f3 este mi\u00e9rcoles que el <a href=\"https:\/\/www.cibercuba.com\/tags\/enfermedades\" rel=\"nofollow noopener\" target=\"_blank\"><strong>chikungunya, detectado inicialmente en Matanzas, ya circula en cinco provincias de Cuba<\/strong><\/a>, en un escenario epidemiol\u00f3gico que se ha complejizado por el aumento de Aedes y de cuadros febriles en el pa\u00eds.<\/p>\n<p>Seg\u00fan la <a href=\"https:\/\/www.facebook.com\/share\/v\/1CUYgbMhrf\/\" rel=\"nofollow noopener\" target=\"_blank\">actualizaci\u00f3n <\/a>ofrecida por el director nacional de Epidemiolog\u00eda, Dr. Francisco Dur\u00e1n, el virus comenz\u00f3 en el municipio de Perico (Matanzas) y hoy tiene<strong><a href=\"https:\/\/www.cibercuba.com\/noticias\/2025-09-25-u1-e42839-s27061-nid311656-explosion-casos-dengue-chikungunya-seis-municipios\" rel=\"nofollow noopener\" target=\"_blank\"> transmisi\u00f3n en Matanzas, Guant\u00e1namo, Santiago de Cuba, Pinar del R\u00edo y La Habana.<\/a> <\/strong><\/p>\n<p>En Matanzas se han confirmado casos en <a href=\"https:\/\/www.cibercuba.com\/noticias\/2025-10-01-u1-e208574-s27061-nid312103-alerta-isabela-sagua-incremento-casos-fiebre\" rel=\"nofollow noopener\" target=\"_blank\"><strong>C\u00e1rdenas, Perico, Mart\u00ed y Jovellanos;<\/strong><\/a> en la capital provincial, se reportan en Arroyo Naranjo, Cerro y Playa.<\/p>\n<p>El panorama nacional incluye adem\u00e1s<strong> <a href=\"https:\/\/www.cibercuba.com\/noticias\/2025-09-30-u1-e199894-s27061-nid312050-ee-uu-emite-alerta-sanitaria-sus-viajeros-cuba\" rel=\"nofollow noopener\" target=\"_blank\">dengue y oropouche con transmisi\u00f3n en 12 provincias<\/a><\/strong>. Dur\u00e1n se\u00f1al\u00f3 que<strong> el dengue mantiene siete pacientes en estado grave (sin cr\u00edticos)<\/strong>, mientras que el oropouche cursa sin complicaciones graves.<\/p>\n<p>El experto atribuy\u00f3 la expansi\u00f3n de las arbovirosis a la <strong><a href=\"https:\/\/www.cibercuba.com\/noticias\/2025-09-24-u1-e199370-s27061-nid311622-regimen-cubano-admite-escasez-recursos-plena-crisis\" rel=\"nofollow noopener\" target=\"_blank\">combinaci\u00f3n de lluvias, altas temperaturas y acumulaci\u00f3n de basura<\/a>,<\/strong> factores que favorecen criaderos de mosquitos.<\/p>\n<p>Record\u00f3 que <strong>el chikungunya se transmite tanto por Aedes aegypti como por Aedes albopictus<\/strong> \u2014este \u00faltimo con h\u00e1bitats en bosques y \u00e1reas verdes\u2014, lo que ampl\u00eda los escenarios de riesgo.<\/p>\n<p>En cuanto a los s\u00edntomas, subray\u00f3 que <a href=\"https:\/\/www.cibercuba.com\/noticias\/2025-09-30-u1-e207888-s27061-nid312042-horrible-cubana-relata-sintomas-virus-golpea-fuerza\" rel=\"nofollow noopener\" target=\"_blank\"><strong>el chikungunya provoca intensos dolores articulares <\/strong><\/a>que pueden persistir tras la fase aguda, mientras que el dengue puede presentar dolores marcados (conocido como \u201cfiebre quebrantahuesos\u201d).<\/p>\n<p>\u00abRealmente <strong>da muchos dolores articulares<\/strong> y de verdad que las personas se sienten muy mal, incluso despu\u00e9s que pasa la etapa aguda, porque a veces le dificultan hasta hasta moverse\u00bb, dijo sobre el chikungunya.<\/p>\n<p>Dur\u00e1n neg\u00f3 que hubiera <strong>presuntos colapsos hospitalarios <\/strong>o altas cifras de fallecidos en un d\u00eda y llam\u00f3 a seguir la informaci\u00f3n oficial para evitar confusiones en plena temporada de alta transmisi\u00f3n.<\/p>\n<p>Este mi\u00e9rcoles, las autoridades sanitarias del municipio Sagua la Grande, en Villa Clara, alertaron sobre el <a href=\"https:\/\/www.cibercuba.com\/noticias\/2025-09-24-u1-e208574-s27061-nid311648-dr-francisco-duran-actualiza-brote-arbovirosis\" rel=\"nofollow noopener\" target=\"_blank\"><strong>aumento de casos de fiebre en las \u00faltimas semana<\/strong>s<\/a>, en medio de un brote de varias arbovirosis que ha golpeado varias provincias cubanas.<\/p>\n<p>Las autoridades aplican tratamiento focal (abate), fumigaci\u00f3n, adulticidas y acciones perifocales. Hasta ahora, no hay casos graves ni cr\u00edticos y los servicios de salud no est\u00e1n colapsados.<\/p>\n<p>Tan solo en el municipio de Col\u00f3n, Matanzas, en una semana se reportaron 435 s\u00edndromes febriles inespec\u00edficos, con 40 camas ocupadas y cinco pacientes con signos de alarma.<\/p>\n<p>Preguntas frecuentes sobre el brote de chikungunya en Cuba\u00bfEn cu\u00e1ntas provincias de Cuba se ha detectado el chikungunya?<\/p>\n<p itemprop=\"text\"><strong>El chikungunya se ha detectado en cinco provincias de Cuba:<\/strong> Matanzas, Guant\u00e1namo, Santiago de Cuba, Pinar del R\u00edo y La Habana. El brote comenz\u00f3 en el municipio de Perico, en Matanzas, y ha ido expandi\u00e9ndose a otras \u00e1reas.<\/p>\n<p>\u00bfC\u00f3mo se transmite el virus del chikungunya?<\/p>\n<p itemprop=\"text\"><strong>El virus del chikungunya se transmite a trav\u00e9s de dos especies de mosquitos:<\/strong> Aedes aegypti y Aedes albopictus. Estos mosquitos pueden proliferar en \u00e1reas urbanas y rurales, favorecidos por condiciones como lluvias, altas temperaturas y acumulaci\u00f3n de basura.<\/p>\n<p>\u00bfCu\u00e1les son los s\u00edntomas m\u00e1s comunes del chikungunya?<\/p>\n<p itemprop=\"text\"><strong>Los s\u00edntomas m\u00e1s comunes del chikungunya incluyen fiebre alta y fuertes dolores articulares,<\/strong> que pueden persistir incluso despu\u00e9s de la fase aguda de la enfermedad. Estos s\u00edntomas pueden afectar significativamente la calidad de vida de los pacientes.<\/p>\n<p>\u00bfCu\u00e1l es la situaci\u00f3n del sistema de salud en Cuba ante el brote de chikungunya?<\/p>\n<p itemprop=\"text\">A pesar del incremento de casos, <strong>las autoridades cubanas aseguran que el sistema de salud no est\u00e1 colapsado,<\/strong> y que no se han reportado casos graves ni cr\u00edticos de chikungunya. Sin embargo, el brote coincide con una situaci\u00f3n sanitaria delicada por el dengue y oropouche, lo que ha generado tensiones en el sistema de salud.<\/p>\n","protected":false},"excerpt":{"rendered":"El Ministerio de Salud P\u00fablica confirm\u00f3 este mi\u00e9rcoles que el chikungunya, detectado inicialmente en Matanzas, ya circula en&hellip;\n","protected":false},"author":2,"featured_media":152928,"comment_status":"","ping_status":"","sticky":false,"template":"","format":"standard","meta":{"footnotes":""},"categories":[92],"tags":[46136,15441,11524,2216,1293,18606,25,24,18605,5244,18607,165,39673,4363,4366,4360,46137,776,46138,166,46135,23,1018,46139],"class_list":{"0":"post-152927","1":"post","2":"type-post","3":"status-publish","4":"format-standard","5":"has-post-thumbnail","7":"category-salud","8":"tag-arroyo-naranjo","9":"tag-cardenas","10":"tag-chikungunya","11":"tag-dengue","12":"tag-enfermedades","13":"tag-epidemias","14":"tag-es","15":"tag-espana","16":"tag-francisco-duran","17":"tag-fumigacion","18":"tag-guantanamo","19":"tag-health","20":"tag-la-habana","21":"tag-matanzas","22":"tag-mosquitos-aedes-aegypti","23":"tag-noticias-de-cuba","24":"tag-pinar-del-rio","25":"tag-playa","26":"tag-sagua-la-grande","27":"tag-salud","28":"tag-santiago-de-cuba","29":"tag-spain","30":"tag-videos","31":"tag-villa-clara"},"share_on_mastodon":{"url":"","error":""},"_links":{"self":[{"href":"https:\/\/www.europesays.com\/es\/wp-json\/wp\/v2\/posts\/152927","targetHints":{"allow":["GET"]}}],"collection":[{"href":"https:\/\/www.europesays.com\/es\/wp-json\/wp\/v2\/posts"}],"about":[{"href":"https:\/\/www.europesays.com\/es\/wp-json\/wp\/v2\/types\/post"}],"author":[{"embeddable":true,"href":"https:\/\/www.europesays.com\/es\/wp-json\/wp\/v2\/users\/2"}],"replies":[{"embeddable":true,"href":"https:\/\/www.europesays.com\/es\/wp-json\/wp\/v2\/comments?post=152927"}],"version-history":[{"count":0,"href":"https:\/\/www.europesays.com\/es\/wp-json\/wp\/v2\/posts\/152927\/revisions"}],"wp:featuredmedia":[{"embeddable":true,"href":"https:\/\/www.europesays.com\/es\/wp-json\/wp\/v2\/media\/152928"}],"wp:attachment":[{"href":"https:\/\/www.europesays.com\/es\/wp-json\/wp\/v2\/media?parent=152927"}],"wp:term":[{"taxonomy":"category","embeddable":true,"href":"https:\/\/www.europesays.com\/es\/wp-json\/wp\/v2\/categories?post=152927"},{"taxonomy":"post_tag","embeddable":true,"href":"https:\/\/www.europesays.com\/es\/wp-json\/wp\/v2\/tags?post=152927"}],"curies":[{"name":"wp","href":"https:\/\/api.w.org\/{rel}","templated":true}]}}