{"id":152929,"date":"2025-10-02T14:42:13","date_gmt":"2025-10-02T14:42:13","guid":{"rendered":"https:\/\/www.europesays.com\/es\/152929\/"},"modified":"2025-10-02T14:42:13","modified_gmt":"2025-10-02T14:42:13","slug":"la-reina-letizia-entrega-a-la-nina-del-napalm-el-premio-unicef-por-su-labor-en-favor-de-las-victimas-de-la-guerra","status":"publish","type":"post","link":"https:\/\/www.europesays.com\/es\/152929\/","title":{"rendered":"La reina Letizia entrega a la &#8216;ni\u00f1a del napalm&#8217; el Premio UNICEF por su labor en favor de las v\u00edctimas de la guerra"},"content":{"rendered":"<p>El acto ha congregado tambi\u00e9n a caras conocidas como la periodista <strong>Sara Carbonero<\/strong>, la campeona <strong>Teresa Perales<\/strong>, el <strong>padre \u00c1ngel<\/strong>, <strong>Paloma Segrelles<\/strong> e institucionales como las exministras <strong>Elena Salgado y Cristina Garmendia<\/strong>; el defensor del Pueblo, <strong>\u00c1ngel Gabilondo<\/strong>.<\/p>\n<p>El jurado, compuesto, entre otros, por la periodista <strong>Rosa Mar\u00eda Calaf, Elena Salgado<\/strong> en su calidad de presidenta de la Fundaci\u00f3n Abertis; y <strong>Sergi Loughney<\/strong>, director general adjunto de Asuntos Corporativos del Grupo Fundaci\u00f3n La Caixa, ha otorgado el Premio UNICEF Espa\u00f1a Comunica a los j\u00f3venes de Cibercorresponsales de la Plataforma de Infancia por promocionar desde hace 15 a\u00f1os la participaci\u00f3n infantil en la vida p\u00fablica.<\/p>\n<p><img decoding=\"async\" alt=\"Sara Carbonero y Teresa Perales.\" loading=\"lazy\" class=\"ResponsiveImageContainer-eNxvmU cfBbTk responsive-image__image\"   src=\"https:\/\/www.europesays.com\/es\/wp-content\/uploads\/2025\/10\/DL_u592336_010.jpg\"\/><\/p>\n<p>Sara Carbonero y Teresa Perales.<\/p>\n<p>Jesus Briones<\/p>\n<p>La entrega de premios la han protagonizado dos j\u00f3venes: <strong>Rim<\/strong>, de 17 a\u00f1os, y <strong>Juan<\/strong>, de 16, miembros del Consejo Asesor de Infancia y Adolescencia que han comenzado exigiendo un alto el fuego en Gaza, al igual que el presidente de UNICEF Espa\u00f1a, Gustavo Su\u00e1rez-Pertierra, quien ha exigido adem\u00e1s que se detenga la destrucci\u00f3n escuelas y hospitales y que los rehenes israel\u00edes se liberen ya. \u201cEsta masacre no puede durar ni un minuto m\u00e1s\u201d, denunci\u00f3.<\/p>\n<p>Una de las presentadoras del acto, Rim, originaria de Mollrussa (L\u00e9rida), ya ha coincidido en dos ocasiones con la reina. La primera en una reuni\u00f3n de trabajo a puerta cerrada en la que ya vio que <strong>Letizia Ortiz \u201csab\u00eda muy bien cu\u00e1les son los temas que \u00edbamos a abordar\u201d<\/strong>. En esta ocasi\u00f3n, la reina se dirigi\u00f3 a la joven al t\u00e9rmino del acto para darle la enhorabuena por la presentaci\u00f3n que ella y su compa\u00f1ero Juan hicieron, y lament\u00f3 que no se les d\u00e9 m\u00e1s foco a los j\u00f3venes que, como ellos, est\u00e1n tan involucrados en el apoyo a la infancia.<\/p>\n<p>Los premiados han recibido como galard\u00f3n una fotograf\u00eda de <strong>Isabel Mu\u00f1oz<\/strong>, Premio Nacional de Fotograf\u00eda 2016 y colaboradora de UNICEF, con una imagen de una ni\u00f1a de N\u00edger que trabaja once horas diarias por 10 euros al mes. En ediciones anteriores estos galardones han reconocido el compromiso de Ban Ki-Moon, Proactiva Open Arms, la reina do\u00f1a Sof\u00eda o Malala Yousafzai.<\/p>\n","protected":false},"excerpt":{"rendered":"El acto ha congregado tambi\u00e9n a caras conocidas como la periodista Sara Carbonero, la campeona Teresa Perales, el&hellip;\n","protected":false},"author":2,"featured_media":152930,"comment_status":"","ping_status":"","sticky":false,"template":"","format":"standard","meta":{"footnotes":""},"categories":[91],"tags":[146,147,25,24,1887,11440,12431,23],"class_list":{"0":"post-152929","1":"post","2":"type-post","3":"status-publish","4":"format-standard","5":"has-post-thumbnail","7":"category-entretenimiento","8":"tag-entertainment","9":"tag-entretenimiento","10":"tag-es","11":"tag-espana","12":"tag-familia-real-espanola","13":"tag-letizia-ortiz","14":"tag-pau-gasol","15":"tag-spain"},"share_on_mastodon":{"url":"","error":""},"_links":{"self":[{"href":"https:\/\/www.europesays.com\/es\/wp-json\/wp\/v2\/posts\/152929","targetHints":{"allow":["GET"]}}],"collection":[{"href":"https:\/\/www.europesays.com\/es\/wp-json\/wp\/v2\/posts"}],"about":[{"href":"https:\/\/www.europesays.com\/es\/wp-json\/wp\/v2\/types\/post"}],"author":[{"embeddable":true,"href":"https:\/\/www.europesays.com\/es\/wp-json\/wp\/v2\/users\/2"}],"replies":[{"embeddable":true,"href":"https:\/\/www.europesays.com\/es\/wp-json\/wp\/v2\/comments?post=152929"}],"version-history":[{"count":0,"href":"https:\/\/www.europesays.com\/es\/wp-json\/wp\/v2\/posts\/152929\/revisions"}],"wp:featuredmedia":[{"embeddable":true,"href":"https:\/\/www.europesays.com\/es\/wp-json\/wp\/v2\/media\/152930"}],"wp:attachment":[{"href":"https:\/\/www.europesays.com\/es\/wp-json\/wp\/v2\/media?parent=152929"}],"wp:term":[{"taxonomy":"category","embeddable":true,"href":"https:\/\/www.europesays.com\/es\/wp-json\/wp\/v2\/categories?post=152929"},{"taxonomy":"post_tag","embeddable":true,"href":"https:\/\/www.europesays.com\/es\/wp-json\/wp\/v2\/tags?post=152929"}],"curies":[{"name":"wp","href":"https:\/\/api.w.org\/{rel}","templated":true}]}}