{"id":152939,"date":"2025-10-02T14:52:09","date_gmt":"2025-10-02T14:52:09","guid":{"rendered":"https:\/\/www.europesays.com\/es\/152939\/"},"modified":"2025-10-02T14:52:09","modified_gmt":"2025-10-02T14:52:09","slug":"sorteado-el-primer-campeonato-del-mundo-masculino-sub-17","status":"publish","type":"post","link":"https:\/\/www.europesays.com\/es\/152939\/","title":{"rendered":"Sorteado el primer Campeonato del Mundo Masculino Sub-17"},"content":{"rendered":"<p>La IHF ha celebrado este <strong>jueves 2 de octubre,<\/strong> a las <strong>15:30h. en El Cairo,<\/strong> el sorteo de la primera edici\u00f3n del <strong>Campeonato del Mundo Masculino Sub-17<\/strong>, que tendr\u00e1 lugar en<strong> Marruecos<\/strong> del <strong>24 de octubre al 1 de noviembre de 2025. <\/strong>Un total de doce selecciones competir\u00e1n por el trofeo.<\/p>\n<p>Cinco continentes (\u00c1frica, Asia, Europa, Norteam\u00e9rica y el Caribe, y Sudam\u00e9rica y Centroam\u00e9rica) estar\u00e1n representados al inicio de la competici\u00f3n, con tres equipos de \u00c1frica y Asia cada uno, adem\u00e1s de dos equipos de Europa, Norteam\u00e9rica y el Caribe, y Sudam\u00e9rica y Centroam\u00e9rica.<\/p>\n<p>El anfitri\u00f3n Marruecos, junto con Egipto y T\u00fanez, representar\u00e1 a \u00c1frica, mientras que la Rep\u00fablica Isl\u00e1mica de Ir\u00e1n, la Rep\u00fablica de Corea y Qatar (los tres mejores equipos del Campeonato Asi\u00e1tico de Balonmano Masculino Sub-17 de la AHF 2025) representar\u00e1n a Asia.<\/p>\n<p>Alemania y Espa\u00f1a participar\u00e1n por Europa, mientras que Argentina y Brasil son los equipos participantes de Sudam\u00e9rica y Centroam\u00e9rica. La alineaci\u00f3n se completa con Puerto Rico y Estados Unidos.<\/p>\n<p><strong>RONDA PRELIMINAR<\/strong><\/p>\n<ul>\n<li>Grupo A: Egipto, Marruecos, Brasil, Estados Unidos<\/li>\n<li><strong>Grupo B: Espa\u00f1a, T\u00fanez, Rep\u00fablica de Corea, Qatar<\/strong><\/li>\n<li>Grupo C: Alemania, Argentina, Rep\u00fablica Isl\u00e1mica de Ir\u00e1n, Puerto Rico<\/li>\n<\/ul>\n<p><strong>UNA COMPETICI\u00d3N PIONERA<\/strong><\/p>\n<p>La creaci\u00f3n del Campeonato del Mundo<strong>\u00a0Masculino Sub-17<\/strong> responde a la intenci\u00f3n de la IHF de seguir ampliando las oportunidades de desarrollo en categor\u00edas de base. <strong>Marruecos, como sede inaugural,<\/strong> se convertir\u00e1 en epicentro de una cita hist\u00f3rica que pretende consolidarse en el calendario internacional.<\/p>\n","protected":false},"excerpt":{"rendered":"La IHF ha celebrado este jueves 2 de octubre, a las 15:30h. en El Cairo, el sorteo de&hellip;\n","protected":false},"author":2,"featured_media":152940,"comment_status":"","ping_status":"","sticky":false,"template":"","format":"standard","meta":{"footnotes":""},"categories":[278],"tags":[376,168,25,24,375,23,167],"class_list":{"0":"post-152939","1":"post","2":"type-post","3":"status-publish","4":"format-standard","5":"has-post-thumbnail","7":"category-balonmano","8":"tag-balonmano","9":"tag-deportes","10":"tag-es","11":"tag-espana","12":"tag-handball","13":"tag-spain","14":"tag-sports"},"share_on_mastodon":{"url":"","error":""},"_links":{"self":[{"href":"https:\/\/www.europesays.com\/es\/wp-json\/wp\/v2\/posts\/152939","targetHints":{"allow":["GET"]}}],"collection":[{"href":"https:\/\/www.europesays.com\/es\/wp-json\/wp\/v2\/posts"}],"about":[{"href":"https:\/\/www.europesays.com\/es\/wp-json\/wp\/v2\/types\/post"}],"author":[{"embeddable":true,"href":"https:\/\/www.europesays.com\/es\/wp-json\/wp\/v2\/users\/2"}],"replies":[{"embeddable":true,"href":"https:\/\/www.europesays.com\/es\/wp-json\/wp\/v2\/comments?post=152939"}],"version-history":[{"count":0,"href":"https:\/\/www.europesays.com\/es\/wp-json\/wp\/v2\/posts\/152939\/revisions"}],"wp:featuredmedia":[{"embeddable":true,"href":"https:\/\/www.europesays.com\/es\/wp-json\/wp\/v2\/media\/152940"}],"wp:attachment":[{"href":"https:\/\/www.europesays.com\/es\/wp-json\/wp\/v2\/media?parent=152939"}],"wp:term":[{"taxonomy":"category","embeddable":true,"href":"https:\/\/www.europesays.com\/es\/wp-json\/wp\/v2\/categories?post=152939"},{"taxonomy":"post_tag","embeddable":true,"href":"https:\/\/www.europesays.com\/es\/wp-json\/wp\/v2\/tags?post=152939"}],"curies":[{"name":"wp","href":"https:\/\/api.w.org\/{rel}","templated":true}]}}