{"id":152945,"date":"2025-10-02T14:57:07","date_gmt":"2025-10-02T14:57:07","guid":{"rendered":"https:\/\/www.europesays.com\/es\/152945\/"},"modified":"2025-10-02T14:57:07","modified_gmt":"2025-10-02T14:57:07","slug":"kern-pharma-sancionara-a-kiko-galvan-por-imprudencia-vial","status":"publish","type":"post","link":"https:\/\/www.europesays.com\/es\/152945\/","title":{"rendered":"Kern Pharma sancionar\u00e1 a Kiko Galv\u00e1n por imprudencia vial"},"content":{"rendered":"<blockquote class=\"instagram-media\" style=\"background: #FFF; border: 0; border-radius: 3px; box-shadow: 0 0 1px 0 rgba(0,0,0,0.5),0 1px 10px 0 rgba(0,0,0,0.15); margin: 1px; max-width: 540px; min-width: 326px; padding: 0; width: calc(100% - 2px);\" data-instgrm-captioned=\"\" data-instgrm-permalink=\"https:\/\/www.instagram.com\/reel\/DPTA038iPTP\/?utm_source=ig_embed&amp;utm_campaign=loading\" data-instgrm-version=\"14\"\/>\n<p style=\"text-align: justify;\"><strong>Redacci\u00f3n \/ <a href=\"https:\/\/www.ciclo21.com\/whatsapp-telegram-2025\/\" target=\"_blank\" rel=\"noopener nofollow\">Ciclo 21<\/a><\/strong><\/p>\n<p style=\"text-align: justify;\"><strong>Kiko Galv\u00e1n<\/strong>, el catal\u00e1n del <strong>Kern Pharma,<\/strong> ser\u00e1<strong> sancionado por su equipo<\/strong> acorde a su r\u00e9gimen disciplinario despu\u00e9s de <strong>incumplir gravemente las normas de seguridad vial.<\/strong> El penoso y lamentable suceso se ha producido en la <strong>carretera de <\/strong><strong>la Rabassada (BP-1417)<\/strong>, que enlaza los municipios de Barcelona y San Cugat del Vall\u00e9s atravesando la sierra de Collserola por el coll de l\u2019Erola y considerada como la m\u00e1s peligrosa de la provincia. <\/p>\n<p style=\"text-align: justify;\">En ese lugar \u00abexisten separadores que evitan los adelantamientos en l\u00ednea continua y sobre todo los choques frontales, el riesgo m\u00e1s grande en este tramo\u00bb como denuncia la cuenta que publica la inaceptable acci\u00f3n del <strong>catal\u00e1n de 27 a\u00f1os de Llic\u00e0 d\u2019Amunt<\/strong>. Galv\u00e1n tuvo la ocurrencia de<strong> saltar dichos separadores descendiendo a gran velocidad e invadiendo el carril contrario<\/strong> con la peligrosidad que comporta para \u00e9l mismo y el resto de conductores. Tambi\u00e9n contribuye a ello la persona no identificada que le graba en marcha y que, por la cara del protagonista, coorganiza el v\u00eddeo.\u00a0<\/p>\n<p style=\"text-align: justify;\">El conjunto navarro de <strong>Juanjo Oroz<\/strong>, ante la difusi\u00f3n de los im\u00e1genes, decidi\u00f3 emitir un comunicado censurando obviamente la acci\u00f3n de su pupilo que tiene contrato para 2026.<\/p>\n<p style=\"text-align: justify;\"><strong>Comunicado oficial Kern Pharma<\/strong><\/p>\n<p style=\"text-align: justify;\">El Equipo Kern Pharma expresa su indignaci\u00f3n por las im\u00e1genes difundidas de uno de nuestros ciclistas incumpliendo gravemente las normas de seguridad vial.<\/p>\n<p style=\"text-align: justify;\">Desde Azcoro Sport, lamentamos profundamente y pedimos disculpas por un incidente que no refleja los valores que defendemos y queremos proyectar como equipo.<\/p>\n<p style=\"text-align: justify;\">El Equipo Kern Pharma reitera su m\u00e1s alto y firme compromiso con la seguridad en la carretera, tanto dentro de la competici\u00f3n como fuera de la misma. El respeto de la seguridad vial y las normativas de tr\u00e1fico son principios fundamentales en este deporte, que promovemos tanto en nuestra actividad competitiva como en nuestra labor formativa diaria con los ciclistas.<\/p>\n<p style=\"text-align: justify;\">Por ello, el Equipo Kern Pharma est\u00e1 tomando medidas de car\u00e1cter disciplinario con el ciclista involucrado para garantizar que actitudes y situaciones como las sucedidas no se repitan en un futuro. Asumimos nuestra responsabilidad y seguiremos trabajando para reforzar la formaci\u00f3n y concienciaci\u00f3n de todos nuestros integrantes en materia de seguridad vial.<\/p>\n<p><script async src=\"\/\/www.instagram.com\/embed.js\"><\/script><\/p>\n","protected":false},"excerpt":{"rendered":"Redacci\u00f3n \/ Ciclo 21 Kiko Galv\u00e1n, el catal\u00e1n del Kern Pharma, ser\u00e1 sancionado por su equipo acorde a&hellip;\n","protected":false},"author":2,"featured_media":152946,"comment_status":"","ping_status":"","sticky":false,"template":"","format":"standard","meta":{"footnotes":""},"categories":[273],"tags":[313,312,168,25,24,9329,46140,23,167],"class_list":{"0":"post-152945","1":"post","2":"type-post","3":"status-publish","4":"format-standard","5":"has-post-thumbnail","7":"category-ciclismo","8":"tag-ciclismo","9":"tag-cycling","10":"tag-deportes","11":"tag-es","12":"tag-espana","13":"tag-kern-pharma","14":"tag-kiko-galvan","15":"tag-spain","16":"tag-sports"},"share_on_mastodon":{"url":"","error":""},"_links":{"self":[{"href":"https:\/\/www.europesays.com\/es\/wp-json\/wp\/v2\/posts\/152945","targetHints":{"allow":["GET"]}}],"collection":[{"href":"https:\/\/www.europesays.com\/es\/wp-json\/wp\/v2\/posts"}],"about":[{"href":"https:\/\/www.europesays.com\/es\/wp-json\/wp\/v2\/types\/post"}],"author":[{"embeddable":true,"href":"https:\/\/www.europesays.com\/es\/wp-json\/wp\/v2\/users\/2"}],"replies":[{"embeddable":true,"href":"https:\/\/www.europesays.com\/es\/wp-json\/wp\/v2\/comments?post=152945"}],"version-history":[{"count":0,"href":"https:\/\/www.europesays.com\/es\/wp-json\/wp\/v2\/posts\/152945\/revisions"}],"wp:featuredmedia":[{"embeddable":true,"href":"https:\/\/www.europesays.com\/es\/wp-json\/wp\/v2\/media\/152946"}],"wp:attachment":[{"href":"https:\/\/www.europesays.com\/es\/wp-json\/wp\/v2\/media?parent=152945"}],"wp:term":[{"taxonomy":"category","embeddable":true,"href":"https:\/\/www.europesays.com\/es\/wp-json\/wp\/v2\/categories?post=152945"},{"taxonomy":"post_tag","embeddable":true,"href":"https:\/\/www.europesays.com\/es\/wp-json\/wp\/v2\/tags?post=152945"}],"curies":[{"name":"wp","href":"https:\/\/api.w.org\/{rel}","templated":true}]}}