{"id":152949,"date":"2025-10-02T14:59:06","date_gmt":"2025-10-02T14:59:06","guid":{"rendered":"https:\/\/www.europesays.com\/es\/152949\/"},"modified":"2025-10-02T14:59:06","modified_gmt":"2025-10-02T14:59:06","slug":"convocatoria-pre-selecciones-u14-y-u16-05-10-25-areas-deportivas-selecciones-selecciones-autonomicas","status":"publish","type":"post","link":"https:\/\/www.europesays.com\/es\/152949\/","title":{"rendered":"Convocatoria Pre-Selecciones U14 y U16 (05\/10\/25) &#8211; \u00c1REAS DEPORTIVAS &#8211; SELECCIONES &#8211; SELECCIONES AUTON\u00d3MICAS"},"content":{"rendered":"<p style=\"text-align: justify;\">Este domingo, 5 de octubre, se celebrar\u00e1 la primera sesi\u00f3n de entrenamiento de las Pre-Selecciones Infantiles y Cadetes, iniciando as\u00ed su preparaci\u00f3n para el Campeonato de Espa\u00f1a de Selecciones Auton\u00f3micas U14 &#8211; U16 (KDTINF) que tendr\u00e1 lugar durante la primera semana del a\u00f1o 2026.<\/p>\n<p style=\"text-align: justify;\">Los combinados Infantiles se ejercitar\u00e1n en el Pabell\u00f3n Auxiliar de San Javier, arrancando el combinado masculino (de 16:30 a 18:30) para ejercitarse despu\u00e9s la pre-selecci\u00f3n femenina (de 18:30 a 20:30). Por su parte, los equipos Cadete trabajar\u00e1n en el Pabell\u00f3n 2 de El Romeral (Molina de Segura) de 17:00 a 19:00 (U16M) y de 19:00 a 21:00 (U16F).<\/p>\n<p style=\"text-align: justify;\">En el apartado \u00abDocumentos\u00bb se puede descargar las convocatorias de los cuatro combinados.<\/p>\n","protected":false},"excerpt":{"rendered":"Este domingo, 5 de octubre, se celebrar\u00e1 la primera sesi\u00f3n de entrenamiento de las Pre-Selecciones Infantiles y Cadetes,&hellip;\n","protected":false},"author":2,"featured_media":152950,"comment_status":"","ping_status":"","sticky":false,"template":"","format":"standard","meta":{"footnotes":""},"categories":[269],"tags":[46143,21771,39700,299,298,8461,3008,168,15900,25,24,2500,1783,1478,46141,6192,19022,23,167,46142,16976,1511],"class_list":{"0":"post-152949","1":"post","2":"type-post","3":"status-publish","4":"format-standard","5":"has-post-thumbnail","7":"category-baloncesto","8":"tag-05-10-25","9":"tag-areas","10":"tag-autonomicas","11":"tag-baloncesto","12":"tag-basketball","13":"tag-convocatoria","14":"tag-de","15":"tag-deportes","16":"tag-deportivas","17":"tag-es","18":"tag-espana","19":"tag-federacion","20":"tag-la","21":"tag-murcia","22":"tag-pre","23":"tag-region","24":"tag-selecciones","25":"tag-spain","26":"tag-sports","27":"tag-u14","28":"tag-u16","29":"tag-y"},"share_on_mastodon":{"url":"","error":""},"_links":{"self":[{"href":"https:\/\/www.europesays.com\/es\/wp-json\/wp\/v2\/posts\/152949","targetHints":{"allow":["GET"]}}],"collection":[{"href":"https:\/\/www.europesays.com\/es\/wp-json\/wp\/v2\/posts"}],"about":[{"href":"https:\/\/www.europesays.com\/es\/wp-json\/wp\/v2\/types\/post"}],"author":[{"embeddable":true,"href":"https:\/\/www.europesays.com\/es\/wp-json\/wp\/v2\/users\/2"}],"replies":[{"embeddable":true,"href":"https:\/\/www.europesays.com\/es\/wp-json\/wp\/v2\/comments?post=152949"}],"version-history":[{"count":0,"href":"https:\/\/www.europesays.com\/es\/wp-json\/wp\/v2\/posts\/152949\/revisions"}],"wp:featuredmedia":[{"embeddable":true,"href":"https:\/\/www.europesays.com\/es\/wp-json\/wp\/v2\/media\/152950"}],"wp:attachment":[{"href":"https:\/\/www.europesays.com\/es\/wp-json\/wp\/v2\/media?parent=152949"}],"wp:term":[{"taxonomy":"category","embeddable":true,"href":"https:\/\/www.europesays.com\/es\/wp-json\/wp\/v2\/categories?post=152949"},{"taxonomy":"post_tag","embeddable":true,"href":"https:\/\/www.europesays.com\/es\/wp-json\/wp\/v2\/tags?post=152949"}],"curies":[{"name":"wp","href":"https:\/\/api.w.org\/{rel}","templated":true}]}}