{"id":152951,"date":"2025-10-02T15:00:11","date_gmt":"2025-10-02T15:00:11","guid":{"rendered":"https:\/\/www.europesays.com\/es\/152951\/"},"modified":"2025-10-02T15:00:11","modified_gmt":"2025-10-02T15:00:11","slug":"bernardo-silva-sacude-a-dier-es-conocido-por-sus-piscinazos","status":"publish","type":"post","link":"https:\/\/www.europesays.com\/es\/152951\/","title":{"rendered":"Bernardo Silva sacude a Dier: \u201cEs conocido por sus piscinazos\u201d"},"content":{"rendered":"<p class=\"\"><b>Eric Dier<\/b> le arrebat\u00f3 los tres puntos al <b>Manchester City <\/b>en una jugada en el \u00faltimo minuto del partido. <a href=\"https:\/\/as.com\/futbol\/champions\/gil-manzano-se-marca-un-guler-n\/\" target=\"_blank\" rel=\"noreferrer nofollow noopener\" title=\"https:\/\/as.com\/futbol\/champions\/gil-manzano-se-marca-un-guler-n\/\">El ingl\u00e9s anot\u00f3 el 2-2 al marcar el penalti<\/a> que hab\u00eda provocado \u00e9l mismo, una acci\u00f3n que no gust\u00f3 a <b>Bernardo Silva<\/b>, ya que habl\u00f3 de lo sucedido al finalizar el encuentro de <b>Champions <\/b>en la ciudad monegasca. <\/p>\n<p class=\"\">El M\u00f3naco celebr\u00f3 el empate ante el conjunto citizen como si fuera una victoria debido a que consigui\u00f3 sumar su primer punto en la competici\u00f3n europea. El momento clave lleg\u00f3 cuando Dier recibi\u00f3 una falta dentro del \u00e1rea de <b>Nico Gonz\u00e1lez<\/b>, quien le dio con el pie en la cara y tras la intervenci\u00f3n del VAR, el \u00e1rbitro <b>Gil Manzano<\/b> se\u00f1al\u00f3 la pena m\u00e1xima. <\/p>\n<p class=\"\">\u201cNo lo vi. Q<b>uiz\u00e1s fue penalti. Tendr\u00eda que volver a ver la grabaci\u00f3n<\/b>\u201d, dijo en un primer momento Bernardo Silva, en TNT Sports. El centrocampista portugu\u00e9s brome\u00f3 sobre el comportamiento de Dier al recibir el contacto de Nico Gonz\u00e1lez. \u201c<b>(Eric Dier) es conocido por sus piscinazos<\/b>\u201d, coment\u00f3 entre carcajadas.<\/p>\n<p class=\"\">Dier no tard\u00f3 en responder a Bernardo Silva: \u201c<b>Escuch\u00e9 decir que me hab\u00eda tirado (sonr\u00ede).<\/b> Tengo que revisar la acci\u00f3n, pero claramente hubo contacto en mi cara\u201d.<\/p>\n<p>Noticias relacionadas<a href=\"https:\/\/as.com\/futbol\/champions\/gil-manzano-se-marca-un-guler-n\/\" class=\"s_m_w\" title=\"Un penalti calcado al del derbi permite al M\u00f3naco empatar en el a\u00f1adido ante el City. Doblete de Haaland, que suma 52 goles en 50 partidos de Champions. Rodri, titular.\" data-tb-link=\"\" rel=\"nofollow noopener\" target=\"_blank\"><img decoding=\"async\" src=\"https:\/\/www.europesays.com\/es\/wp-content\/uploads\/2025\/10\/TVMSRYZGSRFVJNBDTAYPFAQ5PE.jpg\" alt=\"Gil Manzano se marca un \u2018G\u00fcler\u2019\" class=\"\" height=\"1\" width=\"1\"   loading=\"lazy\" data-tb-thumbnail=\"\"\/><\/a><a href=\"https:\/\/as.com\/futbol\/internacional\/guardiola-traga-con-savinho-n\/\" class=\"s_m_w\" title=\"El Manchester City acuerda la renovaci\u00f3n del brasile\u00f1o, que firma hasta 2031. La directiva quiere evitar otro \u2018caso Palmer\u2019.\" data-tb-link=\"\" rel=\"nofollow noopener\" target=\"_blank\"><img decoding=\"async\" src=\"https:\/\/www.europesays.com\/es\/wp-content\/uploads\/2025\/10\/2AU4G63MERE6FEKLWMRN62I3P4.jfif\" alt=\"Guardiola \u2018traga\u2019 con Savinho\" class=\"\" height=\"1\" width=\"1\"   loading=\"lazy\" data-tb-thumbnail=\"\"\/><\/a><\/p>\n<p class=\"\">\u201cFue un partido muy dif\u00edcil contra un rival muy bueno. <b>Est\u00e1bamos muy contentos de sumar un punto al final<\/b>. Defendimos mucho durante gran parte del partido, pero cuando tuvimos el bal\u00f3n, lo aprovechamos bien y supimos crear ocasiones. Es un buen punto para nosotros\u201d, finaliz\u00f3 el jugador ingl\u00e9s del M\u00f3naco. <\/p>\n<p class=\"\"><b>\u00a1Tus opiniones importan!<\/b> Comenta en los art\u00edculos y suscr\u00edbete gratis a nuestra <a href=\"https:\/\/asfan.as.com\/newsletters\/\" target=\"_blank\" rel=\"nofollow noopener\" title=\"https:\/\/asfan.as.com\/newsletters\/\">newsletter<\/a> y a las alertas informativas en la <a href=\"https:\/\/as.com\/aplicacion-de-as-n\/\" target=\"_blank\" rel=\"nofollow noopener\" title=\"https:\/\/as.com\/aplicacion-de-as-n\/\">App<\/a> o el canal de <a href=\"https:\/\/www.whatsapp.com\/channel\/0029VaAasdA7j6g745nz9M10\" target=\"_blank\" rel=\"nofollow noopener\" title=\"https:\/\/www.whatsapp.com\/channel\/0029VaAasdA7j6g745nz9M10\">WhatsApp<\/a>. \u00bfBuscas licenciar contenido? Haz clic <a href=\"https:\/\/profesional.elpais.com\/soluciones-sindicacion?utm_medium=interno&amp;utm_source=crosslinking&amp;utm_campaign=sindicacion_as_pie_articulos\" target=\"_blank\" rel=\"nofollow noopener\" title=\"https:\/\/profesional.elpais.com\/soluciones-sindicacion?utm_medium=interno&amp;utm_source=crosslinking&amp;utm_campaign=sindicacion_as_pie_articulos\">aqu\u00ed<\/a><\/p>\n","protected":false},"excerpt":{"rendered":"Eric Dier le arrebat\u00f3 los tres puntos al Manchester City en una jugada en el \u00faltimo minuto del&hellip;\n","protected":false},"author":2,"featured_media":152952,"comment_status":"","ping_status":"","sticky":false,"template":"","format":"standard","meta":{"footnotes":""},"categories":[268],"tags":[168,25,24,280,282,281,23,167],"class_list":{"0":"post-152951","1":"post","2":"type-post","3":"status-publish","4":"format-standard","5":"has-post-thumbnail","7":"category-futbol","8":"tag-deportes","9":"tag-es","10":"tag-espana","11":"tag-football","12":"tag-futbol","13":"tag-soccer","14":"tag-spain","15":"tag-sports"},"share_on_mastodon":{"url":"","error":""},"_links":{"self":[{"href":"https:\/\/www.europesays.com\/es\/wp-json\/wp\/v2\/posts\/152951","targetHints":{"allow":["GET"]}}],"collection":[{"href":"https:\/\/www.europesays.com\/es\/wp-json\/wp\/v2\/posts"}],"about":[{"href":"https:\/\/www.europesays.com\/es\/wp-json\/wp\/v2\/types\/post"}],"author":[{"embeddable":true,"href":"https:\/\/www.europesays.com\/es\/wp-json\/wp\/v2\/users\/2"}],"replies":[{"embeddable":true,"href":"https:\/\/www.europesays.com\/es\/wp-json\/wp\/v2\/comments?post=152951"}],"version-history":[{"count":0,"href":"https:\/\/www.europesays.com\/es\/wp-json\/wp\/v2\/posts\/152951\/revisions"}],"wp:featuredmedia":[{"embeddable":true,"href":"https:\/\/www.europesays.com\/es\/wp-json\/wp\/v2\/media\/152952"}],"wp:attachment":[{"href":"https:\/\/www.europesays.com\/es\/wp-json\/wp\/v2\/media?parent=152951"}],"wp:term":[{"taxonomy":"category","embeddable":true,"href":"https:\/\/www.europesays.com\/es\/wp-json\/wp\/v2\/categories?post=152951"},{"taxonomy":"post_tag","embeddable":true,"href":"https:\/\/www.europesays.com\/es\/wp-json\/wp\/v2\/tags?post=152951"}],"curies":[{"name":"wp","href":"https:\/\/api.w.org\/{rel}","templated":true}]}}