{"id":152953,"date":"2025-10-02T15:01:09","date_gmt":"2025-10-02T15:01:09","guid":{"rendered":"https:\/\/www.europesays.com\/es\/152953\/"},"modified":"2025-10-02T15:01:09","modified_gmt":"2025-10-02T15:01:09","slug":"silvia-alonso-habla-de-su-miedo-a-las-agujas-y-de-los-sincopes-vasovagales-que-sufre-me-caigo-redonda-alla-donde-este-gente","status":"publish","type":"post","link":"https:\/\/www.europesays.com\/es\/152953\/","title":{"rendered":"Silvia Alonso habla de su miedo a las agujas y de los s\u00edncopes vasovagales que sufre: \u201cMe caigo redonda all\u00e1 donde est\u00e9\u201d | Gente"},"content":{"rendered":"<p class=\"\">\u201cHoy arrancamos con un miedo muy universal, el miedo a las agujas\u201d. As\u00ed comenz\u00f3 el presentador Manuel Burque la nueva temporada de su podcast en la Cadena SER, <a href=\"https:\/\/cadenaser.com\/podcast\/cadena-ser\/me-pasa-una-cosa\/4085\/\" target=\"_self\" rel=\"nofollow noopener\" title=\"https:\/\/cadenaser.com\/podcast\/cadena-ser\/me-pasa-una-cosa\/4085\/\">Me pasa una cosa<\/a>, una \u201cterapia en grupo\u201d donde se analizan neuras, man\u00edas y gustos un tanto raritos. En esta primera entrega, la protagonista fue la actriz Silvia Alonso, que cont\u00f3 c\u00f3mo convive con <a href=\"https:\/\/elpais.com\/mamas-papas\/familia\/2021-09-30\/ninos-con-tripanofobia-o-miedo-a-las-agujas-como-ayudarles-a-gestionarlo.html\" target=\"_self\" rel=\"nofollow noopener\" title=\"https:\/\/elpais.com\/mamas-papas\/familia\/2021-09-30\/ninos-con-tripanofobia-o-miedo-a-las-agujas-como-ayudarles-a-gestionarlo.html\">su fobia a \u201ctodo tipo de agujas que puedan penetrar en tu piel\u201d<\/a>. \u201cDesde que te saquen sangre hasta una v\u00eda\u201d, agreg\u00f3 la int\u00e9rprete, explicando que en realidad lo que le pasa es m\u00e1s bien \u201cuna fobia a la invasi\u00f3n\u201d y que tambi\u00e9n lo sufre cuando va al ginec\u00f3logo o en otras pruebas m\u00e9dicas. \u201cTuve que ir varias veces a que me mirasen las cuerdas vocales y te tienen que meter una c\u00e1mara por la nariz, fue horrible\u201d, dijo. <\/p>\n<p class=\"\">Alonso mencion\u00f3 que todo mejora si la anestesian pero que, en la mayor\u00eda de los casos, es una sedaci\u00f3n intravenosa: \u201cAh\u00ed volvemos al punto inicial: las agujas\u201d, explic\u00f3 con humor. De hecho, la actriz enfatiz\u00f3 que la acupuntura o la punci\u00f3n seca son dos cuestiones que tampoco se ha planteado debido a su fobia: \u201cPrefiero ir diez veces a que me claven el dedo hasta el h\u00edgado, porque con el dolor no tengo ning\u00fan problema, antes que pasar por eso\u201d. <\/p>\n<p>M\u00e1s informaci\u00f3n<\/p>\n<p class=\"\">Relat\u00f3 que, en su caso, lo que sufre es un s\u00edncope vasovagal: \u201cPierdo el conocimiento, me caigo redonda all\u00e1 donde est\u00e9, ojos en blanco, convulsiones, tensi\u00f3n, me muerdo la lengua y luego estoy dos d\u00edas vomitando\u201d. \u201cCuando vuelvo en m\u00ed tengo enfrente a un enfermero o a un m\u00e9dico blanco que jam\u00e1s se esperar\u00eda esa reacci\u00f3n\u201d, agreg\u00f3. \u201cNo tiene que ver con no mirar o con el dolor, hay algo en mi cabeza que necesita protegerse y por eso se desconecta\u201d, concluy\u00f3.<\/p>\n<p class=\"\">Silvia Alonso coment\u00f3 tambi\u00e9n en el podcast que se podr\u00eda desmayar solo con hablar del tema y que acudir a terapia le ayud\u00f3 mucho: \u201cRelaciono eso con algo sobre lo que no tienes control. Yo tengo a miedo a todo, por ejemplo, miedo a volar. Hay un componente en todo esto que es ponerte en manos de otro y no controlar lo que est\u00e1 haciendo\u201d. Y cont\u00f3 que no fue capaz de hacerse un an\u00e1lisis de sangre hasta los 28 a\u00f1os, y que le daba m\u00e1s miedo esa prueba que morirse.<\/p>\n<p class=\"\">Primero emple\u00f3 la<a href=\"https:\/\/elpais.com\/estilo-de-vida\/2024-08-24\/como-abordar-traumas-del-pasado-para-conocerse-mejor-en-el-presente-el-recuerdo-sigue-ahi-pero-ya-no-duele.html\" target=\"_blank\" rel=\"noreferrer nofollow noopener\" title=\"https:\/\/elpais.com\/estilo-de-vida\/2024-08-24\/como-abordar-traumas-del-pasado-para-conocerse-mejor-en-el-presente-el-recuerdo-sigue-ahi-pero-ya-no-duele.html\"> terapia de desensibilizaci\u00f3n y reprocesamiento mediante movimientos oculares<\/a> (EMDR, por sus siglas en ingl\u00e9s), un tipo de abordaje psicoterap\u00e9utico para reprocesar eventos traum\u00e1ticos <a href=\"https:\/\/www.who.int\/es\/news\/item\/06-08-2013-who-releases-guidance-on-mental-health-care-after-trauma\" rel=\"nofollow noopener\" target=\"_blank\">avalado desde 2013 por la Organizaci\u00f3n Mundial de la Salud<\/a>. Rememor\u00f3 as\u00ed, seg\u00fan dijo, momentos de su infancia en los que tuvieron que inyectarle alguna medicaci\u00f3n. Y despu\u00e9s realiz\u00f3 una terapia que calific\u00f3 \u201cde choque\u201d y que termin\u00f3 con la psic\u00f3loga acompa\u00f1\u00e1ndola a los tres primeros an\u00e1lisis de sangre que se hizo y lo logr\u00f3: \u201cTodos los d\u00edas me encerraba una hora con ella a hacer un simulacro de un an\u00e1lisis. Estuve as\u00ed un a\u00f1o y pico\u201d.<\/p>\n<p class=\"\">\u201cEl dolor y las experiencias traum\u00e1ticas con las inyecciones suelen ser los desencadenantes de la fobia a los pinchazos en los ni\u00f1os, que es m\u00e1s habitual que en los adultos\u201d, <a href=\"https:\/\/elpais.com\/mamas-papas\/2021-05-26\/vacunas-como-ayudar-a-los-ninos-a-superar-el-miedo.html\" target=\"_self\" rel=\"nofollow noopener\" title=\"https:\/\/elpais.com\/mamas-papas\/2021-05-26\/vacunas-como-ayudar-a-los-ninos-a-superar-el-miedo.html\">explica este reportaje de Mamas&amp;Papas<\/a>. <\/p>\n","protected":false},"excerpt":{"rendered":"\u201cHoy arrancamos con un miedo muy universal, el miedo a las agujas\u201d. As\u00ed comenz\u00f3 el presentador Manuel Burque&hellip;\n","protected":false},"author":2,"featured_media":152954,"comment_status":"","ping_status":"","sticky":false,"template":"","format":"standard","meta":{"footnotes":""},"categories":[174],"tags":[1015,6699,255,146,147,25,24,256,20661,260,2667,1448,166,42108,23],"class_list":{"0":"post-152953","1":"post","2":"type-post","3":"status-publish","4":"format-standard","5":"has-post-thumbnail","7":"category-famosos","8":"tag-actrices","9":"tag-cadena-ser","10":"tag-celebrities","11":"tag-entertainment","12":"tag-entretenimiento","13":"tag-es","14":"tag-espana","15":"tag-famosos","16":"tag-fobias","17":"tag-gente","18":"tag-podcast","19":"tag-radio","20":"tag-salud","21":"tag-silvia-alonso","22":"tag-spain"},"share_on_mastodon":{"url":"","error":""},"_links":{"self":[{"href":"https:\/\/www.europesays.com\/es\/wp-json\/wp\/v2\/posts\/152953","targetHints":{"allow":["GET"]}}],"collection":[{"href":"https:\/\/www.europesays.com\/es\/wp-json\/wp\/v2\/posts"}],"about":[{"href":"https:\/\/www.europesays.com\/es\/wp-json\/wp\/v2\/types\/post"}],"author":[{"embeddable":true,"href":"https:\/\/www.europesays.com\/es\/wp-json\/wp\/v2\/users\/2"}],"replies":[{"embeddable":true,"href":"https:\/\/www.europesays.com\/es\/wp-json\/wp\/v2\/comments?post=152953"}],"version-history":[{"count":0,"href":"https:\/\/www.europesays.com\/es\/wp-json\/wp\/v2\/posts\/152953\/revisions"}],"wp:featuredmedia":[{"embeddable":true,"href":"https:\/\/www.europesays.com\/es\/wp-json\/wp\/v2\/media\/152954"}],"wp:attachment":[{"href":"https:\/\/www.europesays.com\/es\/wp-json\/wp\/v2\/media?parent=152953"}],"wp:term":[{"taxonomy":"category","embeddable":true,"href":"https:\/\/www.europesays.com\/es\/wp-json\/wp\/v2\/categories?post=152953"},{"taxonomy":"post_tag","embeddable":true,"href":"https:\/\/www.europesays.com\/es\/wp-json\/wp\/v2\/tags?post=152953"}],"curies":[{"name":"wp","href":"https:\/\/api.w.org\/{rel}","templated":true}]}}