{"id":152957,"date":"2025-10-02T15:04:10","date_gmt":"2025-10-02T15:04:10","guid":{"rendered":"https:\/\/www.europesays.com\/es\/152957\/"},"modified":"2025-10-02T15:04:10","modified_gmt":"2025-10-02T15:04:10","slug":"equipo-de-investigacion-hablara-con-simon-perez-el-economista-arruinado-por-su-viral-con-las-hipotecas-a-tipo-fijo","status":"publish","type":"post","link":"https:\/\/www.europesays.com\/es\/152957\/","title":{"rendered":"&#8216;Equipo de investigaci\u00f3n&#8217; hablar\u00e1 con Sim\u00f3n P\u00e9rez, el economista arruinado por su viral con las hipotecas a tipo fijo"},"content":{"rendered":"<p class=\"article-text\">\n        <strong>Sim\u00f3n P\u00e9rez<\/strong> era un economista con una carrera destacada, pero un v\u00eddeo de apenas ocho minutos cambi\u00f3 para siempre su futuro profesional. Fue en diciembre de 2017 cuando el consultor <strong>se hizo viral<\/strong> junto a su compa\u00f1era de escena, <strong>Silvia Charro<\/strong>, al aconsejar reiteradamente a los espectadores que contrataran \u201c<strong>hipotecas a tipo fijo<\/strong>\u201d. Casi una d\u00e9cada despu\u00e9s de aquel episodio, <strong>Equipo de investigaci\u00f3n<\/strong><strong> <\/strong>se dispone a revelar la historia in\u00e9dita a trav\u00e9s de una entrevista en <strong>laSexta<\/strong>.\n    <\/p>\n<p>    <a href=\"https:\/\/www.eldiario.es\/vertele\/noticias\/gloria-serra-desvela-desgracia-tema-equipo-investigacion-lleva-repitiendo-15-anos_1_12593809.html\" data-mrf-recirculation=\"saber-mas\" data-dl-event=\"saber-mas\" rel=\"nofollow noopener\" target=\"_blank\"><\/p>\n<p class=\"know-more__title\">Gloria Serra desvela cu\u00e1l es, \u00abpor desgracia\u00bb, el tema que &#8216;Equipo de investigaci\u00f3n&#8217; lleva repitiendo 15 a\u00f1os<\/p>\n<p>            <img decoding=\"async\" class=\"lazy\" loading=\"lazy\" data-src=\"https:\/\/static.eldiario.es\/clip\/3153b47d-2a1f-4490-a5a0-0bcada79d462_16-9-aspect-ratio_default_0.jpg\" src=\"data:image\/svg+xml,%3Csvg xmlns=\" http:=\"\" viewbox=\"0 0 880 495\" alt=\"Gloria Serra desvela cu\u00e1l es, &quot;por desgracia&quot;, el tema que 'Equipo de investigaci\u00f3n' lleva repitiendo 15 a\u00f1os\"\/><\/p>\n<p>                        <\/a><\/p>\n<p class=\"article-text\">\n        Con un tono desenfadado y gesticulando m\u00e1s de lo habitual, P\u00e9rez y Charro alcanzaron tal nivel de viralidad que incluso el asunto se col\u00f3 en la televisi\u00f3n generalista. La intenci\u00f3n era <strong>grabar un v\u00eddeo<\/strong> donde se explicara al p\u00fablico por qu\u00e9 las hipotecas a tipo fijo eran m\u00e1s convenientes que las variables, sin embargo, hubo <strong>una idea que no result\u00f3<\/strong> como esperaban: promocionar el lanzamiento de su nueva compa\u00f1\u00eda especializada.\n    <\/p>\n<p class=\"article-text\">\n        As\u00ed se pronunci\u00f3 Silvia Charro en <a href=\"https:\/\/www.eldiario.es\/rastreador\/silvia-charro-explica-hipotecas-llamaron_132_2999883.html\" target=\"_blank\" data-mrf-recirculation=\"links-noticia\" class=\"link\" rel=\"nofollow noopener\">elDiario.es<\/a>: \u201cSe nos ocurri\u00f3, para reforzar la presentaci\u00f3n de mi nueva empresa, <strong>aparentar que \u00edbamos pasados <\/strong>para hacer una campa\u00f1a de marketing m\u00e1s impactante\u201d. Ambos fueron despedidos tras la difusi\u00f3n masiva del v\u00eddeo y comenz\u00f3 una espiral autodestructiva en directo como si de <a href=\"https:\/\/www.eldiario.es\/era\/black-mirror-simon-perez-espiral-autodestruccion-directo-asesor-hipotecas-tipo-fijo_1_12522731.html\" target=\"_blank\" data-mrf-recirculation=\"links-noticia\" class=\"link\" rel=\"nofollow noopener\">un episodio de la serie <\/a><a href=\"https:\/\/www.eldiario.es\/era\/black-mirror-simon-perez-espiral-autodestruccion-directo-asesor-hipotecas-tipo-fijo_1_12522731.html\" target=\"_blank\" data-mrf-recirculation=\"links-noticia\" class=\"link\" rel=\"nofollow noopener\">Black Mirror<\/a> se tratara: lleg\u00f3 a confirmar en uno de sus v\u00eddeos que sufr\u00eda alucinaciones.\n    <\/p>\n<p>    <a href=\"https:\/\/www.eldiario.es\/vertele\/noticias\/asociacion-7291-ancianos-muertos-residencias-ayuso-aclara-final-no-salio-revuelta_1_12650501.html\" data-mrf-recirculation=\"saber-mas-abajo\" data-dl-event=\"saber-mas-abajo\" rel=\"nofollow noopener\" target=\"_blank\"><\/p>\n<p class=\"know-more__title\">La Asociaci\u00f3n 7291 por los ancianos muertos en las residencias de Ayuso aclara por qu\u00e9 al final no sali\u00f3 en &#8216;La Revuelta&#8217;<\/p>\n<p>            <img decoding=\"async\" class=\"lazy\" loading=\"lazy\" data-src=\"https:\/\/static.eldiario.es\/clip\/100fdd32-bbd3-4463-8bdb-ddedbc3ae859_16-9-aspect-ratio_default_0.jpg\" src=\"data:image\/svg+xml,%3Csvg xmlns=\" http:=\"\" viewbox=\"0 0 880 495\" alt=\"La Asociaci\u00f3n 7291 por los ancianos muertos en las residencias de Ayuso aclara por qu\u00e9 al final no sali\u00f3 en 'La Revuelta'\"\/><\/p>\n<p>                        <\/a><\/p>\n<p class=\"article-text\">\n        El programa capitaneado por Gloria Serra ya est\u00e1 promocionando la <strong>entrevista<\/strong>, con Sim\u00f3n P\u00e9rez repasando el v\u00eddeo donde recomendaba las hipotecas fijas. \u201c<strong>Prefiero no verlo, me da mucha pena&#8230;<\/strong> Voy a fumar\u201d, asegura el economista, visiblemente abatido, mientras las im\u00e1genes se reproducen en una tablet. El programa promete descubrir a la audiencia \u201c<strong>la historia completa que no se ha contado<\/strong>\u201d en estos ocho a\u00f1os transcurridos desde que sus recomendaciones recorriesen todo el pa\u00eds.\n    <\/p>\n","protected":false},"excerpt":{"rendered":"Sim\u00f3n P\u00e9rez era un economista con una carrera destacada, pero un v\u00eddeo de apenas ocho minutos cambi\u00f3 para&hellip;\n","protected":false},"author":2,"featured_media":152958,"comment_status":"","ping_status":"","sticky":false,"template":"","format":"standard","meta":{"footnotes":""},"categories":[171],"tags":[46145,16982,146,147,622,25,24,46146,42569,7186,1294,738,4800,23,6593,214,4619],"class_list":{"0":"post-152957","1":"post","2":"type-post","3":"status-publish","4":"format-standard","5":"has-post-thumbnail","7":"category-tv","8":"tag-arruinado","9":"tag-economista","10":"tag-entertainment","11":"tag-entretenimiento","12":"tag-equipo","13":"tag-es","14":"tag-espana","15":"tag-fijo","16":"tag-hablara","17":"tag-hipotecas","18":"tag-investigacion","19":"tag-perez","20":"tag-simon","21":"tag-spain","22":"tag-tipo","23":"tag-tv","24":"tag-viral"},"share_on_mastodon":{"url":"","error":""},"_links":{"self":[{"href":"https:\/\/www.europesays.com\/es\/wp-json\/wp\/v2\/posts\/152957","targetHints":{"allow":["GET"]}}],"collection":[{"href":"https:\/\/www.europesays.com\/es\/wp-json\/wp\/v2\/posts"}],"about":[{"href":"https:\/\/www.europesays.com\/es\/wp-json\/wp\/v2\/types\/post"}],"author":[{"embeddable":true,"href":"https:\/\/www.europesays.com\/es\/wp-json\/wp\/v2\/users\/2"}],"replies":[{"embeddable":true,"href":"https:\/\/www.europesays.com\/es\/wp-json\/wp\/v2\/comments?post=152957"}],"version-history":[{"count":0,"href":"https:\/\/www.europesays.com\/es\/wp-json\/wp\/v2\/posts\/152957\/revisions"}],"wp:featuredmedia":[{"embeddable":true,"href":"https:\/\/www.europesays.com\/es\/wp-json\/wp\/v2\/media\/152958"}],"wp:attachment":[{"href":"https:\/\/www.europesays.com\/es\/wp-json\/wp\/v2\/media?parent=152957"}],"wp:term":[{"taxonomy":"category","embeddable":true,"href":"https:\/\/www.europesays.com\/es\/wp-json\/wp\/v2\/categories?post=152957"},{"taxonomy":"post_tag","embeddable":true,"href":"https:\/\/www.europesays.com\/es\/wp-json\/wp\/v2\/tags?post=152957"}],"curies":[{"name":"wp","href":"https:\/\/api.w.org\/{rel}","templated":true}]}}