{"id":152959,"date":"2025-10-02T15:05:11","date_gmt":"2025-10-02T15:05:11","guid":{"rendered":"https:\/\/www.europesays.com\/es\/152959\/"},"modified":"2025-10-02T15:05:11","modified_gmt":"2025-10-02T15:05:11","slug":"posible-fecha-para-el-disco-de-megadeth-nuevo-album-de-jim-peterik-single-de-on-the-loose","status":"publish","type":"post","link":"https:\/\/www.europesays.com\/es\/152959\/","title":{"rendered":"Posible fecha para el disco de MEGADETH. Nuevo \u00e1lbum de Jim Peterik. Single de ON THE LOOSE."},"content":{"rendered":"<p>\u00a0<\/p>\n<p style=\"text-align: center;\"><strong><a href=\"#MEGADETH2\">Posible fecha para el disco de MEGADETH<\/a> \u2013 <a href=\"#Jim_Peterik\">Nuevo \u00e1lbum de Jim Peterik<\/a> \u2013 <a href=\"#LOOSE\">Single de ON THE LOOSE<\/a>.<\/strong><\/p>\n<p>Seg\u00fan ha publicado la tienda Rough Trade en un desliz que ya han subsanado, el nuevo disco hom\u00f3nimo de <a href=\"https:\/\/www.megadeth.com\/\" target=\"_blank\" rel=\"noopener nofollow\"><strong>MEGADETH<\/strong><\/a> ver\u00e1 la luz el 22 o 23 de enero.<\/p>\n<p><a href=\"https:\/\/www.megadeth.com\/\" target=\"_blank\" rel=\"noopener nofollow\"><strong>MEGADETH<\/strong><\/a> estrenar\u00e1n el 3 de octubre un nuevo single titulado \u00abTipping Point\u00bb. En este <a href=\"https:\/\/www.rafabasa.com\/2025\/09\/25\/megadeth-xandria-bastard\/#MEGADETH\" rel=\"nofollow noopener\" target=\"_blank\">bloque<\/a> ten\u00e9is un primer adelanto y m\u00e1s detalles de su pr\u00f3ximo disco hom\u00f3nimo que saldr\u00e1 a primeros de 2026 a trav\u00e9s de la filial de Frontiers Music BLKIIBLK.<\/p>\n<p>Con motivo de su cuadrag\u00e9simo aniversario, el 17 de octubre ver\u00e1 la luz una edici\u00f3n especial en caja del primer disco de <a href=\"https:\/\/www.megadeth.com\/\" target=\"_blank\" rel=\"noopener nofollow\"><strong>MEGADETH<\/strong><\/a> \u201cKilling Is My Business\u2026 And Business Is Good\u201d.<\/p>\n<p>Todos los detalles en esta <a href=\"https:\/\/www.rafabasa.com\/2025\/06\/27\/megadeth-jelusick-igorrr\/#MEGADETH\" rel=\"nofollow noopener\" target=\"_blank\">noticia<\/a>.<\/p>\n<p><img fetchpriority=\"high\" decoding=\"async\" src=\"https:\/\/www.europesays.com\/es\/wp-content\/uploads\/2025\/10\/MegadethIdemVinyl.png\" alt=\"MEGADETH\" width=\"500\" height=\"500\"\/><\/p>\n<p>\u00a0<\/p>\n<p><a href=\"https:\/\/jimpeterik.com\/\" target=\"_blank\" rel=\"noopener nofollow\"><strong>Jim Peterik<\/strong><\/a> sacar\u00e1 un nuevo disco junto a World Stage el 12 de diciembre a trav\u00e9s de Frontiers con el t\u00edtulo de \u201cRiver of Music: The Power of Duets, Vol. 1\u201d.<\/p>\n<p>Estos son los temas que incluye:<\/p>\n<ol>\n<li>River of Music: Jim Peterik &amp; Colin Peterik<\/li>\n<li>Waiting For You: Dave Mikulskis &amp; Bree Gordon<\/li>\n<li>The Cadence of Things: Jim Peterik &amp; Jason Scheff<\/li>\n<li>Soul of My Being: Toby Hitchcock &amp; Bree Gordon<\/li>\n<li>Between Two Fires: Jim Peterik &amp; Kevin Cronin<\/li>\n<li>Double Rainbow: Jim Peterik &amp; Cathy Richardson<\/li>\n<li>Slow Lightning: Jim Peterik &amp; Colin Peterik<\/li>\n<li>In Good Faith: Toby Hitchcock &amp; Kaity Heart<\/li>\n<li>I\u2019m a Survivor: Jim Peterik &amp; Kaity Heart<\/li>\n<li>Everything You Need: Colin Peterik &amp; Jim Peterik<\/li>\n<\/ol>\n<p>A continuaci\u00f3n ten\u00e9is su nuevo single \u00abThe Cadence of Things (Feat. Jason Scheff)\u00bb. Scheff ha sido cantante de CHICAGO durante m\u00e1s de 30 a\u00f1os y es hijo de Jerry Scheff, bajista de Elvis Presley. El v\u00eddeo ha sido realizado por Greg Bizzaro.<\/p>\n<p>El \u00e1lbum ha sido producido por Ron Nevison (SURVIVOR, HEART, FOREIGNER, KISS).<\/p>\n<p>La bater\u00eda ha corrido a cargo de Denny Fongheiser y Ed Breckenfeld, el bajo ha sido grabado por Tony Franklin y Bob Lizik, tambi\u00e9n han participado los guitarristas Phil X y Mike Aquino, y los teclistas Kim Bullard y Kim Peterik.<\/p>\n<p>Peterik ya est\u00e1 preparando el volumen 2.<\/p>\n<p>M\u00e1s sobre el m\u00fasico en esta <a href=\"https:\/\/www.rafabasa.com\/2024\/08\/10\/lyric-video-de-opeth-single-de-jim-peterik-documental-sobre-el-mitico-local-rainbow\/#Jim_Peterik\" rel=\"nofollow noopener\" target=\"_blank\">noticia<\/a>.<\/p>\n<p>\u00a0<\/p>\n<p>\u00a0<\/p>\n<p>\u201cThe Call Of My Devils\u201d es el uevo single de <strong>ON THE LOOSE<\/strong>.<\/p>\n<p><strong>ON THE LOOSE<\/strong> sacar\u00e1n el 2 de noviembre su tercer trabajo \u201cPath to Serenity\u201d.<\/p>\n<p>Todos los detalles en esta <a href=\"https:\/\/www.rafabasa.com\/2025\/09\/08\/motley-crue-jolly-joker-on-the-loose\/#ON_THE%20_LOOSE\" rel=\"nofollow noopener\" target=\"_blank\">noticia<\/a>.<\/p>\n<p align=\"center\"><strong>Sigue el\u00a0<a href=\"https:\/\/whatsapp.com\/channel\/0029VaCprxVBA1f555USvT2O\" target=\"_blank\" rel=\"nofollow noopener\">Canal de RAFABASA.COM en WhatsApp<\/a>, donde encontrar\u00e1s todas nuestras novedades al instante<\/strong><\/p>\n<p>\u00a0<\/p>\n<p>\u00a0<\/p>\n","protected":false},"excerpt":{"rendered":"\u00a0 Posible fecha para el disco de MEGADETH \u2013 Nuevo \u00e1lbum de Jim Peterik \u2013 Single de ON&hellip;\n","protected":false},"author":2,"featured_media":152960,"comment_status":"","ping_status":"","sticky":false,"template":"","format":"standard","meta":{"footnotes":""},"categories":[170],"tags":[146,147,25,24,46147,13321,184,185,35837,23],"class_list":{"0":"post-152959","1":"post","2":"type-post","3":"status-publish","4":"format-standard","5":"has-post-thumbnail","7":"category-musica","8":"tag-entertainment","9":"tag-entretenimiento","10":"tag-es","11":"tag-espana","12":"tag-jim-peterik","13":"tag-megadeth","14":"tag-music","15":"tag-musica","16":"tag-on-the-loose","17":"tag-spain"},"share_on_mastodon":{"url":"","error":""},"_links":{"self":[{"href":"https:\/\/www.europesays.com\/es\/wp-json\/wp\/v2\/posts\/152959","targetHints":{"allow":["GET"]}}],"collection":[{"href":"https:\/\/www.europesays.com\/es\/wp-json\/wp\/v2\/posts"}],"about":[{"href":"https:\/\/www.europesays.com\/es\/wp-json\/wp\/v2\/types\/post"}],"author":[{"embeddable":true,"href":"https:\/\/www.europesays.com\/es\/wp-json\/wp\/v2\/users\/2"}],"replies":[{"embeddable":true,"href":"https:\/\/www.europesays.com\/es\/wp-json\/wp\/v2\/comments?post=152959"}],"version-history":[{"count":0,"href":"https:\/\/www.europesays.com\/es\/wp-json\/wp\/v2\/posts\/152959\/revisions"}],"wp:featuredmedia":[{"embeddable":true,"href":"https:\/\/www.europesays.com\/es\/wp-json\/wp\/v2\/media\/152960"}],"wp:attachment":[{"href":"https:\/\/www.europesays.com\/es\/wp-json\/wp\/v2\/media?parent=152959"}],"wp:term":[{"taxonomy":"category","embeddable":true,"href":"https:\/\/www.europesays.com\/es\/wp-json\/wp\/v2\/categories?post=152959"},{"taxonomy":"post_tag","embeddable":true,"href":"https:\/\/www.europesays.com\/es\/wp-json\/wp\/v2\/tags?post=152959"}],"curies":[{"name":"wp","href":"https:\/\/api.w.org\/{rel}","templated":true}]}}