{"id":152961,"date":"2025-10-02T15:06:14","date_gmt":"2025-10-02T15:06:14","guid":{"rendered":"https:\/\/www.europesays.com\/es\/152961\/"},"modified":"2025-10-02T15:06:14","modified_gmt":"2025-10-02T15:06:14","slug":"10-buenos-estrenos-de-plataformas-para-este-octubre","status":"publish","type":"post","link":"https:\/\/www.europesays.com\/es\/152961\/","title":{"rendered":"10 buenos estrenos de plataformas para este octubre"},"content":{"rendered":"<p class=\"ft-text ft-helper-closenews\">Este mes, la oferta en plataformas se distingue, sin duda, por su variedad. Entre las propuestas para este octubre, thrillers y pel\u00edculas de acci\u00f3n con repartos estelares (\u201cJuego sucio\u201d, \u201cLaberinto en llamas\u201d, \u201cLa mujer del camarote 10\u201d), lo nuevo de Edward Berger (\u201cMaldita suerte\u201d), documentales de autor como \u201cStiller y Meara, nada est\u00e1 perdido\u201d, en el que Ben Stiller rinde homenaje a sus padres, y la tercera y \u00faltima entrega de una de las sagas rom\u00e1ntico-juveniles m\u00e1s populares de los \u00faltimos tiempos: \u201cCulpa nuestra\u201d.<\/p>\n<p>1. \u201cJuego sucio\u201d, de Shane Black (Amazon Prime; 1 de octubre)<\/p>\n<p class=\"ft-text\">Cruce de pel\u00edcula de acci\u00f3n y buddy movie (pel\u00edcula de colegas) con generosas dosis de comedia. Dirige Shane Black, responsable de la magn\u00edfica \u201cKiss Kiss, Bang Bang\u201d (2005) y de \u201cDos buenos tipos\u201d (2016), y cuenta con una carism\u00e1tica pareja protagonista: Mark Wahlberg y LaKeith Stanfield. Un ladr\u00f3n y su equipo planean llevar a cabo el atraco m\u00e1s ambicioso de sus vidas, pero la mafia neoyorquina se interpone en su camino.<\/p>\n<p>2. \u201cSteve\u201d, de Tim Mielants (Netflix; 3 de octubre)<\/p>\n<p class=\"ft-text\">Reci\u00e9n estrenada en cines la estimable \u201cSmall Things Like These\u201d (2024), llega a Netflix la nueva pel\u00edcula de su director, el estadounidense Tim Mielants. Como en aqu\u00e9lla, el director cuenta con Cillian Murphy como protagonista de una historia sobre la condici\u00f3n humana. El actor encarna a un profesor de reformatorio que lucha a la vez por la tranquilidad de sus alumnos y por hacer frente a su propia inestabilidad psicol\u00f3gica.<\/p>\n<p>3. \u201cLaberinto en llamas\u201d, de Paul Greengrass (Apple TV+; 3 de octubre)<\/p>\n<p class=\"ft-text\">El cineasta brit\u00e1nico Paul Greengrass (\u201cDomingo sangriento\u201d, \u201cEl mito de Bourne\u201d) pone su nervio narrativo, su pericia t\u00e9cnica y su particular manera de arrastrar a la ficci\u00f3n el lenguaje documental en este thriller de supervivencia. Atrapados en un brutal incendio forestal, el conductor de un autob\u00fas (Matthew McConaughey) y una profesora (America Ferreira) har\u00e1n todo lo posible para salvar a los veintid\u00f3s ni\u00f1os que viajan en el veh\u00edculo.<\/p>\n<p>4. \u201cLa mujer del camarote 10\u201d, de Simon Stone (Netflix; 10 de octubre)<\/p>\n<p class=\"ft-text\">Thriller inspirado en la novela hom\u00f3nima de Ruth Ware. La actriz Keira Knightley encarna a la protagonista, una periodista que acepta viajar en un barco de lujo por motivos profesionales. La misteriosa desaparici\u00f3n de una de las pasajeras a bordo convertir\u00e1 su viaje en una pesadilla. Tambi\u00e9n en el reparto, Guy Pearce, en la piel del empresario fil\u00e1ntropo que ha organizado el crucero con consecuencias inesperadas.<\/p>\n<p>5. \u201cEl caso Frieda\u201d, de Maria Brendle (Filmin; 10 de octubre)<\/p>\n<p class=\"ft-text\">La directora germano-suiza Maria Brendle, nominada al Oscar en 2021 por su cortometraje de ficci\u00f3n \u201cToma y corre\u201d, debuta en el largometraje con este drama inspirado en un hecho real. Cuenta la historia de Frieda Keller (encarnada por la actriz Julia Buchmann), una joven costurera de 25 a\u00f1os, vecina de St. Gallen, que en 1904 fue acusada del asesinato de su hijo de 5 a\u00f1os. El caso conmocion\u00f3 a la sociedad suiza.<\/p>\n<p>6. \u201c27 noches\u201d, de Daniel Hendler (Netflix; 17 de octubre)<\/p>\n<p class=\"ft-text\">La pel\u00edcula que inaugur\u00f3 la reci\u00e9n clausurada edici\u00f3n del festival de cine de San Sebasti\u00e1n. Dirigida por el tambi\u00e9n actor Daniel Hendler, que adem\u00e1s se reserva uno de los roles principales, es una comedia dram\u00e1tica, con mucho humor, inspirada en un hecho real. Cuenta la historia de Martha (Maril\u00fa Marini), una mujer octogenaria enamorada de la vida y del arte, que debe ingresar contra su voluntad en una residencia.<\/p>\n<p>7. \u201cStiller y Meara, nada est\u00e1 perdido\u201d, de Ben Stiller (AppleTV; 24 de octubre)<\/p>\n<p class=\"ft-text\">Documental firmado por el actor, comediante y director Ben Stiller. En esta ocasi\u00f3n, el director de las extraordinarias \u201cZoolander\u201d (2001) y \u201cTropic Thunder\u201d (2008) y de numerosos cap\u00edtulos de la serie \u201cSeverance\u201d (2022-) mira hacia el coraz\u00f3n de su propia familia. En el documental que nos ocupa, repasa la historia personal y profesional (que tambi\u00e9n es la suya) de sus padres, los actores y comediantes Jerry Stiller y Anne Meara.<\/p>\n<p>8. \u201cCulpa nuestra\u201d, de Domingo Gonz\u00e1lez (Amazon Prime; 16 de octubre)<\/p>\n<p class=\"ft-text\">Tercera y muy esperada entrega de la saga \u201cCulpables\u201d, una de las series de pel\u00edculas m\u00e1s populares de los \u00faltimos a\u00f1os y un fen\u00f3meno de plataforma. Inaugurada en 2023 con \u201cCulpa m\u00eda\u201d y seguida de \u201cCulpa tuya\u201d (2024) y, ahora, de \u201cCulpa nuestra\u201d (2025), la saga est\u00e1 inspirada en el fen\u00f3meno literario juvenil de Mercedes Ron. \u00bfQu\u00e9 le deparar\u00e1 esta vez a la irresistible pareja que forman Nick (Gabriel Guevara) y Noah (Nicole Wallace)?<\/p>\n<p>9. \u201cMaldita suerte\u201d, de Edward Berger (Netflix; 29 de octubre)<\/p>\n<p class=\"ft-text\">Nueva pel\u00edcula de Edward Berger, director de \u201cSin novedad en el frente\u201d (2022) y \u201cC\u00f3nclave\u201d (2024). Adaptaci\u00f3n de la novela hom\u00f3nima de Lawrence Osborne (publicada en Espa\u00f1a por Gatopardo ediciones), tiene por protagonista a Lord Doyle (Colin Farrell), un hombre sofisticado y misterioso que pasa los d\u00edas en Macao totalmente entregado al juego. Mental y fantasmag\u00f3rica, destaca, entre otras cosas, por la espectacularidad con la que est\u00e1n filmadas las localizaciones y las luces de Macao.<\/p>\n<p>10. \u201cLa acusaci\u00f3n\u201d, de Teddy Lussi-Modeste (Filmin; 31 de octubre)<\/p>\n<p class=\"ft-text\">Thriller franc\u00e9s ambientado en las aulas de un instituto. Su protagonista es un joven profesor (Fran\u00e7ois Civil) que es acusado de acoso por una alumna. Entre los atractivos de la pel\u00edcula, la interpretaci\u00f3n de Fran\u00e7ois Civil, siempre magn\u00edfico, y la participaci\u00f3n en el guion de la guionista y directora Audrey Diwan, entre otras cosas responsable de la magn\u00edfica \u201cEl acontecimiento\u201d (2021).<\/p>\n<p data-close=\"closedContent\" class=\"subscribeHideForDisplay\">Suscr\u00edbete para seguir leyendo<\/p>\n","protected":false},"excerpt":{"rendered":"Este mes, la oferta en plataformas se distingue, sin duda, por su variedad. Entre las propuestas para este&hellip;\n","protected":false},"author":2,"featured_media":152962,"comment_status":"","ping_status":"","sticky":false,"template":"","format":"standard","meta":{"footnotes":""},"categories":[169],"tags":[5287,3970,177,146,147,25,24,176,448,46148,175,152,26871,753,28813,23],"class_list":{"0":"post-152961","1":"post","2":"type-post","3":"status-publish","4":"format-standard","5":"has-post-thumbnail","7":"category-cine","8":"tag-5287","9":"tag-buenos","10":"tag-cine","11":"tag-entertainment","12":"tag-entretenimiento","13":"tag-es","14":"tag-espana","15":"tag-film","16":"tag-historia","17":"tag-mantita","18":"tag-movies","19":"tag-netflix","20":"tag-peli","21":"tag-peliculas","22":"tag-sofa","23":"tag-spain"},"share_on_mastodon":{"url":"","error":""},"_links":{"self":[{"href":"https:\/\/www.europesays.com\/es\/wp-json\/wp\/v2\/posts\/152961","targetHints":{"allow":["GET"]}}],"collection":[{"href":"https:\/\/www.europesays.com\/es\/wp-json\/wp\/v2\/posts"}],"about":[{"href":"https:\/\/www.europesays.com\/es\/wp-json\/wp\/v2\/types\/post"}],"author":[{"embeddable":true,"href":"https:\/\/www.europesays.com\/es\/wp-json\/wp\/v2\/users\/2"}],"replies":[{"embeddable":true,"href":"https:\/\/www.europesays.com\/es\/wp-json\/wp\/v2\/comments?post=152961"}],"version-history":[{"count":0,"href":"https:\/\/www.europesays.com\/es\/wp-json\/wp\/v2\/posts\/152961\/revisions"}],"wp:featuredmedia":[{"embeddable":true,"href":"https:\/\/www.europesays.com\/es\/wp-json\/wp\/v2\/media\/152962"}],"wp:attachment":[{"href":"https:\/\/www.europesays.com\/es\/wp-json\/wp\/v2\/media?parent=152961"}],"wp:term":[{"taxonomy":"category","embeddable":true,"href":"https:\/\/www.europesays.com\/es\/wp-json\/wp\/v2\/categories?post=152961"},{"taxonomy":"post_tag","embeddable":true,"href":"https:\/\/www.europesays.com\/es\/wp-json\/wp\/v2\/tags?post=152961"}],"curies":[{"name":"wp","href":"https:\/\/api.w.org\/{rel}","templated":true}]}}