{"id":152963,"date":"2025-10-02T15:07:25","date_gmt":"2025-10-02T15:07:25","guid":{"rendered":"https:\/\/www.europesays.com\/es\/152963\/"},"modified":"2025-10-02T15:07:25","modified_gmt":"2025-10-02T15:07:25","slug":"un-cupon-de-la-once-para-celebrar-los-125-anos-de-historia-blanquiazul","status":"publish","type":"post","link":"https:\/\/www.europesays.com\/es\/152963\/","title":{"rendered":"Un cup\u00f3n de la ONCE para celebrar los 125 a\u00f1os de historia blanquiazul"},"content":{"rendered":"<p>                        <a href=\"https:\/\/www.rcdespanyol.com\/es\/noticias\" role=\"button\" tabindex=\"0\" class=\"back\"><br \/>\n                            <img decoding=\"async\" src=\"https:\/\/www.rcdespanyol.com\/assets\/images\/icon\/chevron.svg\" alt=\"Atr\u00e1s\" title=\"Atr\u00e1s\"\/><br \/>\n                            Atr\u00e1s<br \/>\n                        <\/a><\/p>\n<p>                                <img decoding=\"async\" src=\"https:\/\/www.europesays.com\/es\/wp-content\/uploads\/2025\/10\/143447_backendGallery.jpg\" alt=\"Un cup\u00f3n de la ONCE para celebrar los 125 a\u00f1os de historia blanquiazul\" title=\"Un cup\u00f3n de la ONCE para celebrar los 125 a\u00f1os de historia blanquiazul\"\/><\/p>\n<p style=\"text-align: justify;\">En un a\u00f1o cargado de emociones, recuerdos y reconocimiento a la historia blanquiazul, desde el RCD Espanyol queremos seguir sumando en el \u00e1mbito social. Por este motivo, para celebrar nuestro 125 aniversario, la ONCE dedicar\u00e1 cinco millones de cupones del <strong>28 de octubre<\/strong> a esta gran efem\u00e9ride, que llevar\u00e1 por todo el territorio a nuestro querido club.<\/p>\n<p style=\"text-align: justify;\">Bajo el lema <strong>\u201cCon la solidaridad, marca un gol y celebra los 125 a\u00f1os del Espanyol\u201d<\/strong>, esta acci\u00f3n conjunta simboliza la uni\u00f3n entre dos instituciones con una profunda trayectoria hist\u00f3rica y un firme compromiso con la sociedad. El cup\u00f3n conmemorativo, que <strong>saldr\u00e1 a la venta el pr\u00f3ximo 15 de octubre<\/strong> en Catalunya y el 22 en el resto del Estado, lucir\u00e1 la imagen oficial del 125 aniversario del club, convirti\u00e9ndose en un homenaje tanto a nuestra afici\u00f3n como a la labor inclusiva y transformadora que lleva a cabo la ONCE.<\/p>\n<p style=\"text-align: justify;\">El acto de<strong> presentaci\u00f3n del cup\u00f3n conmemorativo tendr\u00e1 lugar este domingo 5 en el RCDE Stadium<\/strong>, coincidiendo con el partido que nos enfrentar\u00e1 al Real Betis. De forma excepcional y en exclusiva, <strong>la ONCE adelantar\u00e1 la venta para que los socios y aficionados que asistan al partido puedan adquirir el cup\u00f3n perico<\/strong>, disponible tanto en el interior como en el exterior del estadio, y celebrar juntos esta efem\u00e9ride.<\/p>\n<p style=\"text-align: justify;\">Con esta iniciativa, cinco millones de cupones recorrer\u00e1n todo el Estado, convirtiendo nuestro aniversario en una ventana de visibilidad y esperanza para miles de personas, ya que no solo recuerda nuestro pasado, sino que tambi\u00e9n impulsa un futuro m\u00e1s inclusivo, comprometido y solidario. Un gesto que une tradici\u00f3n, sentimiento y responsabilidad social.<\/p>\n<p style=\"text-align: justify;\">\u00a1No te quedes sin el tuyo! Hazte con este cup\u00f3n conmemorativo y forma parte de una celebraci\u00f3n hist\u00f3rica que nos une a todos.<\/p>\n","protected":false},"excerpt":{"rendered":"Atr\u00e1s En un a\u00f1o cargado de emociones, recuerdos y reconocimiento a la historia blanquiazul, desde el RCD Espanyol&hellip;\n","protected":false},"author":2,"featured_media":152964,"comment_status":"","ping_status":"","sticky":false,"template":"","format":"standard","meta":{"footnotes":""},"categories":[93],"tags":[168,25,24,23,167],"class_list":{"0":"post-152963","1":"post","2":"type-post","3":"status-publish","4":"format-standard","5":"has-post-thumbnail","7":"category-deportes","8":"tag-deportes","9":"tag-es","10":"tag-espana","11":"tag-spain","12":"tag-sports"},"share_on_mastodon":{"url":"","error":""},"_links":{"self":[{"href":"https:\/\/www.europesays.com\/es\/wp-json\/wp\/v2\/posts\/152963","targetHints":{"allow":["GET"]}}],"collection":[{"href":"https:\/\/www.europesays.com\/es\/wp-json\/wp\/v2\/posts"}],"about":[{"href":"https:\/\/www.europesays.com\/es\/wp-json\/wp\/v2\/types\/post"}],"author":[{"embeddable":true,"href":"https:\/\/www.europesays.com\/es\/wp-json\/wp\/v2\/users\/2"}],"replies":[{"embeddable":true,"href":"https:\/\/www.europesays.com\/es\/wp-json\/wp\/v2\/comments?post=152963"}],"version-history":[{"count":0,"href":"https:\/\/www.europesays.com\/es\/wp-json\/wp\/v2\/posts\/152963\/revisions"}],"wp:featuredmedia":[{"embeddable":true,"href":"https:\/\/www.europesays.com\/es\/wp-json\/wp\/v2\/media\/152964"}],"wp:attachment":[{"href":"https:\/\/www.europesays.com\/es\/wp-json\/wp\/v2\/media?parent=152963"}],"wp:term":[{"taxonomy":"category","embeddable":true,"href":"https:\/\/www.europesays.com\/es\/wp-json\/wp\/v2\/categories?post=152963"},{"taxonomy":"post_tag","embeddable":true,"href":"https:\/\/www.europesays.com\/es\/wp-json\/wp\/v2\/tags?post=152963"}],"curies":[{"name":"wp","href":"https:\/\/api.w.org\/{rel}","templated":true}]}}