{"id":152965,"date":"2025-10-02T15:08:08","date_gmt":"2025-10-02T15:08:08","guid":{"rendered":"https:\/\/www.europesays.com\/es\/152965\/"},"modified":"2025-10-02T15:08:08","modified_gmt":"2025-10-02T15:08:08","slug":"la-artritis-reumatoide-comienza-silenciosamente-antes-de-doler-segun-un-estudio","status":"publish","type":"post","link":"https:\/\/www.europesays.com\/es\/152965\/","title":{"rendered":"La artritis reumatoide comienza &#8216;silenciosamente&#8217; antes de doler, seg\u00fan un estudio"},"content":{"rendered":"<p class=\"c-paragraph\">La artritis reumatoide es una condici\u00f3n autoinmune sin cura, que afecta en la actualidad a casi un tercio de mill\u00f3n de personas s\u00f3lo en Espa\u00f1a. Existen abordajes que pueden<b> ralentizar su progresi\u00f3n<\/b>, pero para ellos es vital detectar la enfermedad lo m\u00e1s tempranamente posible.<\/p>\n<p class=\"c-paragraph\">A este respecto, un reciente estudio publicado en la revista especializada <a href=\"https:\/\/www.science.org\/doi\/10.1126\/scitranslmed.adt7214\" rel=\"nofollow noreferrer noopener\" target=\"_blank\">Science Translational Medicine<\/a> ha detectado que los individuos que la padecen exhiben <b>niveles elevados de ciertos anticuerpos <\/b>muchos a\u00f1os antes del inicio de los s\u00edntomas caracter\u00edsticos, como el dolor y la inflamaci\u00f3n en las articulaciones. Eso s\u00ed, la investigaci\u00f3n tambi\u00e9n ha hallado que una cantidad significativa de personas con estos anticuerpos elevados no llegan a desarrollar la patolog\u00eda.\u00a0<\/p>\n<p>Factores de riesgo poco precisos<\/p>\n<p class=\"c-paragraph\">Ya se sab\u00eda que los individuos con artritis reumatoide muestran niveles anormales de <b>prote\u00edna de anticuerpos anti-citrulinados<\/b> (ACPA, por sus siglas en ingl\u00e9s) y de factor reumatoide (RF) entre 3 y 5 a\u00f1os antes de la presentaci\u00f3n de la sintomatolog\u00eda cl\u00ednica. No obstante, no son los \u00fanicos; de las personas que arrojan este resultado, es aproximadamente s\u00f3lo un 60% la que desarrolla la enfermedad, con lo que no se considera hoy por hoy que estos par\u00e1metros sean predictores precisos.<\/p>\n<p class=\"c-paragraph\">Por ello, los autores del trabajo reclutaron tres grupos de voluntarios quisieron<b> explorar los cambios en los perfiles inmunol\u00f3gicos <\/b>de estas personas, con el fin de describir posibles se\u00f1ales que apunten al desarrollo de la patolog\u00eda.<\/p>\n<p class=\"c-paragraph\">Para ello reclutaron tres grupos de voluntarios: uno de 45 individuos que reun\u00edan los<b> factores de riesgo mencionados<\/b>, de los que 16 llegaron a desarrollar la enfermedad durante el seguimiento; uno de 11 pacientes con los primeros signos cl\u00ednicos; y otro, de control, de 38 participantes sanos. Durante un per\u00edodo de seguimiento de una media de 533 d\u00edas, les tomaron muestras de sangre y monitorizaron los cambios en los valores de determinados marcadores inmunitarios.<\/p>\n<p>Cambios que se\u00f1alizan la progresi\u00f3n de la enfermedad<\/p>\n<p class=\"c-paragraph\">De esta forma, en primer lugar hallaron que las personas en riesgo arrojaban <b>niveles superiores de prote\u00ednas inflamatorias<\/b> al comienzo del estudio respecto a quienes no ten\u00edan esas caracter\u00edsticas. Pero, de nuevo, este rasgo fue independiente de la progresi\u00f3n posterior de la enfermedad.<\/p>\n<p class=\"c-paragraph\">De manera similar observaron un<b> incremento en el n\u00famero de c\u00e9lulas inmunes<\/b> en estos participantes, como monocitos implicados en la inflamaci\u00f3n tanto en los que sufrieron la patolog\u00eda como en los que no.<\/p>\n<p class=\"c-paragraph\">Lo que s\u00ed que encontraron fueron<b> cambios en la expresi\u00f3n gen\u00e9tica<\/b> (producci\u00f3n de prote\u00ednas, que act\u00faan como diversas se\u00f1ales qu\u00edmicas o materia prima en la actividad celular) en cierto tipo de c\u00e9lula inmune llamadas linfocitos B, que en las personas que desarrollaron la condici\u00f3n pasaban a estados proinflamatorios. Consistentemente, tambi\u00e9n hab\u00eda un aumento en otro tipo de c\u00e9lulas, los linfocitos T CD4 (que portan la prote\u00edna CD4 en su superficie) con un patr\u00f3n de expresi\u00f3n gen\u00e9tica que favorece la activaci\u00f3n de los linfocitos B.\u00a0<\/p>\n<p class=\"c-paragraph\">La <b>activaci\u00f3n de las c\u00e9lulas B<\/b> y el incremento en el n\u00famero de c\u00e9lulas T, explican, sugiere un giro hacia una producci\u00f3n aumentada de anticuerpos, lo que podr\u00eda contribuir a la progresi\u00f3n de la enfermedad.\u00a0<\/p>\n<p>Posibles aplicaciones<\/p>\n<p class=\"c-paragraph\">Los mecanismos inmunes detr\u00e1s de enfermedades como la artritis reumatoide son muy complejos, y todav\u00eda <b>necesitan estudiarse m\u00e1s a fondo.<\/b> Sin embargo, evidencias como esta pueden ayudarnos a comprender c\u00f3mo aparecen y evolucionan.\u00a0<\/p>\n<p class=\"c-paragraph\">No s\u00f3lo eso, sino que entender la secuencia de eventos <b>podr\u00eda tener utilidad terap\u00e9utica<\/b>, abriendo ventanas a desarrollar estrategias para intervenir en estas v\u00edas.\u00a0<\/p>\n<p class=\"c-paragraph\">Finalmente, la utilidad m\u00e1s inmediata es que el estudio de este tipo de perfiles puede ayudar a predecir el curso de la enfermedad en personas con riesgo, con lo que pueden servir de base para t\u00e9cnicas diagn\u00f3sticas que avalen<b> intervenciones preventivas y terap\u00e9uticas m\u00e1s tempranas.<\/b><\/p>\n<p>Referencias<\/p>\n<p class=\"c-paragraph\">Ziyuan He, Marla C. Glass, Pravina Venkatesan, Marie L. Feser, Leander Lazaro, Lauren Y. Okada, Nhung T. T. Tran, Yudong D. he, Samir Rachid Zaim &amp; Mark A. Gillespie.\u00a0Progression to rheumatoid arthritis in at-risk individuals is defined by systemic inflammation and by T and B cell dysregulation. Science Translational Medicine (2025). DOI:\u00a0<a href=\"https:\/\/doi.org\/10.1126\/scitranslmed.adt7214\" rel=\"nofollow noreferrer noopener\" target=\"_blank\">10.1126\/scitranslmed.adt7214<\/a><\/p>\n<p class=\"c-paragraph\"><a href=\"https:\/\/www.20minutos.es\/salud\/quieres-recibir-mejores-contenidos-cuidar-salud-sentirte-bien-apuntate-gratis-nuestra-nueva-newsletter-5119746\/\" rel=\"nofollow noopener\" target=\"_blank\">\u00bfQuieres recibir los mejores contenidos para cuidar tu salud y sentirte bien? Ap\u00fantate gratis a nuestra newsletter.\u00a0<\/a><\/p>\n<p>   <img loading=\"lazy\" decoding=\"async\" width=\"50\" height=\"50\" src=\"https:\/\/www.europesays.com\/es\/wp-content\/uploads\/2025\/10\/whatsapp-logo.png\" alt=\"Doble Check\"\/>  <\/p>\n<p><b>\u00a1Ya estamos en WhatsApp! <\/b>Si quieres recibir en tu m\u00f3vil toda la actualidad y las noticias m\u00e1s importantes del d\u00eda, <a class=\"enlace-whatsapp\" href=\"https:\/\/www.whatsapp.com\/channel\/0029VaBpla3G8l5CbpH86t3n\" target=\"_blank\" rel=\"nofollow noopener\"><b>pincha aqu\u00ed y \u00fanete a nuestro canal.<\/b><\/a> Es un sistema gratuito, c\u00f3modo y seguro.<\/p>\n<p><img loading=\"lazy\" decoding=\"async\" width=\"102\" height=\"20\" src=\"https:\/\/www.20minutos.es\/images\/logo-horizontal-20m.svg\" class=\"logo-20minutos\" alt=\"Logo de 20minutos\"\/> <\/p>\n","protected":false},"excerpt":{"rendered":"La artritis reumatoide es una condici\u00f3n autoinmune sin cura, que afecta en la actualidad a casi un tercio&hellip;\n","protected":false},"author":2,"featured_media":152966,"comment_status":"","ping_status":"","sticky":false,"template":"","format":"standard","meta":{"footnotes":""},"categories":[92],"tags":[517,25,24,165,166,23],"class_list":{"0":"post-152965","1":"post","2":"type-post","3":"status-publish","4":"format-standard","5":"has-post-thumbnail","7":"category-salud","8":"tag-actualidad","9":"tag-es","10":"tag-espana","11":"tag-health","12":"tag-salud","13":"tag-spain"},"share_on_mastodon":{"url":"","error":""},"_links":{"self":[{"href":"https:\/\/www.europesays.com\/es\/wp-json\/wp\/v2\/posts\/152965","targetHints":{"allow":["GET"]}}],"collection":[{"href":"https:\/\/www.europesays.com\/es\/wp-json\/wp\/v2\/posts"}],"about":[{"href":"https:\/\/www.europesays.com\/es\/wp-json\/wp\/v2\/types\/post"}],"author":[{"embeddable":true,"href":"https:\/\/www.europesays.com\/es\/wp-json\/wp\/v2\/users\/2"}],"replies":[{"embeddable":true,"href":"https:\/\/www.europesays.com\/es\/wp-json\/wp\/v2\/comments?post=152965"}],"version-history":[{"count":0,"href":"https:\/\/www.europesays.com\/es\/wp-json\/wp\/v2\/posts\/152965\/revisions"}],"wp:featuredmedia":[{"embeddable":true,"href":"https:\/\/www.europesays.com\/es\/wp-json\/wp\/v2\/media\/152966"}],"wp:attachment":[{"href":"https:\/\/www.europesays.com\/es\/wp-json\/wp\/v2\/media?parent=152965"}],"wp:term":[{"taxonomy":"category","embeddable":true,"href":"https:\/\/www.europesays.com\/es\/wp-json\/wp\/v2\/categories?post=152965"},{"taxonomy":"post_tag","embeddable":true,"href":"https:\/\/www.europesays.com\/es\/wp-json\/wp\/v2\/tags?post=152965"}],"curies":[{"name":"wp","href":"https:\/\/api.w.org\/{rel}","templated":true}]}}