{"id":152973,"date":"2025-10-02T15:12:08","date_gmt":"2025-10-02T15:12:08","guid":{"rendered":"https:\/\/www.europesays.com\/es\/152973\/"},"modified":"2025-10-02T15:12:08","modified_gmt":"2025-10-02T15:12:08","slug":"asi-ha-interceptado-israel-a-cada-barco-de-la-flotilla-en-su-viaje-a-gaza","status":"publish","type":"post","link":"https:\/\/www.europesays.com\/es\/152973\/","title":{"rendered":"As\u00ed ha interceptado Israel a cada barco de la Flotilla en su viaje a Gaza"},"content":{"rendered":"<p>La Armada israel\u00ed ha interceptado desde la noche de este mi\u00e9rcoles en aguas internacionales a los barcos de la Global Sumud Flotilla, compuesta por m\u00e1s de 40 nav\u00edos y 500 voluntarios, a unos 128 kil\u00f3metros de la costa de Gaza, a donde se dirig\u00edan con el fin de entregar ayuda humanitaria a la poblaci\u00f3n palestina y romper el bloqueo naval en el territorio.<\/p>\n<ul class=\"wp-block-list\">\n<li>El Ministerio de Exteriores de Israel <a href=\"https:\/\/x.com\/IsraelMFA\/status\/1973699335347937479\" rel=\"nofollow\">ha anunciado<\/a> que ning\u00fan barco de la Flotilla ha conseguido llegar a su destino y que sus pasajeros est\u00e1n de camino a Israel para ser deportados a Europa.<\/li>\n<li>Seg\u00fan el <a href=\"https:\/\/globalsumudflotilla.org\/tracker\/\" rel=\"nofollow noopener\" target=\"_blank\">tracker<\/a> de la Flotilla a\u00fan siguen navegando los barcos Marinette, Mikeno y Summertime \u2013 Jong, \u00e9ste \u00faltimo con soporte legal de camino a las costas de Chipre.<\/li>\n<\/ul>\n<p>Este gr\u00e1fico forma parte de la serie\u00a0<a href=\"https:\/\/www.newtral.es\/tag\/en-1-grafico\/\" rel=\"nofollow noopener\" target=\"_blank\">#En1Gr\u00e1fico<\/a>. Usamos datos y visualizaci\u00f3n para sintetizar y explicar un tema de actualidad.<\/p>\n<p>\n            Fuentes\n        <\/p>\n","protected":false},"excerpt":{"rendered":"La Armada israel\u00ed ha interceptado desde la noche de este mi\u00e9rcoles en aguas internacionales a los barcos de&hellip;\n","protected":false},"author":2,"featured_media":152974,"comment_status":"","ping_status":"","sticky":false,"template":"","format":"standard","meta":{"footnotes":""},"categories":[42],"tags":[17,18,12495,46150,24,13,14,11,61,62,63,64,74,19,20,9,10,15,16,76,12,21,22,65,66,67],"class_list":{"0":"post-152973","1":"post","2":"type-post","3":"status-publish","4":"format-standard","5":"has-post-thumbnail","7":"category-internacional","8":"tag-breaking-news","9":"tag-breakingnews","10":"tag-conflicto-israel-palestina","11":"tag-en-1-grafico","12":"tag-espana","13":"tag-featured-news","14":"tag-featurednews","15":"tag-headlines","16":"tag-internacional","17":"tag-international","18":"tag-international-news","19":"tag-internationalnews","20":"tag-israel","21":"tag-latest-news","22":"tag-latestnews","23":"tag-news","24":"tag-noticias","25":"tag-noticias-destacadas","26":"tag-noticiasdestacadas","27":"tag-palestina","28":"tag-titulares","29":"tag-ultimas-noticias","30":"tag-ultimasnoticias","31":"tag-world","32":"tag-world-news","33":"tag-worldnews"},"share_on_mastodon":{"url":"","error":""},"_links":{"self":[{"href":"https:\/\/www.europesays.com\/es\/wp-json\/wp\/v2\/posts\/152973","targetHints":{"allow":["GET"]}}],"collection":[{"href":"https:\/\/www.europesays.com\/es\/wp-json\/wp\/v2\/posts"}],"about":[{"href":"https:\/\/www.europesays.com\/es\/wp-json\/wp\/v2\/types\/post"}],"author":[{"embeddable":true,"href":"https:\/\/www.europesays.com\/es\/wp-json\/wp\/v2\/users\/2"}],"replies":[{"embeddable":true,"href":"https:\/\/www.europesays.com\/es\/wp-json\/wp\/v2\/comments?post=152973"}],"version-history":[{"count":0,"href":"https:\/\/www.europesays.com\/es\/wp-json\/wp\/v2\/posts\/152973\/revisions"}],"wp:featuredmedia":[{"embeddable":true,"href":"https:\/\/www.europesays.com\/es\/wp-json\/wp\/v2\/media\/152974"}],"wp:attachment":[{"href":"https:\/\/www.europesays.com\/es\/wp-json\/wp\/v2\/media?parent=152973"}],"wp:term":[{"taxonomy":"category","embeddable":true,"href":"https:\/\/www.europesays.com\/es\/wp-json\/wp\/v2\/categories?post=152973"},{"taxonomy":"post_tag","embeddable":true,"href":"https:\/\/www.europesays.com\/es\/wp-json\/wp\/v2\/tags?post=152973"}],"curies":[{"name":"wp","href":"https:\/\/api.w.org\/{rel}","templated":true}]}}