{"id":152975,"date":"2025-10-02T15:13:06","date_gmt":"2025-10-02T15:13:06","guid":{"rendered":"https:\/\/www.europesays.com\/es\/152975\/"},"modified":"2025-10-02T15:13:06","modified_gmt":"2025-10-02T15:13:06","slug":"festa-del-esmorzar-jardines-de-viveros-de-valencia","status":"publish","type":"post","link":"https:\/\/www.europesays.com\/es\/152975\/","title":{"rendered":"Festa del Esmorzar Jardines de Viveros de Val\u00e8ncia"},"content":{"rendered":"<p>Apunta bien las fechas:<strong> 3, 4 y 5 de octubre de 2025.\u00a0<\/strong><\/p>\n<p>Durante estos d\u00edas, el Casal Viveros abre sus puertas para celebrar la tercera edici\u00f3n de \u00abLa Festa\u00bb, el festival del esmorzar y la liada que ya es tradici\u00f3n en Val\u00e8ncia.\u00a0<\/p>\n<p><strong>S\u00ed s\u00ed, es un evento dedicado a uno de los momentos m\u00e1s queridos de la gastronom\u00eda valenciana: el\u202fesmorzaret, el almuerzo de media ma\u00f1ana.\u00a0<\/strong><\/p>\n<p><strong>Pero tranquilidad, que la cosa sigue despu\u00e9s con tapas de todo tipo con la picaeta.\u00a0<\/strong><\/p>\n<p>Podr\u00e1s disfrutar de una jornada llena de delicias gastron\u00f3micas que incluir\u00e1n una amplia variedad de bocadillos y tapas como el pollo al ajillo con el tradicional cacao del collaret, guiso de rabo de toro, carrilleras o las bravas del trinquet.\u00a0<\/p>\n<p>\u00bfY locales? Participan el Grupo Gastro Trinquet, Bajoqueta Bar y Barecito entre muchos otros, tambi\u00e9n con opciones veganas.\u00a0<\/p>\n<p>Puedes <a class=\"link link--bold\" href=\"https:\/\/casalviveros.com\/?utm_campaign=volvemos-salida-a-venta-festa&amp;utm_medium=email&amp;utm_source=acumbamail#tickets\" rel=\"nofollow noopener\" target=\"_blank\">pillar ya tu almuerzo<\/a> y, de paso, hacerte con un fast pass para entrar sin colas y disfrutar m\u00e1s y mejor de lo que tienen preparado.\u00a0<\/p>\n<p>Y lo mejor de todo es que podr\u00e1s saborear una comida deliciosa acompa\u00f1ado por m\u00fasica en directo.\u00a0<\/p>\n<p><strong>En el cartel est\u00e1n Carlangas, Pol 3.14, C\u00e1lmese Se\u00f1ora, Yamb\u00fa, La Pelona y Andercover. Adem\u00e1s, hay sesiones de DJs durante todo el d\u00eda.\u00a0<\/strong><\/p>\n<p>\u00bfVes? En Viveros lo que sobra es buen rollo.\u00a0<\/p>\n","protected":false},"excerpt":{"rendered":"Apunta bien las fechas: 3, 4 y 5 de octubre de 2025.\u00a0 Durante estos d\u00edas, el Casal Viveros&hellip;\n","protected":false},"author":2,"featured_media":152976,"comment_status":"","ping_status":"","sticky":false,"template":"","format":"standard","meta":{"footnotes":""},"categories":[8],"tags":[17,18,25,24,13,14,11,19,20,9,10,15,16,23,12,21,22],"class_list":{"0":"post-152975","1":"post","2":"type-post","3":"status-publish","4":"format-standard","5":"has-post-thumbnail","7":"category-espana","8":"tag-breaking-news","9":"tag-breakingnews","10":"tag-es","11":"tag-espana","12":"tag-featured-news","13":"tag-featurednews","14":"tag-headlines","15":"tag-latest-news","16":"tag-latestnews","17":"tag-news","18":"tag-noticias","19":"tag-noticias-destacadas","20":"tag-noticiasdestacadas","21":"tag-spain","22":"tag-titulares","23":"tag-ultimas-noticias","24":"tag-ultimasnoticias"},"share_on_mastodon":{"url":"","error":""},"_links":{"self":[{"href":"https:\/\/www.europesays.com\/es\/wp-json\/wp\/v2\/posts\/152975","targetHints":{"allow":["GET"]}}],"collection":[{"href":"https:\/\/www.europesays.com\/es\/wp-json\/wp\/v2\/posts"}],"about":[{"href":"https:\/\/www.europesays.com\/es\/wp-json\/wp\/v2\/types\/post"}],"author":[{"embeddable":true,"href":"https:\/\/www.europesays.com\/es\/wp-json\/wp\/v2\/users\/2"}],"replies":[{"embeddable":true,"href":"https:\/\/www.europesays.com\/es\/wp-json\/wp\/v2\/comments?post=152975"}],"version-history":[{"count":0,"href":"https:\/\/www.europesays.com\/es\/wp-json\/wp\/v2\/posts\/152975\/revisions"}],"wp:featuredmedia":[{"embeddable":true,"href":"https:\/\/www.europesays.com\/es\/wp-json\/wp\/v2\/media\/152976"}],"wp:attachment":[{"href":"https:\/\/www.europesays.com\/es\/wp-json\/wp\/v2\/media?parent=152975"}],"wp:term":[{"taxonomy":"category","embeddable":true,"href":"https:\/\/www.europesays.com\/es\/wp-json\/wp\/v2\/categories?post=152975"},{"taxonomy":"post_tag","embeddable":true,"href":"https:\/\/www.europesays.com\/es\/wp-json\/wp\/v2\/tags?post=152975"}],"curies":[{"name":"wp","href":"https:\/\/api.w.org\/{rel}","templated":true}]}}