{"id":152977,"date":"2025-10-02T15:14:21","date_gmt":"2025-10-02T15:14:21","guid":{"rendered":"https:\/\/www.europesays.com\/es\/152977\/"},"modified":"2025-10-02T15:14:21","modified_gmt":"2025-10-02T15:14:21","slug":"la-gala-del-dia-del-mayor-bajo-el-lema-combatiendo-el-edadismo-da-inicio-a-un-mes-lleno-de-actividades-ludicas-deportivas-y-culturales-dirigidas-a-los-mayores-de-la-ciudad","status":"publish","type":"post","link":"https:\/\/www.europesays.com\/es\/152977\/","title":{"rendered":"La Gala del D\u00eda del Mayor, bajo el lema \u201cCombatiendo el edadismo\u201d, da inicio a un mes lleno de actividades l\u00fadicas, deportivas y culturales dirigidas a los mayores de la ciudad"},"content":{"rendered":"<ul class=\"wp-block-list\">\n<li>El Centro Cultural Alcazaba ha acogido este evento que da inicio a un mes lleno de actividades y en el que se han dado cita m\u00e1s de 300 personas procedentes de los cuatro centros de mayores de la ciudad<\/li>\n<li>La delegada de Mayores, Catalina Alarc\u00f3n, ha destacado que el Ayuntamiento de M\u00e9rida contin\u00faa trabajando \u201cen pro de todas las personas, pero, sobre todo, de nuestros mayores\u201d porque son \u201cuna de nuestras prioridades\u201d<\/li>\n<\/ul>\n<p><img fetchpriority=\"high\" decoding=\"async\" width=\"1000\" height=\"667\" src=\"https:\/\/www.europesays.com\/es\/wp-content\/uploads\/2025\/10\/xgala-mes-del-mayor-20259-1.jpg.pagespeed.ic.Tn0weYfq8e.jpg\" alt=\"\" class=\"wp-image-143885\"  \/><\/p>\n<p>La delegada de Mayores, Catalina Alarc\u00f3n, ha asistido hoy en el Centro Cultural Alcazaba a la Gala del D\u00eda del Mayor, que da inicio a \u201cun mes de octubre lleno de actividades l\u00fadicas, deportivas y culturales, algunas muy novedosas\u201d, con motivo de la celebraci\u00f3n del Mes del Mayor en la ciudad, donde se han dado cita m\u00e1s de 300 personas procedentes de los cuatro centros de mayores de la ciudad: Calvario, Reyes Huertas, Trajano y Zona Sur.<\/p>\n<p>En este marco, Alarc\u00f3n ha destacado que la gala, en esta ocasi\u00f3n, \u201cest\u00e1 dirigida en torno a un lema, combatir el edadismo, porque todos y cada uno de nosotros y nosotras podemos ir combati\u00e9ndolo d\u00eda a d\u00eda\u201d, a trav\u00e9s de \u201cnuestros actos, palabras y gestos\u201d.<\/p>\n<p>Asimismo, ha se\u00f1alado que desde el Ayuntamiento de M\u00e9rida \u201chemos querido poner nuestro granito de arena\u201d, a trav\u00e9s de esta gala en la que tambi\u00e9n se ha le\u00eddo un manifiesto a cargo de los presidentes y presidentas de las Juntas de Gobierno de los Centros de Mayores de la ciudad; adem\u00e1s de espect\u00e1culos teatrales y musicales.<\/p>\n<p><img loading=\"lazy\" decoding=\"async\" width=\"1280\" height=\"853\" src=\"https:\/\/www.europesays.com\/es\/wp-content\/uploads\/2025\/10\/xGala-Mes-del-Mayor.jpeg.pagespeed.ic.KtWWy10VpU.jpg\" alt=\"\" class=\"wp-image-143886\"  \/><\/p>\n<p>Adem\u00e1s, la delegada de Mayores ha subrayado que desde el Ayuntamiento de M\u00e9rida \u201ccontinuamos trabajando en pro de todas las personas, pero, sobre todo, de nuestros mayores\u201d para promover \u201cel disfrute, la convivencia y las relaciones sociales\u201d porque son \u201cuna de nuestras prioridades\u201d.<\/p>\n<p>Catalina Alarc\u00f3n:<\/p>\n","protected":false},"excerpt":{"rendered":"El Centro Cultural Alcazaba ha acogido este evento que da inicio a un mes lleno de actividades y&hellip;\n","protected":false},"author":2,"featured_media":152978,"comment_status":"","ping_status":"","sticky":false,"template":"","format":"standard","meta":{"footnotes":""},"categories":[5],"tags":[17,18,25,24,13,14,11,19,20,9,10,15,16,23,12,21,22],"class_list":{"0":"post-152977","1":"post","2":"type-post","3":"status-publish","4":"format-standard","5":"has-post-thumbnail","7":"category-titulares","8":"tag-breaking-news","9":"tag-breakingnews","10":"tag-es","11":"tag-espana","12":"tag-featured-news","13":"tag-featurednews","14":"tag-headlines","15":"tag-latest-news","16":"tag-latestnews","17":"tag-news","18":"tag-noticias","19":"tag-noticias-destacadas","20":"tag-noticiasdestacadas","21":"tag-spain","22":"tag-titulares","23":"tag-ultimas-noticias","24":"tag-ultimasnoticias"},"share_on_mastodon":{"url":"","error":""},"_links":{"self":[{"href":"https:\/\/www.europesays.com\/es\/wp-json\/wp\/v2\/posts\/152977","targetHints":{"allow":["GET"]}}],"collection":[{"href":"https:\/\/www.europesays.com\/es\/wp-json\/wp\/v2\/posts"}],"about":[{"href":"https:\/\/www.europesays.com\/es\/wp-json\/wp\/v2\/types\/post"}],"author":[{"embeddable":true,"href":"https:\/\/www.europesays.com\/es\/wp-json\/wp\/v2\/users\/2"}],"replies":[{"embeddable":true,"href":"https:\/\/www.europesays.com\/es\/wp-json\/wp\/v2\/comments?post=152977"}],"version-history":[{"count":0,"href":"https:\/\/www.europesays.com\/es\/wp-json\/wp\/v2\/posts\/152977\/revisions"}],"wp:featuredmedia":[{"embeddable":true,"href":"https:\/\/www.europesays.com\/es\/wp-json\/wp\/v2\/media\/152978"}],"wp:attachment":[{"href":"https:\/\/www.europesays.com\/es\/wp-json\/wp\/v2\/media?parent=152977"}],"wp:term":[{"taxonomy":"category","embeddable":true,"href":"https:\/\/www.europesays.com\/es\/wp-json\/wp\/v2\/categories?post=152977"},{"taxonomy":"post_tag","embeddable":true,"href":"https:\/\/www.europesays.com\/es\/wp-json\/wp\/v2\/tags?post=152977"}],"curies":[{"name":"wp","href":"https:\/\/api.w.org\/{rel}","templated":true}]}}