{"id":152983,"date":"2025-10-02T15:17:05","date_gmt":"2025-10-02T15:17:05","guid":{"rendered":"https:\/\/www.europesays.com\/es\/152983\/"},"modified":"2025-10-02T15:17:05","modified_gmt":"2025-10-02T15:17:05","slug":"he-aprendido-de-la-vida-no-solo-del-octagono-guerrera-venezolana-pelea-en-la-ufc-320","status":"publish","type":"post","link":"https:\/\/www.europesays.com\/es\/152983\/","title":{"rendered":"He aprendido de la vida, no solo del oct\u00e1gono. Guerrera venezolana pelea en la UFC 320"},"content":{"rendered":"<p class=\"mb-4 text-lg md:leading-8 break-words\">La UFC 320 tendr\u00e1 un sabor latino particular con la presencia de Ver\u00f3nica Hardy, quien este s\u00e1bado volver\u00e1 a la acci\u00f3n frente a Brogan Walker en una cartelera que promete emociones desde la primera campanada.<\/p>\n<p class=\"mb-4 text-lg md:leading-8 break-words\">En un evento marcado por la revancha entre Magomed Ankalaev y Alex Pereira, la venzolana asume la responsabilidad de ser una de las voces hispanas en la velada.<\/p>\n<p class=\"mb-4 text-lg md:leading-8 break-words\">La peleadora regresa despu\u00e9s de casi once meses fuera de la jaula y lo hace con la convicci\u00f3n de que est\u00e1 en un momento diferente de su vida.<\/p>\n<p class=\"mb-4 text-lg md:leading-8 break-words\">A pesar de una trayectoria irregular, marcada por victorias importantes y ca\u00eddas dolorosas, Hardy asegura que ha trabajado m\u00e1s que nunca en el aspecto mental y en recuperar la agresividad que la caracteriza.<\/p>\n<p class=\"mb-4 text-lg md:leading-8 break-words\">Frente a ella estar\u00e1 Walker, una rival que tambi\u00e9n busca reivindicaci\u00f3n tras un largo tiempo fuera por lesiones y operaciones. Dos mujeres con hambre, con algo que probar y con la urgencia de reivindicarse en una vitrina tan grande como la UFC 320. Esto fue lo que nos cont\u00f3 Ver\u00f3nica Hardy en entrevista exclusiva:<\/p>\n<p class=\"mb-4 text-lg md:leading-8 break-words\"><b>\u00bfQu\u00e9 significa para ti estar en un evento como la UFC 320?<\/b><\/p>\n<p class=\"mb-4 text-lg md:leading-8 break-words\">\u201cPara m\u00ed es un honor. Cuando me dijeron la fecha no sab\u00eda qu\u00e9 tan grande era el evento. Luego busqu\u00e9 en Google y me di cuenta. Honestamente, despu\u00e9s de mi \u00faltima pelea pens\u00e9 que ni en la esquina iba a querer estar, de lo mal que me sent\u00ed. No mostr\u00e9 lo que siempre muestro: la agresividad, las ganas. Esper\u00e9 demasiado el momento perfecto y ya en el tercer round era tarde. Eso me decepcion\u00f3 mucho porque hab\u00eda entrenado duro. Pero aprend\u00ed la lecci\u00f3n\u2019\u2019.<\/p>\n<p class=\"mb-4 text-lg md:leading-8 break-words\"><b>\u00bfC\u00f3mo canalizas esa experiencia negativa?<\/b><\/p>\n<p class=\"mb-4 text-lg md:leading-8 break-words\">\u201cEn lo positivo. No me quedo con el error, sino con lo que me ense\u00f1\u00f3. Esas situaciones me dan motivaci\u00f3n para entrenar m\u00e1s fuerte y asegurarme de que no vuelva a suceder\u2019\u2019.<\/p>\n<p class=\"mb-4 text-lg md:leading-8 break-words\"><b>Tu rival tambi\u00e9n regresa tras un tiempo fuera. \u00bfQu\u00e9 tipo de oponente esperas?<\/b><\/p>\n<p class=\"mb-4 text-lg md:leading-8 break-words\">\u201cEspero lo mejor de ella. Viene de mucho tiempo sin pelear y seguramente saldr\u00e1 muy agresiva, con hambre de demostrar todo lo que ha trabajado. Ella tiene un buen equipo detr\u00e1s y va a querer agradecerles con una gran actuaci\u00f3n\u2019\u2019.<\/p>\n<p class=\"mb-4 text-lg md:leading-8 break-words\"><b>Tambi\u00e9n vienes de inactividad. \u00bfC\u00f3mo trabajaste en este tiempo?<\/b><\/p>\n<p class=\"mb-4 text-lg md:leading-8 break-words\">\u201cFue dif\u00edcil. Muchas veces uno dice \u2018no va a volver a pasar\u2019, pero cuando se acerca la pr\u00f3xima pelea los nervios regresan si no trabajaste en eso. Yo habl\u00e9 mucho con mi esposo Dan, que comenta junto a Randy Couture, y gracias a ellos llegu\u00e9 a una especialista que trabaja con atletas universitarios. Ella me ayud\u00f3 mucho a fortalecer lo mental. Me di cuenta que no era falta de t\u00e9cnica, sino un fallo mental. Y esa parte la he trabajado como nunca\u2019\u2019.<\/p>\n<p class=\"mb-4 text-lg md:leading-8 break-words\"><b>\u00bfSientes que este puede ser el momento de estabilidad?<\/b><\/p>\n<p class=\"mb-4 text-lg md:leading-8 break-words\">\u201cS\u00ed. Yo empec\u00e9 muy joven en la UFC, con apenas seis meses desde mi primera pelea profesional. Era todo ca\u00f3tico y sin control. Ahora me siento mucho m\u00e1s madura, m\u00e1s segura como persona y como atleta. He aprendido de la vida, no solo del oct\u00e1gono\u2019\u2019.<\/p>\n<p class=\"mb-4 text-lg md:leading-8 break-words\"><b>\u00bfTe inspiran historias como la de Brandon Moreno o Charles Oliveira, que cayeron y regresaron como campeones?<\/b><\/p>\n<p class=\"mb-4 text-lg md:leading-8 break-words\">\u201cTotalmente. A m\u00ed me inspiran esas historias donde no todo fue perfecto, donde hubo tropiezos y a\u00fan as\u00ed siguieron adelante. Brandon fue despedido de la UFC y se convirti\u00f3 en campe\u00f3n. Oliveira pas\u00f3 momentos dif\u00edciles y tambi\u00e9n fue campe\u00f3n. Esas historias me dan fuerza, porque yo tambi\u00e9n quiero seguir luchando hasta que las cosas salgan como deben salir\u2019\u2019.<\/p>\n<p class=\"mb-4 text-lg md:leading-8 break-words\"><b>Entonces, Ver\u00f3nica, \u00bfeste s\u00e1bado puede ser el punto de inflexi\u00f3n?<\/b><\/p>\n<p class=\"mb-4 text-lg md:leading-8 break-words\">\u201cEso espero. Estoy enfocada, con la mente m\u00e1s fuerte que nunca y con ganas de demostrar lo que realmente puedo hacer. Quiero que el s\u00e1bado la gente vea a la Ver\u00f3nica Hardy que nunca se rinde\u2019\u2019.<\/p>\n<p class=\"mb-4 text-lg md:leading-8 break-words\"><a href=\"https:\/\/www.elnuevoherald.com\/deportes\/mma\/article312100443.html\" rel=\"nofollow noopener\" target=\"_blank\" data-ylk=\"slk:El codazo infernal: Diego Lopes enciende la Noche UFC con un nocaut inolvidable;elm:context_link;itc:0;sec:content-canvas\" class=\"link \">El codazo infernal: Diego Lopes enciende la Noche UFC con un nocaut inolvidable<\/a><\/p>\n<p class=\"mb-4 text-lg md:leading-8 break-words\"><a href=\"https:\/\/www.elnuevoherald.com\/deportes\/boxeo\/article312090972.html\" rel=\"nofollow noopener\" target=\"_blank\" data-ylk=\"slk:La leyenda de Cuba sigue firme. Soldado de Dios arrasa en su debut en BKFC con victoria por nocaut brutal;elm:context_link;itc:0;sec:content-canvas\" class=\"link \">La leyenda de Cuba sigue firme. Soldado de Dios arrasa en su debut en BKFC con victoria por nocaut brutal<\/a><\/p>\n<p class=\"mb-4 text-lg md:leading-8 break-words\"><a href=\"https:\/\/www.elnuevoherald.com\/deportes\/boxeo\/article311963817.html\" rel=\"nofollow noopener\" target=\"_blank\" data-ylk=\"slk:BKFC Ice Wars llega a Florida: Pu\u00f1os desnudos y hockey sobre hielo;elm:context_link;itc:0;sec:content-canvas\" class=\"link \">BKFC Ice Wars llega a Florida: Pu\u00f1os desnudos y hockey sobre hielo<\/a><\/p>\n","protected":false},"excerpt":{"rendered":"La UFC 320 tendr\u00e1 un sabor latino particular con la presencia de Ver\u00f3nica Hardy, quien este s\u00e1bado volver\u00e1&hellip;\n","protected":false},"author":2,"featured_media":152984,"comment_status":"","ping_status":"","sticky":false,"template":"","format":"standard","meta":{"footnotes":""},"categories":[276],"tags":[2034,46153,168,25,24,2035,23,167,343,46152],"class_list":{"0":"post-152983","1":"post","2":"type-post","3":"status-publish","4":"format-standard","5":"has-post-thumbnail","7":"category-ufc","8":"tag-alex-pereira","9":"tag-brogan-walker","10":"tag-deportes","11":"tag-es","12":"tag-espana","13":"tag-magomed-ankalaev","14":"tag-spain","15":"tag-sports","16":"tag-ufc","17":"tag-veronica-hardy"},"share_on_mastodon":{"url":"","error":""},"_links":{"self":[{"href":"https:\/\/www.europesays.com\/es\/wp-json\/wp\/v2\/posts\/152983","targetHints":{"allow":["GET"]}}],"collection":[{"href":"https:\/\/www.europesays.com\/es\/wp-json\/wp\/v2\/posts"}],"about":[{"href":"https:\/\/www.europesays.com\/es\/wp-json\/wp\/v2\/types\/post"}],"author":[{"embeddable":true,"href":"https:\/\/www.europesays.com\/es\/wp-json\/wp\/v2\/users\/2"}],"replies":[{"embeddable":true,"href":"https:\/\/www.europesays.com\/es\/wp-json\/wp\/v2\/comments?post=152983"}],"version-history":[{"count":0,"href":"https:\/\/www.europesays.com\/es\/wp-json\/wp\/v2\/posts\/152983\/revisions"}],"wp:featuredmedia":[{"embeddable":true,"href":"https:\/\/www.europesays.com\/es\/wp-json\/wp\/v2\/media\/152984"}],"wp:attachment":[{"href":"https:\/\/www.europesays.com\/es\/wp-json\/wp\/v2\/media?parent=152983"}],"wp:term":[{"taxonomy":"category","embeddable":true,"href":"https:\/\/www.europesays.com\/es\/wp-json\/wp\/v2\/categories?post=152983"},{"taxonomy":"post_tag","embeddable":true,"href":"https:\/\/www.europesays.com\/es\/wp-json\/wp\/v2\/tags?post=152983"}],"curies":[{"name":"wp","href":"https:\/\/api.w.org\/{rel}","templated":true}]}}