{"id":152991,"date":"2025-10-02T15:23:09","date_gmt":"2025-10-02T15:23:09","guid":{"rendered":"https:\/\/www.europesays.com\/es\/152991\/"},"modified":"2025-10-02T15:23:09","modified_gmt":"2025-10-02T15:23:09","slug":"susto-en-la-porteria-del-salamanca-uds","status":"publish","type":"post","link":"https:\/\/www.europesays.com\/es\/152991\/","title":{"rendered":"Susto en la porter\u00eda del Salamanca UDS"},"content":{"rendered":"<p><a class=\"v-mdl-ath__fig-a\" href=\"https:\/\/www.lagacetadesalamanca.es\/autor\/ivan-ramajo-5957.html\" title=\"Iv\u00e1n Ramajo\" rel=\"nofollow noopener\" target=\"_blank\"><br \/>\n<img decoding=\"async\" class=\"v-mdl-ath__img\" src=\"https:\/\/www.europesays.com\/es\/wp-content\/uploads\/2025\/07\/1753832595_473_autor-5957-foto-1.png\" alt=\"Iv\u00e1n Ramajo\"\/><br \/>\n<\/a><\/p>\n<p class=\"v-mdl-ath__p v-mdl-ath__p--6\">\nJueves, 2 de octubre 2025, 11:28<\/p>\n<p>| Actualizado 12:20h.<\/p>\n<p class=\"v-p\">Leo Mendes ha dado el susto de la sesi\u00f3n de entrenamiento que ha llevado a cabo el Salamanca UDS en la jornada de este jueves sobre el c\u00e9sped natural de Las Pistas, feudo donde suma sus partidos por victorias esta Liga a la espera de aterrizar por fin en el Helm\u00e1ntico a lo largo de este mes de octubre. <\/p>\n<p class=\"v-p\">El guardameta blanquinegro, que este fin de semana pasado fue suplente frente a la UD Ourense, a punta a correr la misma suerte esta quinta jornada de competici\u00f3n liguera despu\u00e9s de no poder acabar la sesi\u00f3n preparatoria por problemas en su pierna derecha. El meta tuvo que parar con un visible gesto de dolor ya en el aparte con el que los guardametas abrieron el trabajo, mientras Jon Villanueva y el preparador espec\u00edfico de los porteros, Choco, trataban de explicarle el mecanismo menos lesivo para su rodilla en acciones a quemarropa. <\/p>\n<p class=\"v-p\">Pareci\u00f3 que ah\u00ed quedaba la cosa, pero nada m\u00e1s lejos de la realidad. Con el partidillo ya en marcha (tan solo a medio campo, aunque la sesi\u00f3n concluy\u00f3 a campo completo) los gestos de dolor siguieron siendo ostensibles hasta que tuvo que parar en seco y ponerse en manos de los preparadores f\u00edsicos.<\/p>\n<p class=\"v-p\">Siguieron al margen, Davo, Lara y Dani Hern\u00e1ndez.<\/p>\n<p>Reporta un error<\/p>\n","protected":false},"excerpt":{"rendered":"Jueves, 2 de octubre 2025, 11:28 | Actualizado 12:20h. Leo Mendes ha dado el susto de la sesi\u00f3n&hellip;\n","protected":false},"author":2,"featured_media":152992,"comment_status":"","ping_status":"","sticky":false,"template":"","format":"standard","meta":{"footnotes":""},"categories":[268],"tags":[168,25,24,280,282,1753,3614,281,23,167,6095],"class_list":{"0":"post-152991","1":"post","2":"type-post","3":"status-publish","4":"format-standard","5":"has-post-thumbnail","7":"category-futbol","8":"tag-deportes","9":"tag-es","10":"tag-espana","11":"tag-football","12":"tag-futbol","13":"tag-porteria","14":"tag-salamanca","15":"tag-soccer","16":"tag-spain","17":"tag-sports","18":"tag-susto"},"share_on_mastodon":{"url":"","error":""},"_links":{"self":[{"href":"https:\/\/www.europesays.com\/es\/wp-json\/wp\/v2\/posts\/152991","targetHints":{"allow":["GET"]}}],"collection":[{"href":"https:\/\/www.europesays.com\/es\/wp-json\/wp\/v2\/posts"}],"about":[{"href":"https:\/\/www.europesays.com\/es\/wp-json\/wp\/v2\/types\/post"}],"author":[{"embeddable":true,"href":"https:\/\/www.europesays.com\/es\/wp-json\/wp\/v2\/users\/2"}],"replies":[{"embeddable":true,"href":"https:\/\/www.europesays.com\/es\/wp-json\/wp\/v2\/comments?post=152991"}],"version-history":[{"count":0,"href":"https:\/\/www.europesays.com\/es\/wp-json\/wp\/v2\/posts\/152991\/revisions"}],"wp:featuredmedia":[{"embeddable":true,"href":"https:\/\/www.europesays.com\/es\/wp-json\/wp\/v2\/media\/152992"}],"wp:attachment":[{"href":"https:\/\/www.europesays.com\/es\/wp-json\/wp\/v2\/media?parent=152991"}],"wp:term":[{"taxonomy":"category","embeddable":true,"href":"https:\/\/www.europesays.com\/es\/wp-json\/wp\/v2\/categories?post=152991"},{"taxonomy":"post_tag","embeddable":true,"href":"https:\/\/www.europesays.com\/es\/wp-json\/wp\/v2\/tags?post=152991"}],"curies":[{"name":"wp","href":"https:\/\/api.w.org\/{rel}","templated":true}]}}