{"id":153006,"date":"2025-10-02T15:33:08","date_gmt":"2025-10-02T15:33:08","guid":{"rendered":"https:\/\/www.europesays.com\/es\/153006\/"},"modified":"2025-10-02T15:33:08","modified_gmt":"2025-10-02T15:33:08","slug":"ya-se-ha-filtrado-leyendas-pokemon-z-a","status":"publish","type":"post","link":"https:\/\/www.europesays.com\/es\/153006\/","title":{"rendered":"Ya se ha filtrado Leyendas Pok\u00e9mon: Z-A"},"content":{"rendered":"<p>Parece que ya hay filtraciones de esta entrega, tras <a href=\"https:\/\/www.nintenderos.com\/2025\/05\/leyendas-pokemon-z-a-confirma-fecha-de-lanzamiento-y-boxarts-para-nintendo-switch-y-nintendo-switch-2\/\" rel=\"nofollow noopener\" target=\"_blank\">conocer la fecha<\/a>\u00a0de\u00a0<a href=\"https:\/\/www.nintenderos.com\/2024\/03\/leyendas-pokemon-z-a-un-vistazo-al-futuro-o-un-retorno-al-pasado\/\" rel=\"nofollow noopener\" target=\"_blank\">Leyendas Pok\u00e9mon: Z-A<\/a>. Ya sabemos que se lanza el\u00a0<strong>16 de octubre de 2025<\/strong>\u00a0en Switch y Switch 2 y ahora tenemos m\u00e1s contenidos que se suman a\u00a0<a href=\"https:\/\/www.nintenderos.com\/nintendo-switch-2\/leyendas-pokemon-z-a-confirma-precios-oficiales-en-nintendo-switch-y-nintendo-switch-2\" rel=\"nofollow noopener\" target=\"_blank\">sus precios oficiales<\/a>.<\/p>\n<p>Despu\u00e9s de conocer\u00a0<a href=\"https:\/\/www.nintenderos.com\/2025\/03\/las-descripciones-de-todas-estas-nuevas-megaevoluciones-de-leyendas-pokemon-z-a-tambien-se-habrian-filtrado\/\" rel=\"nofollow noopener\" target=\"_blank\">todas las supuestas Megaevoluciones<\/a> y sus descripciones, ahora <strong>algunas tiendas ya han vendido copias del juego antes de tiempo<\/strong>, lo que ha generado la aparici\u00f3n de spoilers en redes sociales, pese a los esfuerzos de Nintendo y Pok\u00e9mon Co. por detenerlos. Os recomendamos <strong>tener cuidado si quer\u00e9is evitar spoilers<\/strong> y silenciar palabras relacionadas en redes sociales.<\/p>\n<p>Recordad que anteriormente ya hab\u00edan publicado otra imagen\u00a0<a href=\"https:\/\/www.nintenderos.com\/2025\/04\/rumor-filtrada-imagen-de-una-nueva-megaevolucion-de-leyendas-pokemon-z-a\/\" rel=\"nofollow noopener\" target=\"_blank\">supuestamente de Mega Starmie<\/a>.<\/p>\n<p>Otros contenidos en esta categor\u00eda:<\/p>\n<ul>\n<li><a href=\"https:\/\/www.nintenderos.com\/nintendo-switch-2\/dragon-ball-sparking-zero-confirma-mas-dlc-para-enero-de-2026\" rel=\"nofollow noopener\" target=\"_blank\">Dragon Ball: Sparking! Zero confirma m\u00e1s DLC para enero de 2026<\/a><\/li>\n<\/ul>\n<p>Esta informaci\u00f3n nos llega tras la demo disponible en el Campeonato Mundial, que tambi\u00e9n nos dej\u00f3\u00a0<a href=\"https:\/\/www.nintenderos.com\/nintendo-switch-2\/toneladas-de-detalles-imagenes-y-gameplay-de-leyendas-pokemon-z-a-procedentes-de-su-demo-mapa-controles-y-mucho-mas\" rel=\"nofollow noopener\" target=\"_blank\">toneladas de detalles<\/a>\u00a0e\u00a0<a href=\"https:\/\/www.nintenderos.com\/nintendo-switch-2\/recopilatorio-de-impresiones-de-leyendas-pokemon-z-a-tras-probar-su-demo\/\" rel=\"nofollow noopener\" target=\"_blank\">impresiones de los que la probaron<\/a>.<\/p>\n<p>Ya sab\u00e9is que Leyendas Pok\u00e9mon: Z-A\u00a0<a href=\"https:\/\/www.nintenderos.com\/nintendo-switch-2\/nintendo-switch-2-los-zeldas-kirby-y-la-tierra-olvidada-metroid-prime-4-beyond-y-leyendas-pokemon-z-a-tambien-confirman-ediciones-para-la-sucesora\/\" rel=\"nofollow noopener\" target=\"_blank\">ha confirmado edici\u00f3n mejorada<\/a>\u00a0para Nintendo Switch 2 y esto nos llega tras los\u00a0<a href=\"https:\/\/www.nintenderos.com\/2025\/04\/rumor-filtradas-capturas-de-la-gen-10-de-pokemon-y-la-silueta-de-una-nueva-megaevolucion-de-leyendas-pokemon-z-a\/\" rel=\"nofollow noopener\" target=\"_blank\">\u00faltimos rumores<\/a>\u00a0de la Gen. 10 y la\u00a0<a href=\"https:\/\/www.nintenderos.com\/2025\/04\/rumor-filtrada-imagen-de-una-nueva-megaevolucion-de-leyendas-pokemon-z-a\/\" rel=\"nofollow noopener\" target=\"_blank\">supuesta primera imagen de una nueva Megaevoluci\u00f3n<\/a>\u00a0de esta entrega.<\/p>\n<p>\u00bfQu\u00e9 opin\u00e1is vosotros sobre todo esto de cara a este t\u00edtulo? Os leemos en los comentarios. Pod\u00e9is dejar abajo vuestra opini\u00f3n sobre el juego y esta informaci\u00f3n.<\/p>\n<p><a href=\"https:\/\/gonintendo.com\/contents\/53494-beware-of-pokemon-legends-z-a-leaks-as-copies-are-out-in-the-wild\" class=\"external\" rel=\"nofollow noopener\" target=\"_blank\">Fuente<\/a>.<\/p>\n","protected":false},"excerpt":{"rendered":"Parece que ya hay filtraciones de esta entrega, tras conocer la fecha\u00a0de\u00a0Leyendas Pok\u00e9mon: Z-A. Ya sabemos que se&hellip;\n","protected":false},"author":2,"featured_media":124857,"comment_status":"","ping_status":"","sticky":false,"template":"","format":"standard","meta":{"footnotes":""},"categories":[81],"tags":[119,123,124,25,24,32499,2794,145,117,121,122,23,118,120],"class_list":{"0":"post-153006","1":"post","2":"type-post","3":"status-publish","4":"format-standard","5":"has-post-thumbnail","7":"category-ciencia-y-tecnologia","8":"tag-ciencia","9":"tag-ciencia-y-tecnologia","10":"tag-cienciaytecnologia","11":"tag-es","12":"tag-espana","13":"tag-leak","14":"tag-leyendas-pokemon-z-a","15":"tag-rumor","16":"tag-science","17":"tag-science-and-technology","18":"tag-scienceandtechnology","19":"tag-spain","20":"tag-technology","21":"tag-tecnologia"},"share_on_mastodon":{"url":"","error":""},"_links":{"self":[{"href":"https:\/\/www.europesays.com\/es\/wp-json\/wp\/v2\/posts\/153006","targetHints":{"allow":["GET"]}}],"collection":[{"href":"https:\/\/www.europesays.com\/es\/wp-json\/wp\/v2\/posts"}],"about":[{"href":"https:\/\/www.europesays.com\/es\/wp-json\/wp\/v2\/types\/post"}],"author":[{"embeddable":true,"href":"https:\/\/www.europesays.com\/es\/wp-json\/wp\/v2\/users\/2"}],"replies":[{"embeddable":true,"href":"https:\/\/www.europesays.com\/es\/wp-json\/wp\/v2\/comments?post=153006"}],"version-history":[{"count":0,"href":"https:\/\/www.europesays.com\/es\/wp-json\/wp\/v2\/posts\/153006\/revisions"}],"wp:featuredmedia":[{"embeddable":true,"href":"https:\/\/www.europesays.com\/es\/wp-json\/wp\/v2\/media\/124857"}],"wp:attachment":[{"href":"https:\/\/www.europesays.com\/es\/wp-json\/wp\/v2\/media?parent=153006"}],"wp:term":[{"taxonomy":"category","embeddable":true,"href":"https:\/\/www.europesays.com\/es\/wp-json\/wp\/v2\/categories?post=153006"},{"taxonomy":"post_tag","embeddable":true,"href":"https:\/\/www.europesays.com\/es\/wp-json\/wp\/v2\/tags?post=153006"}],"curies":[{"name":"wp","href":"https:\/\/api.w.org\/{rel}","templated":true}]}}