{"id":153007,"date":"2025-10-02T15:36:09","date_gmt":"2025-10-02T15:36:09","guid":{"rendered":"https:\/\/www.europesays.com\/es\/153007\/"},"modified":"2025-10-02T15:36:09","modified_gmt":"2025-10-02T15:36:09","slug":"actos-de-moros-y-cristianos-en-valencia","status":"publish","type":"post","link":"https:\/\/www.europesays.com\/es\/153007\/","title":{"rendered":"Actos de Moros y Cristianos en Val\u00e8ncia"},"content":{"rendered":"<p>Val\u00e8ncia se prepara para una de las celebraciones m\u00e1s esperadas del a\u00f1o: las\u202f<strong>Fiestas de Moros y Cristianos 2025.\u00a0<\/strong><\/p>\n<p>Durante el mes de octubre, la ciudad se llenar\u00e1 de color, p\u00f3lvora y mucha m\u00fasica en un homenaje a la historia y a la tradici\u00f3n mediterr\u00e1nea.\u00a0<\/p>\n<p>El\u202fJard\u00edn del Turia\u202f\u2014entre el Puente de la Exposici\u00f3n y el Puente de las Flores\u2014 se va a convertir en el escenario del <strong>Mercado Medieval\u202fdel 4 al 12 de octubre.\u00a0<\/strong><\/p>\n<p>Va a reunir puestos de artesan\u00eda, talleres de todo tipo, posadas y un ambientazo donde no va a faltar la danza ni la m\u00fasica.\u00a0<\/p>\n<p>\u00a1Un aut\u00e9ntico viaje al pasado para disfrutar en familia o con amigos!\u00a0<\/p>\n<p>Y si hablamos de espect\u00e1culos, no puedes dejar pasar la\u202f<strong>entrada morocristiana: un gran desfile en el que avanzan escuadras a las que se suman labradores, ballets y agrupaciones musicales para recrear las incursiones hist\u00f3ricas en la costa.\u00a0<\/strong><\/p>\n<p>\u00bfQuieres conocer la programaci\u00f3n al completo?\u00a0<\/p>\n<p>Calendario de actos festeros 2025\u00a0<\/p>\n<p>4 de octubre\u00a0<\/p>\n<p><strong>17:00 h \u2013 Entrada Infantil de Moros y Cristianos\u00a0<\/strong><\/p>\n<p>Los m\u00e1s peque\u00f1os son los protagonistas en este desfile que va desde la\u202fPlaza del Tossal\u202fhasta la\u202fPlaza dels Furs.\u00a0<\/p>\n<p>Vas a ver trajes coloridos, escuadras en miniatura y la misma emoci\u00f3n que en la entrada grande.\u00a0<\/p>\n<p><strong>20:00 h \u2013 Embajada de la Conquista\u00a0<\/strong><\/p>\n<p>La\u202fPlaza dels Furs, junto a las imponentes\u202fTorres de Serranos, se convierte en el escenario de este acto teatralizado que revive la conquista y defensa de la ciudad.\u00a0<\/p>\n<p>5 de octubre\u00a0<\/p>\n<p><strong>11:30 h \u2013 Alardo\u00a0<\/strong><\/p>\n<p>El desfile arranca desde la Plaza de la Virgen, sigue por la Plaza de la Reina y la calle San Vicente hasta la Plaza del Ayuntamiento.\u00a0<\/p>\n<p>En \u00e9l, moros y cristianos recrean sus batallas con estruendosos disparos de arcabucer\u00eda.\u00a0<\/p>\n<p>9 de octubre \u2013 XXI Entrada de Moros y Cristianos de Val\u00e8ncia\u00a0<\/p>\n<p><strong>16:00 h \u2013 Bajada de Gloria\u00a0<\/strong><\/p>\n<p>El desfile arranca en la\u202fPlaza del Ayuntamiento\u202fpara llegar hasta la\u202fGlorieta.\u00a0<\/p>\n<p>Es la antesala de la gran entrada, un acto cargado de simbolismo que abre paso al espect\u00e1culo final.\u00a0<\/p>\n<p><strong>17:00 h \u2013 Entrada\u00a0<\/strong><\/p>\n<p>El desfile avanza desde la Glorieta hasta la Plaza del Ayuntamiento.\u00a0<\/p>\n<p>A lo largo del recorrido podr\u00e1s disfrutar de escuadras moras y cristianas, boatos llenos de color, m\u00fasica en directo y danzas.\u00a0<\/p>\n<p>\u00a1Una marcha que no te puedes perder!\u00a0<\/p>\n","protected":false},"excerpt":{"rendered":"Val\u00e8ncia se prepara para una de las celebraciones m\u00e1s esperadas del a\u00f1o: las\u202fFiestas de Moros y Cristianos 2025.\u00a0&hellip;\n","protected":false},"author":2,"featured_media":153008,"comment_status":"","ping_status":"","sticky":false,"template":"","format":"standard","meta":{"footnotes":""},"categories":[8],"tags":[17,18,25,24,13,14,11,19,20,9,10,15,16,23,12,21,22],"class_list":{"0":"post-153007","1":"post","2":"type-post","3":"status-publish","4":"format-standard","5":"has-post-thumbnail","7":"category-espana","8":"tag-breaking-news","9":"tag-breakingnews","10":"tag-es","11":"tag-espana","12":"tag-featured-news","13":"tag-featurednews","14":"tag-headlines","15":"tag-latest-news","16":"tag-latestnews","17":"tag-news","18":"tag-noticias","19":"tag-noticias-destacadas","20":"tag-noticiasdestacadas","21":"tag-spain","22":"tag-titulares","23":"tag-ultimas-noticias","24":"tag-ultimasnoticias"},"share_on_mastodon":{"url":"","error":""},"_links":{"self":[{"href":"https:\/\/www.europesays.com\/es\/wp-json\/wp\/v2\/posts\/153007","targetHints":{"allow":["GET"]}}],"collection":[{"href":"https:\/\/www.europesays.com\/es\/wp-json\/wp\/v2\/posts"}],"about":[{"href":"https:\/\/www.europesays.com\/es\/wp-json\/wp\/v2\/types\/post"}],"author":[{"embeddable":true,"href":"https:\/\/www.europesays.com\/es\/wp-json\/wp\/v2\/users\/2"}],"replies":[{"embeddable":true,"href":"https:\/\/www.europesays.com\/es\/wp-json\/wp\/v2\/comments?post=153007"}],"version-history":[{"count":0,"href":"https:\/\/www.europesays.com\/es\/wp-json\/wp\/v2\/posts\/153007\/revisions"}],"wp:featuredmedia":[{"embeddable":true,"href":"https:\/\/www.europesays.com\/es\/wp-json\/wp\/v2\/media\/153008"}],"wp:attachment":[{"href":"https:\/\/www.europesays.com\/es\/wp-json\/wp\/v2\/media?parent=153007"}],"wp:term":[{"taxonomy":"category","embeddable":true,"href":"https:\/\/www.europesays.com\/es\/wp-json\/wp\/v2\/categories?post=153007"},{"taxonomy":"post_tag","embeddable":true,"href":"https:\/\/www.europesays.com\/es\/wp-json\/wp\/v2\/tags?post=153007"}],"curies":[{"name":"wp","href":"https:\/\/api.w.org\/{rel}","templated":true}]}}