{"id":153009,"date":"2025-10-02T15:38:01","date_gmt":"2025-10-02T15:38:01","guid":{"rendered":"https:\/\/www.europesays.com\/es\/153009\/"},"modified":"2025-10-02T15:38:01","modified_gmt":"2025-10-02T15:38:01","slug":"fundacion-cruz-roja-espanola-analiza-la-importancia-de-las-redes-de-apoyo-comunitarias-para-el-bienestar-emocional","status":"publish","type":"post","link":"https:\/\/www.europesays.com\/es\/153009\/","title":{"rendered":"Fundaci\u00f3n Cruz Roja Espa\u00f1ola analiza la importancia de las redes de apoyo comunitarias para el bienestar emocional"},"content":{"rendered":"<p> 02 octubre Fundaci\u00f3n Cruz Roja Espa\u00f1ola analiza la importancia de las redes de apoyo comunitarias para el bienestar emocional <\/p>\n<ul>\n<li>\n<p>La Dra. Mar\u00eda Neira (OMS), el Dr. Francisco Gonz\u00e1lez Aguado (Ministerio de Sanidad) y Greisy Trejo (Federaci\u00f3n Internacional de Sociedades de la Cruz Roja y de la Media Luna Roja) dialogaron en la quinta de las #ConversacionesHumanitarias sobre la urgencia de fortalecer la base comunitaria para prevenir crisis emocionales.<\/p>\n<\/li>\n<li>\n<p>El encuentro, moderado por Molo Cebri\u00e1n, subray\u00f3 la necesidad de pol\u00edticas p\u00fablicas y acciones sociales que reconozcan la resiliencia comunitaria como motor de salud emocional.<\/p>\n<\/li>\n<li>\n<p>Con cerca de 5.000 personas siguiendo la conversaci\u00f3n desde sus primeras horas, el ciclo confirma una vez m\u00e1s su amplio alcance e importancia social.<\/p>\n<\/li>\n<\/ul>\n<p><strong>Madrid, 2 de octubre de 2025.<\/strong> En un contexto donde los problemas de salud emocional y mental son cada vez m\u00e1s visibles, Fundaci\u00f3n Cruz Roja Espa\u00f1ola organiz\u00f3 una nueva entrega de las #ConversacionesHumanitarias generadoras de talento para reflexionar sobre el papel de la comunidad como sost\u00e9n emocional y preventivo. Bajo el t\u00edtulo <strong>\u201cResiliencia comunitaria: la base para el bienestar emocional\u201d<\/strong>, la conversaci\u00f3n reuni\u00f3 a referentes internacionales en salud p\u00fablica, salud mental y cooperaci\u00f3n para reflexionar sobre la importancia de tejer redes de apoyo comunitarias como ant\u00eddoto frente al malestar emocional y la soledad estructural.<\/p>\n<p>El encuentro cont\u00f3 con la participaci\u00f3n de la <strong>Dra. Mar\u00eda Neira<\/strong>, directora del Departamento de Medio Ambiente, Cambio Clim\u00e1tico y Salud de la OMS (Organizaci\u00f3n Mundial de la Salud); el <strong>Dr. Francisco Gonz\u00e1lez Aguado<\/strong>, subdirector del Comisionado de Salud Mental del Ministerio de Sanidad; y <strong>Greisy Trejo<\/strong>, coordinadora regional de Salud Mental y Apoyo Psicosocial de la Federaci\u00f3n Internacional de Sociedades de la Cruz Roja y de la Media Luna Roja para Europa y Asia Central. La conversaci\u00f3n fue facilitada por <strong>Molo Cebri\u00e1n<\/strong>, licenciado en Comunicaci\u00f3n Audiovisual y en Psicolog\u00eda adem\u00e1s de conductor y cofundador del podcast \u201cEntiende tu Mente\u201d.<\/p>\n<p>Durante el evento, se destac\u00f3 que muchas veces las situaciones de sufrimiento emocional no se originan de manera individual, y por tanto tampoco pueden resolverse en soledad. Seg\u00fan datos recogidos por Fundaci\u00f3n Cruz Roja Espa\u00f1ola, m\u00e1s de un 40% de las personas considera que no se da suficiente importancia al bienestar emocional en sus entornos m\u00e1s cercanos, un s\u00edntoma del debilitamiento de los v\u00ednculos comunitarios en la era contempor\u00e1nea.<\/p>\n<p>Tambi\u00e9n se abord\u00f3 el concepto de <strong>resiliencia comunitaria<\/strong> como una respuesta necesaria frente al sufrimiento emocional colectivo, especialmente en contextos de crisis sociales, clim\u00e1ticas o econ\u00f3micas. Mar\u00eda Neira subray\u00f3 que \u201cel bienestar emocional empieza por tener un entorno saludable y seguro\u201d, y que el enfoque no puede quedarse solo en la intervenci\u00f3n cl\u00ednica, sino que requiere pol\u00edticas p\u00fablicas sostenidas y marcos comunitarios de apoyo.<\/p>\n<p>Francisco Gonz\u00e1lez Aguado defendi\u00f3 la idea de \u201cuna salud mental que no sea un privilegio, sino un derecho\u201d, y remarc\u00f3 que el nuevo Plan de Salud Mental contempla precisamente herramientas para el fortalecimiento de redes de apoyo, especialmente en contextos de vulnerabilidad.<br \/>Greisy Trejo comparti\u00f3 aprendizajes desde experiencias internacionales: \u201cLas comunidades m\u00e1s resilientes no son las que tienen m\u00e1s recursos, sino las que logran organizarse, escucharse y responder colectivamente\u201d. La experta recalc\u00f3 la importancia de empoderar a los propios miembros de la comunidad, respetando su diversidad cultural y capacidades.<\/p>\n<p>Una de las ideas m\u00e1s compartidas fue que el sufrimiento emocional no puede abordarse de forma exclusivamente individual. Como record\u00f3 Molo Cebri\u00e1n, \u201chay malestares que no se curan en soledad, porque no se originaron en soledad\u201d. Por eso, uno de los objetivos de la conversaci\u00f3n fue desmontar la idea de que la salud mental es solo una cuesti\u00f3n privada, e invitar a pensarla como un reto colectivo.<\/p>\n<p><strong>Una llamada a la acci\u00f3n colectiva<\/strong>\u00a0<\/p>\n<p>Para poner broche final a la conversaci\u00f3n, <strong>Satur Torre<\/strong>, gerente de la Fundaci\u00f3n Cruz Roja Espa\u00f1ola, invit\u00f3 a transformar lo hablado en acci\u00f3n concreta: \u201cNos llevamos muchos aprendizajes y, sobre todo, la importancia de encontrar puntos de encuentro con nuestro entorno m\u00e1s pr\u00f3ximo para seguir construyendo comunidad y resiliencia.\u00bb, concluy\u00f3.<\/p>\n<p>El ciclo online \u201c#ConversacionesHumanitarias generadoras de talento\u201d es una iniciativa de Fundaci\u00f3n Cruz Roja Espa\u00f1ola para acercar el conocimiento a la ciudadan\u00eda, promoviendo el pensamiento humanitario y el cambio de mentalidades frente a los grandes desaf\u00edos sociales. Esta conversaci\u00f3n sobre resiliencia comunitaria se inscribe dentro de las acciones previstas por Cruz Roja Espa\u00f1ola y su Fundaci\u00f3n con motivo del <strong>D\u00eda Mundial de la Salud Mental (10 de octubre)<\/strong> y su firme compromiso con la concienciaci\u00f3n de abordar el bienestar emocional desde la prevenci\u00f3n y como asunto colectivo.<\/p>\n<p>Puedes volver a ver la conversaci\u00f3n completa aqu\u00ed:<\/p>\n<p>\u00a0<\/p>\n<p>\u00a0<\/p>\n<p>Para m\u00e1s informaci\u00f3n: <a href=\"http:\/\/fundacioncruzroja.es\" target=\"_blank\" rel=\"nofollow noopener\">www.fundacioncruzroja.es<\/a>\u00a0<\/p>\n<p>Puedes descargar el comunicado<a href=\"https:\/\/www2.cruzroja.es\/documents\/5640665\/2974241758\/NP-+POST-++Quinta+Conversaci%C3%B3n_FINAL.pdf\/60ffcf81-5807-d59b-29dc-55963c0fb806?t=1759399762504\" target=\"\" rel=\"nofollow noopener\"> aqu\u00ed.<\/a><\/p>\n","protected":false},"excerpt":{"rendered":"02 octubre Fundaci\u00f3n Cruz Roja Espa\u00f1ola analiza la importancia de las redes de apoyo comunitarias para el bienestar&hellip;\n","protected":false},"author":2,"featured_media":153010,"comment_status":"","ping_status":"","sticky":false,"template":"","format":"standard","meta":{"footnotes":""},"categories":[5],"tags":[517,46157,17,18,46158,25,24,13,14,11,19,20,9,10,15,16,23,12,21,22],"class_list":{"0":"post-153009","1":"post","2":"type-post","3":"status-publish","4":"format-standard","5":"has-post-thumbnail","7":"category-titulares","8":"tag-actualidad","9":"tag-areaprivadadestacado","10":"tag-breaking-news","11":"tag-breakingnews","12":"tag-comunicados","13":"tag-es","14":"tag-espana","15":"tag-featured-news","16":"tag-featurednews","17":"tag-headlines","18":"tag-latest-news","19":"tag-latestnews","20":"tag-news","21":"tag-noticias","22":"tag-noticias-destacadas","23":"tag-noticiasdestacadas","24":"tag-spain","25":"tag-titulares","26":"tag-ultimas-noticias","27":"tag-ultimasnoticias"},"share_on_mastodon":{"url":"","error":""},"_links":{"self":[{"href":"https:\/\/www.europesays.com\/es\/wp-json\/wp\/v2\/posts\/153009","targetHints":{"allow":["GET"]}}],"collection":[{"href":"https:\/\/www.europesays.com\/es\/wp-json\/wp\/v2\/posts"}],"about":[{"href":"https:\/\/www.europesays.com\/es\/wp-json\/wp\/v2\/types\/post"}],"author":[{"embeddable":true,"href":"https:\/\/www.europesays.com\/es\/wp-json\/wp\/v2\/users\/2"}],"replies":[{"embeddable":true,"href":"https:\/\/www.europesays.com\/es\/wp-json\/wp\/v2\/comments?post=153009"}],"version-history":[{"count":0,"href":"https:\/\/www.europesays.com\/es\/wp-json\/wp\/v2\/posts\/153009\/revisions"}],"wp:featuredmedia":[{"embeddable":true,"href":"https:\/\/www.europesays.com\/es\/wp-json\/wp\/v2\/media\/153010"}],"wp:attachment":[{"href":"https:\/\/www.europesays.com\/es\/wp-json\/wp\/v2\/media?parent=153009"}],"wp:term":[{"taxonomy":"category","embeddable":true,"href":"https:\/\/www.europesays.com\/es\/wp-json\/wp\/v2\/categories?post=153009"},{"taxonomy":"post_tag","embeddable":true,"href":"https:\/\/www.europesays.com\/es\/wp-json\/wp\/v2\/tags?post=153009"}],"curies":[{"name":"wp","href":"https:\/\/api.w.org\/{rel}","templated":true}]}}