{"id":15301,"date":"2025-07-31T02:36:08","date_gmt":"2025-07-31T02:36:08","guid":{"rendered":"https:\/\/www.europesays.com\/es\/15301\/"},"modified":"2025-07-31T02:36:08","modified_gmt":"2025-07-31T02:36:08","slug":"mercado-de-fichajes-celta-de-vigo-2025","status":"publish","type":"post","link":"https:\/\/www.europesays.com\/es\/15301\/","title":{"rendered":"Mercado de fichajes Celta de Vigo 2025"},"content":{"rendered":"<p class=\"ft-text\">El culebr\u00f3n Bryan Zaragoza ha llegado a su fin. El celtismo puede respirar tranquilo tras varias semanas deshojando la margarita. <strong>El Celta ha hecho oficial esta tarde la <\/strong><a href=\"https:\/\/www.farodevigo.es\/celta-de-vigo\/2025\/07\/28\/celta-tendra-comprar-bryan-zaragoza-120129367.html\" class=\"ft-link ft-link--decoration\" rel=\"nofollow noopener\" target=\"_blank\"><strong>cesi\u00f3n con opci\u00f3n condicionada de compra<\/strong><\/a><strong> del atacante internacional que milit\u00f3 la pasada campa\u00f1a en el Osasuna a pr\u00e9stamo por el Bayern de M\u00fanich. <\/strong><\/p>\n<p class=\"ft-text\"><a href=\"https:\/\/www.farodevigo.es\/celta-de-vigo\/2025\/07\/30\/bryan-zaragoza-llega-vigo-hoy-120182542.html\" class=\"ft-link ft-link--decoration\" rel=\"nofollow noopener\" target=\"_blank\">Como cont\u00f3 FARO<\/a>,<strong> fue hace dos d\u00edas cuando el Celta y el Bayern alcanzaron un acuerdo<\/strong> y ayer mismo rubricaron los papeles para la llegada del malacitano, que aterriz\u00f3 la pasada noche en Santiago. Tras tocar tierras gallegas, lo llevaron en coche a Vigo, ya de madrugada.<\/p>\n<p class=\"ft-text\"><a href=\"https:\/\/www.farodevigo.es\/celta-de-vigo\/2025\/07\/30\/bryan-zaragoza-llega-vigo-hoy-120182542.html\" class=\"ft-link ft-link--decoration\" rel=\"nofollow noopener\" target=\"_blank\"><strong>\u00abEstoy bien, pero me falta un poco\u00bb,<\/strong><\/a><a href=\"https:\/\/www.farodevigo.es\/celta-de-vigo\/2025\/07\/30\/bryan-zaragoza-llega-vigo-hoy-120182542.html\" class=\"ft-link ft-link--decoration\" rel=\"nofollow noopener\" target=\"_blank\"> revel\u00f3 el joven a los micr\u00f3fonos de la Televisi\u00f3n de Galicia.<\/a> Con el conjunto pamplonica, sum\u00f3 27 partidos en LaLiga y uno en Copa del Rey con un gol y seis asistencias en la competici\u00f3n dom\u00e9stica, si bien es cierto que <strong>sufri\u00f3 dos lesiones<\/strong>: la fractura del quinto metatarsiano en su pie bueno, el derecho, que lo alej\u00f3 de los terrenos casi dos meses; y una dolencia en el m\u00fasculo isquiotibial de la pierna diestra que lo fren\u00f3 durante 31 d\u00edas.<\/p>\n<p class=\"ft-text\">Tras firmar su nuevo contrato, el deportista subi\u00f3 un &#8216;post&#8217; a Instagram con varias im\u00e1genes en A Sede y un mensaje -con emoticono de la bandera europea- que ha buscado enamorar a la parroquia celeste. \u00abRepresentar el nombre de Vigo y Galicia por toda Europa con el Celta es un lujo que muchos querr\u00edan. Por eso, <strong>afronto la temporada con las ganas y responsabilidad que conlleva este reto\u00bb, coment\u00f3. <\/strong><\/p>\n<blockquote class=\"ft-mol-quote\" data-aida-quote=\"\"><p>\u00abRepresentar el nombre de Vigo y Galicia por toda Europa con el Celta es un lujo que muchos querr\u00edan\u00bb<\/p><\/blockquote>\n<p class=\"ft-text\">A rengl\u00f3n seguido, a\u00f1adi\u00f3 otra de sus ansias, la de<strong> \u00abconocer\u00bb la ciudad de la que le \u00abhan hablado tan bien\u00bb<\/strong>: \u00abPoder conocer vuestra cultura y sentir la &#8216;Oliveira dos cen anos&#8217; en primera persona. Os veo muy pronto por Abanca Bala\u00eddos. \u00a1\u00a1Imos Celta!!\u00bb.<\/p>\n<p>El Celta tira de meme<\/p>\n<p class=\"ft-text\">El club vigu\u00e9s anunci\u00f3 esta esperada incorporaci\u00f3n a trav\u00e9s de dos peculiares v\u00eddeos en redes sociales. En el primero, <a href=\"https:\/\/x.com\/RCCelta\/status\/1950615280419307721\" class=\"ft-link ft-link--decoration\" rel=\"nofollow\">mediante una amalgama de cortes televisivos y cinematogr\u00e1ficos con un final revelador<\/a>: suena el nombre de Bryan en narraciones futbol\u00edsticas. En el segundo, siguiendo la broma que ha imperado \u00faltimamente en la red X, crearon un contenido audiovisual adaptando la introducci\u00f3n de los dibujos animados &#8216;Phineas y Ferb&#8217; por el supuesto parecido del futbolista de 23 a\u00f1os con el propio Phineas Flynn.<\/p>\n<p class=\"ft-text\">Zaragoza se suma, as\u00ed, a Ferran Jutgl\u00e0 y Ionut Radu -adem\u00e1s de la compra de Ilaix Moriba- <a href=\"https:\/\/www.farodevigo.es\/celta-de-vigo\/2025\/07\/29\/celta-progresa-frentes-120146925.html\" class=\"ft-link ft-link--decoration\" rel=\"nofollow noopener\" target=\"_blank\">en el apartado de altas<\/a> para una ilusionante temporada que se iniciar\u00e1 el 17 de agosto ante el Getafe en Bala\u00eddos. Por otro lado, han causado baja hasta el momento <a href=\"https:\/\/www.farodevigo.es\/deportes\/2025\/07\/30\/perro-muerde-genitales-carles-perez-aris-salonica-celta-vigo-120206483.html\" class=\"ft-link ft-link--decoration\" rel=\"nofollow noopener\" target=\"_blank\">Carles P\u00e9rez (cedido al Aris de Grecia)<\/a>, Manu S\u00e1nchez (en pr\u00e9stamo al Levante) y Unai N\u00fa\u00f1ez (igualmente como cesi\u00f3n al Verona).<\/p>\n<p class=\"ft-text\"><strong>En el limbo, Borja Iglesias y Joseph Aidoo. <\/strong>El primero es jugador del Betis y el Celta busca que regrese otro a\u00f1o m\u00e1s a Vigo tras una temporada 2024\/2025 de ensue\u00f1o para el &#8216;picheleiro&#8217;. El ghan\u00e9s, en principio, no cuenta para Claudio Gir\u00e1ldez y se le estar\u00eda buscando una salida.<\/p>\n","protected":false},"excerpt":{"rendered":"El culebr\u00f3n Bryan Zaragoza ha llegado a su fin. El celtismo puede respirar tranquilo tras varias semanas deshojando&hellip;\n","protected":false},"author":2,"featured_media":15302,"comment_status":"","ping_status":"","sticky":false,"template":"","format":"standard","meta":{"footnotes":""},"categories":[268],"tags":[10168,1726,290,1727,168,25,24,1750,280,282,1964,281,23,167,1274,491],"class_list":{"0":"post-15301","1":"post","2":"type-post","3":"status-publish","4":"format-standard","5":"has-post-thumbnail","7":"category-futbol","8":"tag-bryan","9":"tag-bryan-zaragoza","10":"tag-celta","11":"tag-celta-de-vigo","12":"tag-deportes","13":"tag-es","14":"tag-espana","15":"tag-ficha","16":"tag-football","17":"tag-futbol","18":"tag-mercado-de-fichajes","19":"tag-soccer","20":"tag-spain","21":"tag-sports","22":"tag-vigo","23":"tag-zaragoza"},"share_on_mastodon":{"url":"","error":""},"_links":{"self":[{"href":"https:\/\/www.europesays.com\/es\/wp-json\/wp\/v2\/posts\/15301","targetHints":{"allow":["GET"]}}],"collection":[{"href":"https:\/\/www.europesays.com\/es\/wp-json\/wp\/v2\/posts"}],"about":[{"href":"https:\/\/www.europesays.com\/es\/wp-json\/wp\/v2\/types\/post"}],"author":[{"embeddable":true,"href":"https:\/\/www.europesays.com\/es\/wp-json\/wp\/v2\/users\/2"}],"replies":[{"embeddable":true,"href":"https:\/\/www.europesays.com\/es\/wp-json\/wp\/v2\/comments?post=15301"}],"version-history":[{"count":0,"href":"https:\/\/www.europesays.com\/es\/wp-json\/wp\/v2\/posts\/15301\/revisions"}],"wp:featuredmedia":[{"embeddable":true,"href":"https:\/\/www.europesays.com\/es\/wp-json\/wp\/v2\/media\/15302"}],"wp:attachment":[{"href":"https:\/\/www.europesays.com\/es\/wp-json\/wp\/v2\/media?parent=15301"}],"wp:term":[{"taxonomy":"category","embeddable":true,"href":"https:\/\/www.europesays.com\/es\/wp-json\/wp\/v2\/categories?post=15301"},{"taxonomy":"post_tag","embeddable":true,"href":"https:\/\/www.europesays.com\/es\/wp-json\/wp\/v2\/tags?post=15301"}],"curies":[{"name":"wp","href":"https:\/\/api.w.org\/{rel}","templated":true}]}}