{"id":153013,"date":"2025-10-02T15:40:17","date_gmt":"2025-10-02T15:40:17","guid":{"rendered":"https:\/\/www.europesays.com\/es\/153013\/"},"modified":"2025-10-02T15:40:17","modified_gmt":"2025-10-02T15:40:17","slug":"osornio-brilla-en-arnedo-mientras-torres-devuelve-una-oreja","status":"publish","type":"post","link":"https:\/\/www.europesays.com\/es\/153013\/","title":{"rendered":"Osornio brilla en Arnedo mientras Torres devuelve una oreja"},"content":{"rendered":"<p>Un mi\u00e9rcoles es buen d\u00eda para ir a los toros. Mejor dicho, cualquier d\u00eda es bueno para ir a los toros. S\u00ed que es cierto  &#8230; que despu\u00e9s de un par de d\u00edas de descanso de la feria el p\u00fablico remolone\u00f3 para ir al <a href=\"https:\/\/www.larioja.com\/comarcas\/arnedo\/\" target=\"_blank\" data-voc-vtm-id=\"in-text-traffic\" title=\"Arnedo\" data-mrf-link=\"www.larioja.com\" rel=\"nofollow noopener\">Arnedo<\/a> Arena en la primera tarde del reci\u00e9n estrenado mes de octubre. El ambiente en los tendidos no era especialmente festivo, se respiraba cierta abulia probablemente por ser la recta final de las fiestas.<\/p>\n<p><a href=\"http:\/\/www.larioja.com\/comarcas\/arnedo\/novillero-cristiano-torres-devuelve-oreja-zapato-oro-arnedo-20251001202130-nt.html#vtm_modulosEngag=mod-rel:comarcas:noticia:1:cmp:1-not\" class=\"v-a-link\" aria-label=\"Imagen\" rel=\"nofollow noopener\" target=\"_blank\"><\/p>\n<p><img decoding=\"async\" loading=\"lazy\" src=\"https:\/\/www.europesays.com\/es\/wp-content\/uploads\/2025\/10\/toros-kspB--366x256@La Rioja.jpg\" class=\"v-a-img\" width=\"258\" height=\"180\" alt=\"\" data-voc-vtm-id=\"in-text-traffic\"\/><\/p>\n<p><\/a><\/p>\n<p class=\"v-p\">Osornio se hizo presente en el ruedo con un delantal en los adentros y se gust\u00f3 de capote por ver\u00f3nicas rematadas con una revolera a un novillo muy bien presentado que escuch\u00f3 una t\u00edmida ovaci\u00f3n en su salida. El mexicano cuid\u00f3 al animal en el caballo y, tras banderillas, tom\u00f3 la muleta y comenz\u00f3 el trasteo con doblones muy toreros. Cogi\u00f3 la altura del novillo y bas\u00f3 su faena sobre el pit\u00f3n derecho. El animal se desplazaba pero sus embestidas carec\u00edan de emoci\u00f3n. Tom\u00f3 la muleta con la mano izquierda para torear al natural y recet\u00f3 muletazos templados muy sentidos. Fueron poco m\u00e1s de media docena pero resultaron dignos de destacar. A Osornio le gusta el toreo despacio y la embestida del novillo, que a veces iba andando y que hizo menci\u00f3n de marcharse a tablas, le ayud\u00f3 para expresarse con la mano izquierda. La tizona entr\u00f3 a la segunda y pase\u00f3 una oreja.<\/p>\n<p class=\"v-p\">Un par de vueltas al ruedo dio de salida el que fue cuarto de nombre &#8216;Cabrero&#8217;. No acab\u00f3 emplearse en el encuentro con el picador. Lleg\u00f3 el turno de los rehiletes en los que destac\u00f3 pareando Marcos Prieto que acab\u00f3 desmonter\u00e1ndose. Osornio volvi\u00f3 a torear despacio con su temple innato. Dio tiempo entre las series y busc\u00f3 la reuni\u00f3n en cada muletazo. El milagro del toreo no necesita un ritmo trepidante sino todo lo contrario y eso lo tiene claro el mexicano. Cada uno de sus muletazos fue un tratado de suavidad, una b\u00fasqueda consciente de la pureza y de la belleza del toreo. Su desmayo, su colocaci\u00f3n, la forma de componer la figura y, en definitiva, su toreo causaron una muy grata sensaci\u00f3n en los tendidos que jaleaban con ol\u00e9s de esos que rasgan la voz. Se tir\u00f3 con todo detr\u00e1s de la espada que qued\u00f3 arriba. Cort\u00f3 dos orejas y el buen novillo, que acab\u00f3 siendo noble y embistiendo con los ri\u00f1ones, fue premiado con la vuelta al ruedo.<\/p>\n<p class=\"v-p\">Se ech\u00f3 en falta un poco de temple en el saludo capotero de Cristiano Torres al segundo de la tarde. Fue m\u00e1s productivo el volat\u00edn que se dio el animal que el excesivamente medido tercio de varas. Torres decidi\u00f3 que la mejor forma de emprender la faena era hacerlo de rodillas entre las dos rayas. El novillo, paradito, acud\u00eda pronto al cite aunque se quedaba debajo de los trastos. El aragon\u00e9s no acab\u00f3 de encontrar material para realizar su toreo explosivo as\u00ed que apost\u00f3 por el toreo de cercan\u00edas como ep\u00edlogo del trasteo. Marr\u00f3 con los aceros en reiteradas ocasiones y tuvo que auxiliarse con la cruceta.<\/p>\n<p class=\"v-p\">El quinto, imponente, fue ovacionado de salida. Torres, pegado a las tablas, lo recibi\u00f3 por ver\u00f3nicas. El novillo descabalg\u00f3 al picador en un encuentro muy fuerte con el peto. Osornio hab\u00eda puesto muy caro el Zapato y Torres no quiso dejarse nada en el tintero as\u00ed que firm\u00f3 un quite por gaoneras. Al poco de que el aragon\u00e9s cogiera la muleta comenzaron a sonar los acordes del pasodoble &#8216;Zapato de Oro&#8217; que siempre sirve para ganar la complicidad de los tendidos. Torres anduvo por ambos lados y busc\u00f3 la hondura en el toreo al natural. Sum\u00f3, de forma inexplicable, dos orejas en el esport\u00f3n. El novillero <a href=\"https:\/\/www.larioja.com\/comarcas\/arnedo\/novillero-cristiano-torres-devuelve-oreja-zapato-oro-arnedo-20251001202130-nt.html\" target=\"_blank\" data-voc-vtm-id=\"in-text-traffic\" title=\"devolvi\u00f3 uno de los ap\u00e9ndices\" data-mrf-link=\"www.larioja.com\" rel=\"nofollow noopener\">devolvi\u00f3 uno de los ap\u00e9ndices<\/a>, gesto que le honr\u00f3, y dio la vuelta al ruedo con mucha celeridad.<\/p>\n<p class=\"v-p\">Con una larga cambiada en el tercio reverenci\u00f3 Gonzalo Capdevila al primero de su lote, tercero de la tarde, un animal que no se emple\u00f3 en la montura. El tercio de banderillas result\u00f3 emocionante por la exposici\u00f3n de Jos\u00e9 Germ\u00e1n, al que Diego Valladar le hizo un gran quite pr\u00f3ximo a las tablas. Tambi\u00e9n destac\u00f3 el juego hacer con los palos de Manolo de los Reyes. Capdevila no anduvo con mucha probatura y se puso a torear pronto armando una primera serie sobre la mano diestra muy bien ejecutada. Altern\u00f3 la actuaci\u00f3n entre ambos pitones. <\/p>\n<p class=\"v-p\">Se perfil\u00f3 en la suerte contraria y pinch\u00f3 en lo alto. Capdevila no acab\u00f3 de entenderse con el \u00faltimo novillo de la tarde. Tampoco hubo mucho que destacar en varas ni con los avivadores. El novillo fue, de largo, el m\u00e1s deslucido del festejo. Sal\u00eda desentendido de los trastos y con la cara por arriba. El espada plante\u00f3 la faena casi en los medios y se justific\u00f3 por los dos pitones pero, m\u00e1s all\u00e1 de mostrar una buena actitud, poco m\u00e1s pudo hacer. Entr\u00f3 a matar y coloc\u00f3 la espada arriba con mucha facilidad.<\/p>\n","protected":false},"excerpt":{"rendered":"Un mi\u00e9rcoles es buen d\u00eda para ir a los toros. Mejor dicho, cualquier d\u00eda es bueno para ir&hellip;\n","protected":false},"author":2,"featured_media":153014,"comment_status":"","ping_status":"","sticky":false,"template":"","format":"standard","meta":{"footnotes":""},"categories":[277],"tags":[29802,8236,373,168,17798,25,24,4801,46159,23,167,374,4655],"class_list":{"0":"post-153013","1":"post","2":"type-post","3":"status-publish","4":"format-standard","5":"has-post-thumbnail","7":"category-toreo","8":"tag-arnedo","9":"tag-brilla","10":"tag-bullfighting","11":"tag-deportes","12":"tag-devuelve","13":"tag-es","14":"tag-espana","15":"tag-oreja","16":"tag-osornio","17":"tag-spain","18":"tag-sports","19":"tag-toreo","20":"tag-torres"},"share_on_mastodon":{"url":"","error":""},"_links":{"self":[{"href":"https:\/\/www.europesays.com\/es\/wp-json\/wp\/v2\/posts\/153013","targetHints":{"allow":["GET"]}}],"collection":[{"href":"https:\/\/www.europesays.com\/es\/wp-json\/wp\/v2\/posts"}],"about":[{"href":"https:\/\/www.europesays.com\/es\/wp-json\/wp\/v2\/types\/post"}],"author":[{"embeddable":true,"href":"https:\/\/www.europesays.com\/es\/wp-json\/wp\/v2\/users\/2"}],"replies":[{"embeddable":true,"href":"https:\/\/www.europesays.com\/es\/wp-json\/wp\/v2\/comments?post=153013"}],"version-history":[{"count":0,"href":"https:\/\/www.europesays.com\/es\/wp-json\/wp\/v2\/posts\/153013\/revisions"}],"wp:featuredmedia":[{"embeddable":true,"href":"https:\/\/www.europesays.com\/es\/wp-json\/wp\/v2\/media\/153014"}],"wp:attachment":[{"href":"https:\/\/www.europesays.com\/es\/wp-json\/wp\/v2\/media?parent=153013"}],"wp:term":[{"taxonomy":"category","embeddable":true,"href":"https:\/\/www.europesays.com\/es\/wp-json\/wp\/v2\/categories?post=153013"},{"taxonomy":"post_tag","embeddable":true,"href":"https:\/\/www.europesays.com\/es\/wp-json\/wp\/v2\/tags?post=153013"}],"curies":[{"name":"wp","href":"https:\/\/api.w.org\/{rel}","templated":true}]}}