{"id":153021,"date":"2025-10-02T15:45:13","date_gmt":"2025-10-02T15:45:13","guid":{"rendered":"https:\/\/www.europesays.com\/es\/153021\/"},"modified":"2025-10-02T15:45:13","modified_gmt":"2025-10-02T15:45:13","slug":"la-sorpresiva-salida-de-un-piloto-de-mclaren-que-podria-dar-un-giro-a-la-grilla-de-la-formula-1-para-2026","status":"publish","type":"post","link":"https:\/\/www.europesays.com\/es\/153021\/","title":{"rendered":"La sorpresiva salida de un piloto de McLaren que podr\u00eda dar un giro a la grilla de la F\u00f3rmula 1 para 2026"},"content":{"rendered":"<p><img alt=\"Alex Dunne, una de las\" class=\"global-image\" decoding=\"async\" fetchpriority=\"high\" height=\"1080\" loading=\"eager\" src=\"https:\/\/www.europesays.com\/es\/wp-content\/uploads\/2025\/10\/BJM6M2EYFZHYZO6BZFEKXGW37E.jpg\" width=\"1920\"\/>Alex Dunne, una de las figuras de la F\u00f3rmula 2, dej\u00f3 sorpresivamente McLaren y suena como fichaje de Red Bull (Foto: @alexdunneracing)<\/p>\n<p class=\"paragraph\">El anuncio de <b>McLaren <\/b>podr\u00eda ser uno m\u00e1s de tantos movimientos m\u00ednimos que se dan en las escuder\u00edas con los distintos corredores que se est\u00e1n formando en las academias de los equipos de <b>F\u00f3rmula 1<\/b> para pelear por llegar a la M\u00e1xima en el futuro. Pero el adi\u00f3s sorpresivo de <b>Alex Dunne<\/b> no parece estar en ese marco de intrascendencia y debe ser le\u00eddo entre l\u00edneas como un giro que podr\u00eda impactar de lleno en el <b>mapa de pilotos de la F1 en 2026<\/b>.<\/p>\n<p class=\"paragraph\">Este jueves, <a rel=\"noopener noreferrer nofollow\" href=\"https:\/\/www.infobae.com\/deportes\/2025\/09\/30\/franco-colapinto-correra-el-gran-premio-de-singapur-de-formula-1-este-fin-de-semana-dias-horarios-y-toda-la-actividad\/\" target=\"_blank\" title=\"https:\/\/www.infobae.com\/deportes\/2025\/09\/30\/franco-colapinto-correra-el-gran-premio-de-singapur-de-formula-1-este-fin-de-semana-dias-horarios-y-toda-la-actividad\/\">a horas del Gran Premio de Singapur de F1<\/a> y con dos fechas de F\u00f3rmula 2 por delante todav\u00eda, <b>McLaren y Dunne informaron que terminaron con efecto inmediato el contrato que los un\u00eda en la Academia de formaci\u00f3n de pilotos<\/b>. La pregunta que se instal\u00f3 r\u00e1pidamente, apoyada por el sugerente posteo del irland\u00e9s, es si esta decisi\u00f3n veloz significa que el a\u00f1o que viene estar\u00e1 con un <a rel=\"noopener noreferrer nofollow\" href=\"https:\/\/www.infobae.com\/deportes\/2025\/09\/28\/red-bull-podria-revolucionar-el-mapa-de-pilotos-de-la-formula-1-para-2026-con-la-llegada-de-un-piloto-de-mclaren\/\" target=\"_blank\" title=\"https:\/\/www.infobae.com\/deportes\/2025\/09\/28\/red-bull-podria-revolucionar-el-mapa-de-pilotos-de-la-formula-1-para-2026-con-la-llegada-de-un-piloto-de-mclaren\/\">traje de Red Bull<\/a>.<\/p>\n<p class=\"paragraph\">\u201c<b>McLaren Racing ha finalizado su contrato con Alex Dunne<\/b>, miembro del Programa de Desarrollo de Pilotos de McLaren. Ha sido un placer trabajar con Alex durante el \u00faltimo a\u00f1o y contribuir a su crecimiento como piloto. Le deseamos a Alex todo lo mejor para su futura carrera\u201d, detall\u00f3 el team que domina la temporada de F1 y hoy tiene como figuras a <b>Oscar Piastri<\/b> y <b>Lando Norris<\/b>.<\/p>\n<p class=\"paragraph\">\u201cDesde hoy he decidido mutuamente separarme del programa de desarrollo de conductores McLaren. Me gustar\u00eda agradecer a cada individuo en McLaren que me ha ayudado a desarrollar y mejorar como conductor, tener mi primera oportunidad de conducir un coche de F1 seguido de dos sesiones de FP1 es algo que siempre mantendr\u00e9 muy cerca de mi coraz\u00f3n, les deseo todo lo mejor para el futuro. Gracias familia Papaya. Todav\u00eda quedan dos rondas importantes en las que centrarse este a\u00f1o, <b>muy emocionado por lo que est\u00e1 por venir<\/b>\u201d, se\u00f1al\u00f3 en sus redes el irland\u00e9s de 19 a\u00f1os. En sus Stories de Instagram, comparti\u00f3 el posteo e insisti\u00f3: <b>\u201cEsperando con ilusi\u00f3n lo que est\u00e1 por venir\u201d<\/b>.<\/p>\n<p><img alt=\"Dunne confirm\u00f3 su salida de\" class=\"global-image\" decoding=\"async\" fetchpriority=\"low\" height=\"1397\" loading=\"lazy\" src=\"https:\/\/www.europesays.com\/es\/wp-content\/uploads\/2025\/10\/DM4XXVYS3BHR5EEALAJA5OOCPI.jpg\" width=\"1920\"\/>Dunne confirm\u00f3 su salida de McLaren y abri\u00f3 las preguntas sobre su futuro en el posteo que realiz\u00f3 (Foto: @alexdunneracing)<\/p>\n<p class=\"paragraph\">Lo cierto es que Dunne ha dado un golpe sobre la mesa en el mundo del automovilismo con un estilo de <a rel=\"noopener noreferrer nofollow\" href=\"https:\/\/www.infobae.com\/deportes\/2025\/05\/25\/caotico-accidente-de-la-formula-2-en-monaco-siete-pilotos-tuvieron-que-abandonar-tras-un-choque-en-la-primera-curva\/\" target=\"_blank\" title=\"https:\/\/www.infobae.com\/deportes\/2025\/05\/25\/caotico-accidente-de-la-formula-2-en-monaco-siete-pilotos-tuvieron-que-abandonar-tras-un-choque-en-la-primera-curva\/\">manejo atrevido y agresivo<\/a> que lo ha hecho quedar en el centro de la escena. Tras quedar 14\u00b0 el a\u00f1o pasado en su debut en la <a rel=\"noopener noreferrer nofollow\" href=\"https:\/\/www.infobae.com\/deportes\/2024\/03\/22\/salvaje-accion-en-la-formula-3-choco-a-un-contrincante-lo-tiro-contra-el-muro-pero-el-castigo-que-le-dieron-abrio-el-debate\/\" target=\"_blank\" title=\"https:\/\/www.infobae.com\/deportes\/2024\/03\/22\/salvaje-accion-en-la-formula-3-choco-a-un-contrincante-lo-tiro-contra-el-muro-pero-el-castigo-que-le-dieron-abrio-el-debate\/\"><b>F\u00f3rmula 3<\/b><\/a> con un MP Motorsport, dio el salto a la F2 para convertirse en una estrella de la divisional.<\/p>\n<p class=\"paragraph\">Al mando de su <b>Rodin Motorsport<\/b> sin dudas que logr\u00f3 llamar la atenci\u00f3n para cosechar cr\u00edticas y elogios. Ubicado en el <b>quinto puesto del Campeonato de Pilotos<\/b> con 130 puntos, que lo dejan a 58 del l\u00edder italiano Leonardo Fornaroli, Dunne sac\u00f3 una amplia distancia en la primera batalla de cada piloto: su compa\u00f1ero de escuder\u00eda, el belga <b>Amaury Cordel<\/b>, apenas suma 3 unidades en su cuarta temporada al mando de un F2.<\/p>\n<p class=\"paragraph\">Con dos triunfos en las 24 carreras que tuvo la divisional hasta el momento, el irland\u00e9s sum\u00f3 <b>dos pr\u00e1cticas libres en la F1 de este a\u00f1o con MCL39<\/b> y dio la talla. En el <b>Gran Premio de Austria<\/b> ocup\u00f3 la butaca de Lando Norris en la FP1 con un resultado espectacular: <a rel=\"noopener noreferrer nofollow\" href=\"https:\/\/www.infobae.com\/deportes\/2025\/06\/27\/franco-colapinto-afrontara-su-quinto-gran-premio-de-formula-1-con-alpine-hora-y-tv\/\" target=\"_blank\" title=\"https:\/\/www.infobae.com\/deportes\/2025\/06\/27\/franco-colapinto-afrontara-su-quinto-gran-premio-de-formula-1-con-alpine-hora-y-tv\/\"><b>qued\u00f3 cuarto apenas por detr\u00e1s de Piastri<\/b><\/a> (a 0.069). Semanas m\u00e1s tarde, el equipo que domina el Campeonato lo subi\u00f3 otra vez a un McLaren pero esta vez en el del australiano: <a rel=\"noopener noreferrer nofollow\" href=\"https:\/\/www.infobae.com\/deportes\/2025\/09\/05\/arranca-la-actividad-del-gran-premio-de-italia-de-formula-1-en-monza-paul-aron-correra-la-primera-practica-en-el-alpine-de-franco-colapinto\/\" target=\"_blank\" title=\"https:\/\/www.infobae.com\/deportes\/2025\/09\/05\/arranca-la-actividad-del-gran-premio-de-italia-de-formula-1-en-monza-paul-aron-correra-la-primera-practica-en-el-alpine-de-franco-colapinto\/\">qued\u00f3 15\u00b0 en el primer entrenamiento del GP de Italia a casi medio segundo de Norris<\/a>.<\/p>\n<p class=\"paragraph\"><b>Dunne hab\u00eda aterrizado en el programa de pilotos de McLaren hace un a\u00f1o<\/b>, pero los enormes resultados de Lando y Oscar hacen dif\u00edcil que pueda dar un salto a las butacas principales en el corto plazo. Sin embargo, el ambiente de la F1 qued\u00f3 sorprendido porque la escuder\u00eda con sede en Woking dej\u00f3 ir a uno de los proyectos m\u00e1s importantes de su programa de pilotos. Esto es algo anormal para los equipos, teniendo en cuenta por ejemplo la presi\u00f3n que ejerci\u00f3 <b>Williams para <\/b><a rel=\"noopener noreferrer nofollow\" href=\"https:\/\/www.infobae.com\/deportes\/2025\/02\/09\/la-clausula-secreta-que-habria-en-el-acuerdo-entre-alpine-y-williams-por-colapinto-no-es-un-adios-para-el\/\" target=\"_blank\" title=\"https:\/\/www.infobae.com\/deportes\/2025\/02\/09\/la-clausula-secreta-que-habria-en-el-acuerdo-entre-alpine-y-williams-por-colapinto-no-es-un-adios-para-el\/\"><b>retener a Franco Colapinto<\/b> en su estructura<\/a> a pesar de no poder darle la titularidad o el <b>conflicto legal que afront\u00f3 <\/b><a rel=\"noopener noreferrer nofollow\" href=\"https:\/\/www.infobae.com\/america\/deportes\/2022\/08\/12\/la-trama-secreta-del-piastrigate-el-escandalo-millonario-que-se-desato-en-la-formula-1-por-un-piloto-que-todavia-no-debuto\/\" target=\"_blank\" title=\"https:\/\/www.infobae.com\/america\/deportes\/2022\/08\/12\/la-trama-secreta-del-piastrigate-el-escandalo-millonario-que-se-desato-en-la-formula-1-por-un-piloto-que-todavia-no-debuto\/\"><b>incluso McLaren cuando Piastri<\/b> dej\u00f3 Alpine<\/a> para recalar en ese equipo a\u00f1os atr\u00e1s.<\/p>\n<p><img alt=\"Dunne qued\u00f3 en libertad con\" class=\"global-image\" decoding=\"async\" fetchpriority=\"low\" height=\"2395\" loading=\"lazy\" src=\"https:\/\/www.europesays.com\/es\/wp-content\/uploads\/2025\/10\/HOFOSSEUBVBNHPYQBECP4TFTFM.jpg\" width=\"1920\"\/>Dunne qued\u00f3 en libertad con efecto inmediato (Foto: @McLarenF1)<\/p>\n<p class=\"paragraph\">El medio especializado Motorsport asegur\u00f3 que suena \u201cprematuro\u201d poner a Dunne como integrante del team <b>Red Bull<\/b>, aunque advirtieron que el asesor Helmut Marko lo tiene en la mira: <b>\u201cNo es ning\u00fan secreto que Dunne ha sido uno de los pilotos con los que el austriaco ha tenido conversaciones preliminares\u201d<\/b>.<\/p>\n<p class=\"paragraph\">Si bien nadie se anima a dar nada por cerrado, el mensaje del rookie irland\u00e9s hace creer que puede existir un acuerdo con un <b>Red Bull<\/b> que s\u00f3lo tiene definido a <b>Max Verstappen<\/b> para el 2026 y <a rel=\"noopener noreferrer nofollow\" href=\"https:\/\/www.infobae.com\/deportes\/2025\/09\/30\/la-formula-1-analizo-a-los-cuatro-candidatos-a-ser-companeros-de-max-verstappen-en-red-bull-durante-2026\/\" target=\"_blank\" title=\"https:\/\/www.infobae.com\/deportes\/2025\/09\/30\/la-formula-1-analizo-a-los-cuatro-candidatos-a-ser-companeros-de-max-verstappen-en-red-bull-durante-2026\/\">a\u00fan <b>mantiene las preguntas sobre las otras tres butacas disponibles<\/b><\/a>.<\/p>\n<p class=\"paragraph\">Actualmente, se cree que <a rel=\"noopener noreferrer nofollow\" href=\"https:\/\/www.infobae.com\/deportes\/2025\/09\/19\/red-bull-tendria-decidido-quien-sera-el-proximo-companero-de-verstappen-en-la-formula-1-ya-no-es-ningun-secreto\/\" target=\"_blank\" title=\"https:\/\/www.infobae.com\/deportes\/2025\/09\/19\/red-bull-tendria-decidido-quien-sera-el-proximo-companero-de-verstappen-en-la-formula-1-ya-no-es-ningun-secreto\/\"><b>Isack Hadjar<\/b> dar\u00e1 el salto al equipo principal<\/a> del energizante para ser compa\u00f1ero del neerland\u00e9s. En ese contexto, <b>Racing Bulls<\/b> deber\u00e1 definir si asciende al preferido de la Academia de Pilotos, <b>Arvid Lindblad<\/b>, al mismo tiempo que tiene que tomar decisiones sobre el futuro de <b>Yuki Tsunoda<\/b> y <b>Liam Lawson<\/b>. \u00bfHabr\u00e1 un lugar para Dunne en estos movimientos?<\/p>\n<p class=\"paragraph\">\u201cEl inter\u00e9s fugaz de Red Bull en Franco Colapinto a finales de la temporada pasada demuestra que siempre est\u00e1 dispuesto a mantener sus opciones abiertas y no descartar alternativas externas, incluso si la preferencia es promocionar desde dentro. <b>Marko tambi\u00e9n ha mantenido conversaciones con Dunne y su equipo en los \u00faltimos meses antes de tomar una decisi\u00f3n final a finales de octubre<\/b>\u201d, analiz\u00f3 el cronista Filip Cleeren en el portal especializado del mundo motor.<\/p>\n<p class=\"paragraph\">Al mismo tiempo, aseguran que esta partida de Alex no est\u00e1 estrictamente vinculado a un acuerdo con Red Bull y tiene como ra\u00edz un desentendimiento contractual con su ahora ex equipo: <b>\u201cSe entiende que McLaren y Dunne manten\u00edan conversaciones sobre su futuro y, tras el rechazo de la \u00faltima oferta del equipo por parte del irland\u00e9s, McLaren decidi\u00f3 terminar la relaci\u00f3n\u201d<\/b>.<\/p>\n<p><img alt=\"El comunicado de McLaren (Foto:\" class=\"global-image\" decoding=\"async\" fetchpriority=\"low\" height=\"1080\" loading=\"lazy\" src=\"https:\/\/www.europesays.com\/es\/wp-content\/uploads\/2025\/10\/3KF6BIWRZ5FVPIEJH5JKYSWRUA.jpg\" width=\"1920\"\/>El comunicado de McLaren (Foto: @McLarenF1)<\/p>\n<p class=\"paragraph\">El mapa de pilotos de la <b>F\u00f3rmula 1<\/b> para el <b>2026 <\/b>tiene unos pocos espacios vac\u00edos hasta el momento. Mercedes, que en las \u00faltimas horas <a rel=\"noopener noreferrer nofollow\" href=\"https:\/\/www.infobae.com\/deportes\/2025\/10\/01\/tras-los-rumores-con-alpine-mercedes-confirmo-a-uno-de-sus-pilotos-titulares-para-el-2026-todas-las-historias-son-falsas\/\" target=\"_blank\" title=\"https:\/\/www.infobae.com\/deportes\/2025\/10\/01\/tras-los-rumores-con-alpine-mercedes-confirmo-a-uno-de-sus-pilotos-titulares-para-el-2026-todas-las-historias-son-falsas\/\">adelant\u00f3 que respaldar\u00e1 a <b>Andrea Kimi Antonelli<\/b> como titular<\/a>, debe cerrar la renovaci\u00f3n de <b>George Russell<\/b>, aunque se espera que tarde o temprano ese tema se har\u00e1 oficial.<\/p>\n<p class=\"paragraph\">Alpine mantiene firmes las chances de retener a <b>Colapinto <\/b>como titular y se cree que <b>Flavio Briatore<\/b> lo formalizar\u00e1 en las pr\u00f3ximas semanas si no hay alg\u00fan cambio de \u00faltima hora. De todos modos, el italiano hab\u00eda adelantado que la <a rel=\"noopener noreferrer nofollow\" href=\"https:\/\/www.infobae.com\/deportes\/2025\/09\/19\/flavio-briatore-termino-con-los-rumores-y-conto-cual-es-el-unico-que-piloto-que-compite-con-franco-colapinto-por-la-titularidad-de-alpine-en-2026\/\" target=\"_blank\" title=\"https:\/\/www.infobae.com\/deportes\/2025\/09\/19\/flavio-briatore-termino-con-los-rumores-y-conto-cual-es-el-unico-que-piloto-que-compite-con-franco-colapinto-por-la-titularidad-de-alpine-en-2026\/\">decisi\u00f3n ser\u00e1 entre el argentino o el reserva <b>Paul Aron<\/b><\/a>.<\/p>\n<p class=\"paragraph\">En ese panorama, s\u00f3lo quedan por definir los asientos disponibles en la estructura de <b>Red Bull<\/b> y su sat\u00e9lite <b>Racing Bulls<\/b>. Los resultados en las pr\u00f3ximas carreras aparecen como fundamentales para esa decisi\u00f3n, m\u00e1s all\u00e1 que la inesperada libertad de <b>Dunne <\/b>podr\u00eda tentar a distintos equipos a evaluar sus movimientos para apostar por uno de los corredores que aparece como nuevo talento del automovilismo.<\/p>\n<p><img alt=\"Las butacas de la F\u00f3rmula\" class=\"global-image\" decoding=\"async\" fetchpriority=\"low\" height=\"1080\" loading=\"lazy\" src=\"https:\/\/www.europesays.com\/es\/wp-content\/uploads\/2025\/10\/VQKP2QYVO5G2FA3Z735A4UFZ2Y.jpg\" width=\"1920\"\/>Las butacas de la F\u00f3rmula 1 que todav\u00eda no fueron confirmadas de cara al 2026<\/p>\n","protected":false},"excerpt":{"rendered":"Alex Dunne, una de las figuras de la F\u00f3rmula 2, dej\u00f3 sorpresivamente McLaren y suena como fichaje de&hellip;\n","protected":false},"author":2,"featured_media":153022,"comment_status":"","ping_status":"","sticky":false,"template":"","format":"standard","meta":{"footnotes":""},"categories":[270],"tags":[168,25,24,306,271,272,23,167],"class_list":{"0":"post-153021","1":"post","2":"type-post","3":"status-publish","4":"format-standard","5":"has-post-thumbnail","7":"category-formula-1","8":"tag-deportes","9":"tag-es","10":"tag-espana","11":"tag-f1","12":"tag-formula-1","13":"tag-formula1","14":"tag-spain","15":"tag-sports"},"share_on_mastodon":{"url":"","error":""},"_links":{"self":[{"href":"https:\/\/www.europesays.com\/es\/wp-json\/wp\/v2\/posts\/153021","targetHints":{"allow":["GET"]}}],"collection":[{"href":"https:\/\/www.europesays.com\/es\/wp-json\/wp\/v2\/posts"}],"about":[{"href":"https:\/\/www.europesays.com\/es\/wp-json\/wp\/v2\/types\/post"}],"author":[{"embeddable":true,"href":"https:\/\/www.europesays.com\/es\/wp-json\/wp\/v2\/users\/2"}],"replies":[{"embeddable":true,"href":"https:\/\/www.europesays.com\/es\/wp-json\/wp\/v2\/comments?post=153021"}],"version-history":[{"count":0,"href":"https:\/\/www.europesays.com\/es\/wp-json\/wp\/v2\/posts\/153021\/revisions"}],"wp:featuredmedia":[{"embeddable":true,"href":"https:\/\/www.europesays.com\/es\/wp-json\/wp\/v2\/media\/153022"}],"wp:attachment":[{"href":"https:\/\/www.europesays.com\/es\/wp-json\/wp\/v2\/media?parent=153021"}],"wp:term":[{"taxonomy":"category","embeddable":true,"href":"https:\/\/www.europesays.com\/es\/wp-json\/wp\/v2\/categories?post=153021"},{"taxonomy":"post_tag","embeddable":true,"href":"https:\/\/www.europesays.com\/es\/wp-json\/wp\/v2\/tags?post=153021"}],"curies":[{"name":"wp","href":"https:\/\/api.w.org\/{rel}","templated":true}]}}