{"id":153029,"date":"2025-10-02T15:49:21","date_gmt":"2025-10-02T15:49:21","guid":{"rendered":"https:\/\/www.europesays.com\/es\/153029\/"},"modified":"2025-10-02T15:49:21","modified_gmt":"2025-10-02T15:49:21","slug":"las-10-casas-mas-vistas-del-mes-la-fantasia-manchega-de-josie-el-manifiesto-domestico-de-plutarco-y-lo-mejor-de-septiembre-de-2025","status":"publish","type":"post","link":"https:\/\/www.europesays.com\/es\/153029\/","title":{"rendered":"Las 10 casas m\u00e1s vistas del mes: la fantas\u00eda manchega de Josie, el manifiesto dom\u00e9stico de Plutarco\u2026 y lo mejor de septiembre de 2025"},"content":{"rendered":"<p>\u201cPara conocer a la gente hay que ir a su casa\u201d, dilucidaba Goethe. Nuestros hogares hablan de qui\u00e9nes somos, de nuestras filias y fobias y tambi\u00e9n de aquello que queremos proyectar. Pero, a pesar de todo, son muy pocas las viviendas que acaban convirti\u00e9ndose en manifiesto. Villa Josie ha adquirido el estatus, despu\u00e9s de tres largos a\u00f1os de una complej\u00edsima <a href=\"https:\/\/www.revistaad.es\/articulos\/consejos-para-ahorrar-en-una-reforma\" rel=\"nofollow noopener\" target=\"_blank\">reforma,<\/a> de una gran performance vital. <strong>Villa Josie no es una casa cualquiera; es una suerte de \u201cutop\u00eda solariega\u201d, con ciertos \u201caires quijotescos\u201d<\/strong> tambi\u00e9n, como admite su propietario, el televisivo Jos\u00e9 Fern\u00e1ndez-Pacheco, com\u00fanmente conocido como <a href=\"https:\/\/www.instagram.com\/josietv\/\" target=\"_blank\" rel=\"nofollow noopener\">Josie<\/a> \u2013estilista, comunicador y esteta empedernido\u2013, que ha transformado este caser\u00f3n manchego del siglo XVIII (heredado de sus t\u00edas abuelas) en <strong>un templo donde la artesan\u00eda cl\u00e1sica y la contempor\u00e1nea dialogan a la perfecci\u00f3n con un despliegue de mobiliario de estilo alfonsino.<\/strong><\/p>\n<p><script async src=\"\/\/www.instagram.com\/embed.js\"><\/script><\/p>\n","protected":false},"excerpt":{"rendered":"\u201cPara conocer a la gente hay que ir a su casa\u201d, dilucidaba Goethe. Nuestros hogares hablan de qui\u00e9nes&hellip;\n","protected":false},"author":2,"featured_media":153030,"comment_status":"","ping_status":"","sticky":false,"template":"","format":"standard","meta":{"footnotes":""},"categories":[173],"tags":[229,233,231,230,232,234,146,147,25,24,14171,23],"class_list":{"0":"post-153029","1":"post","2":"type-post","3":"status-publish","4":"format-standard","5":"has-post-thumbnail","7":"category-arte-y-diseno","8":"tag-arte","9":"tag-arte-y-diseno","10":"tag-arts","11":"tag-arts-and-design","12":"tag-design","13":"tag-diseno","14":"tag-entertainment","15":"tag-entretenimiento","16":"tag-es","17":"tag-espana","18":"tag-round-up","19":"tag-spain"},"share_on_mastodon":{"url":"","error":""},"_links":{"self":[{"href":"https:\/\/www.europesays.com\/es\/wp-json\/wp\/v2\/posts\/153029","targetHints":{"allow":["GET"]}}],"collection":[{"href":"https:\/\/www.europesays.com\/es\/wp-json\/wp\/v2\/posts"}],"about":[{"href":"https:\/\/www.europesays.com\/es\/wp-json\/wp\/v2\/types\/post"}],"author":[{"embeddable":true,"href":"https:\/\/www.europesays.com\/es\/wp-json\/wp\/v2\/users\/2"}],"replies":[{"embeddable":true,"href":"https:\/\/www.europesays.com\/es\/wp-json\/wp\/v2\/comments?post=153029"}],"version-history":[{"count":0,"href":"https:\/\/www.europesays.com\/es\/wp-json\/wp\/v2\/posts\/153029\/revisions"}],"wp:featuredmedia":[{"embeddable":true,"href":"https:\/\/www.europesays.com\/es\/wp-json\/wp\/v2\/media\/153030"}],"wp:attachment":[{"href":"https:\/\/www.europesays.com\/es\/wp-json\/wp\/v2\/media?parent=153029"}],"wp:term":[{"taxonomy":"category","embeddable":true,"href":"https:\/\/www.europesays.com\/es\/wp-json\/wp\/v2\/categories?post=153029"},{"taxonomy":"post_tag","embeddable":true,"href":"https:\/\/www.europesays.com\/es\/wp-json\/wp\/v2\/tags?post=153029"}],"curies":[{"name":"wp","href":"https:\/\/api.w.org\/{rel}","templated":true}]}}