{"id":153036,"date":"2025-10-02T15:54:33","date_gmt":"2025-10-02T15:54:33","guid":{"rendered":"https:\/\/www.europesays.com\/es\/153036\/"},"modified":"2025-10-02T15:54:33","modified_gmt":"2025-10-02T15:54:33","slug":"borussia-dortmund-athletic-resumen-resultado-y-goles","status":"publish","type":"post","link":"https:\/\/www.europesays.com\/es\/153036\/","title":{"rendered":"Borussia Dortmund &#8211; Athletic: resumen, resultado y goles"},"content":{"rendered":"<p>El <strong>Athletic Club<\/strong> ha luchado, pero ha salido goleado 4-1 en el partido de la segunda jornada de la Champions League ante el <strong>Borussia Dortmund. <\/strong>De esta forma, contin\u00faa la mala racha del equipo bilba\u00edno, que no ha puntuado en esta competici\u00f3n y suma en total seis partidos sin ganar.<\/p>\n<p>El encuentro de este mi\u00e9rcoles ha resultado parad\u00f3jico porque <strong>en la primera parte el Dortmund fue claramente superior y solo marc\u00f3 un gol<\/strong>; sin embargo en la segunda el Athletic jug\u00f3 bien y puso en aprietos al conjunto local, pero acab\u00f3 pagando caro sus errores.<\/p>\n<p>El marcador lo abri\u00f3 <strong>Daniel Svensson <\/strong>antes de la media hora de juego despu\u00e9s de que <strong>Karim Adeyemi <\/strong>ganara la espalda a la defensa y le asistiera. En los primeros compases de la segunda parte, Carney Chukwuemeka ampli\u00f3 la ventaja en una acci\u00f3n en la que sac\u00f3 un disparo ante Andoni Gorosabel.<\/p>\n<p>Sin embargo, <strong>el Athletic reaccion\u00f3 y Gorka Guruzeta marc\u00f3 el 2-1<\/strong> al aprovechar un doble rechace dentro del \u00e1rea. El equipo de Ernesto Valverde fue a m\u00e1s y estuvo cerca de empatar. <\/p>\n<p>Cuando lo que parec\u00eda aproximarse al Westfalstadion era esa igualada bilba\u00edna llegaron los dos \u00faltimos tantos locales, de Serhou Guirassy y Julian Brandt, para dejar un resultado que no explica en su dimensi\u00f3n lo ocurrido. <\/p>\n<p>Las <strong>esperanzas de los visitantes las cort\u00f3 de ra\u00edz el 3-1 en el minuto 82 <\/strong>con un disparo de <strong>Marcel Sabitzer <\/strong>&#8211;a la postre elegido MVP del partido&#8211; que acab\u00f3 rebotado en la red de Unai Sim\u00f3n. Ya en el tiempo de prolongaci\u00f3n, Julian Brandt puso el 4-1 definitivo.<\/p>\n<p><strong>Demasiado premio para un Dortmund<\/strong> que por momentos lleg\u00f3 a ser  sobrepasad por el Athletic pero que apunta, con 4 puntos, a la parte alta de la tabla mientras que<strong> el conjunto vizca\u00edno encadena dos derrotas en el inicio de la m\u00e1xima competici\u00f3n europea<\/strong> y empieza a complicarse estar en la siguiente fase al sumar ese 0 de 6 puntos posibles.<\/p>\n<p>Dortmund &#8211; Athletic | Champions<\/p>\n","protected":false},"excerpt":{"rendered":"El Athletic Club ha luchado, pero ha salido goleado 4-1 en el partido de la segunda jornada de&hellip;\n","protected":false},"author":2,"featured_media":153037,"comment_status":"","ping_status":"","sticky":false,"template":"","format":"standard","meta":{"footnotes":""},"categories":[93],"tags":[168,25,24,23,167],"class_list":{"0":"post-153036","1":"post","2":"type-post","3":"status-publish","4":"format-standard","5":"has-post-thumbnail","7":"category-deportes","8":"tag-deportes","9":"tag-es","10":"tag-espana","11":"tag-spain","12":"tag-sports"},"share_on_mastodon":{"url":"","error":""},"_links":{"self":[{"href":"https:\/\/www.europesays.com\/es\/wp-json\/wp\/v2\/posts\/153036","targetHints":{"allow":["GET"]}}],"collection":[{"href":"https:\/\/www.europesays.com\/es\/wp-json\/wp\/v2\/posts"}],"about":[{"href":"https:\/\/www.europesays.com\/es\/wp-json\/wp\/v2\/types\/post"}],"author":[{"embeddable":true,"href":"https:\/\/www.europesays.com\/es\/wp-json\/wp\/v2\/users\/2"}],"replies":[{"embeddable":true,"href":"https:\/\/www.europesays.com\/es\/wp-json\/wp\/v2\/comments?post=153036"}],"version-history":[{"count":0,"href":"https:\/\/www.europesays.com\/es\/wp-json\/wp\/v2\/posts\/153036\/revisions"}],"wp:featuredmedia":[{"embeddable":true,"href":"https:\/\/www.europesays.com\/es\/wp-json\/wp\/v2\/media\/153037"}],"wp:attachment":[{"href":"https:\/\/www.europesays.com\/es\/wp-json\/wp\/v2\/media?parent=153036"}],"wp:term":[{"taxonomy":"category","embeddable":true,"href":"https:\/\/www.europesays.com\/es\/wp-json\/wp\/v2\/categories?post=153036"},{"taxonomy":"post_tag","embeddable":true,"href":"https:\/\/www.europesays.com\/es\/wp-json\/wp\/v2\/tags?post=153036"}],"curies":[{"name":"wp","href":"https:\/\/api.w.org\/{rel}","templated":true}]}}