{"id":153044,"date":"2025-10-02T16:00:09","date_gmt":"2025-10-02T16:00:09","guid":{"rendered":"https:\/\/www.europesays.com\/es\/153044\/"},"modified":"2025-10-02T16:00:09","modified_gmt":"2025-10-02T16:00:09","slug":"llamamiento-telematico-interinos-clm-conservatorio-superior-de-musica-de-ab-solicitud-hasta-6-oct-ste-clm","status":"publish","type":"post","link":"https:\/\/www.europesays.com\/es\/153044\/","title":{"rendered":"LLAMAMIENTO TELEM\u00c1TICO INTERINOS CLM: Conservatorio Superior de M\u00fasica de AB (Solicitud: hasta 6 oct) &#8211; STE-CLM"},"content":{"rendered":"<ol>\n<li><a href=\"https:\/\/news.google.com\/rss\/articles\/CBMiwAFBVV95cUxPYUlFa2JWLXZfN2JVUXc5eGlMOVZqek5wYUR0N3RHNm1DYWlFLWR0QzgzeFFFOEc0VW5sSTBmX1FMeFhEQ0FrZlZVYmNXSi1DTUJhQ3U3YUktbUI2NGxqOGRpMHVDMWZKSGRpdjUtNFRzcTRLWUc5bmh0MzJ1RDh1cmwwNG54aHRkdlFUcW5WdzRvSFRzMnhNQU0zUUJtOVdEZjBDaTJLU3ltSTJOQ0hEdWpPYm5WS3ZvbGVhb0FqQkE?oc=5\" target=\"_blank\" rel=\"nofollow noopener\">LLAMAMIENTO TELEM\u00c1TICO INTERINOS CLM: Conservatorio Superior de M\u00fasica de AB (Solicitud: hasta 6 oct)<\/a>&nbsp;&nbsp;STE-CLM<\/li>\n<li><a href=\"https:\/\/news.google.com\/rss\/articles\/CBMilwJBVV95cUxOT1pDQzRkd08ya3A5VnZUTjRrMnZKdU5ocGpuN1J1SERxM2NCYy0tX3A3WTNtMGdUd3hYaHdwQlRXZ0tHMjdFaE5ocHk1OExCZlZnX0VldC0zNUFTNTVacHBfVy1GYUtRQ1c3N2FYc0JQSnZxS0VEa3BZWkpOWlJQQ2I3X3Z5dDhFdjJnYzJzTjlrMTN4aDdxek1EV3F4MTB1N0xSWWg4Q1VQTUlsUEIyTktLN3Z0WWJqenR5WjNBSjR4OEUyemxoN2pXS1RFVkRzLUFLc2ROMHBYYmk3OU5WZ2lud3BuZUFlT0h6bFUyUGdIRkhvdUdDa0xFVnJqWmVlcmdrV2ZQM3k5ZmxaTVJZX3NPcXU3cU0?oc=5\" target=\"_blank\" rel=\"nofollow noopener\">Oferta de plazas docentes en el Conservatorio Superior de M\u00fasica de Albacete mediante llamamiento p\u00fablico telem\u00e1tico de 02\/10\/20<\/a>&nbsp;&nbsp;ANPE Castilla La Mancha<\/li>\n<li><a href=\"https:\/\/news.google.com\/rss\/articles\/CBMiYkFVX3lxTE5PcmJuN3JXVDlsNGZfVFAyWFlnR2RrWHVKSXZsXzJkSkZWcGpPLU5HVzROeTEwN1NxRGY5azljbGt0Qm5mdWd5bHNZVmRwa2JqOXNJNTV1NjBHc2tRUWUxLWtB?oc=5\" target=\"_blank\" rel=\"nofollow noopener\">Llamamiento telem\u00e1tico de 2 de octubre de 2025: plazas en el CSM de Albacete<\/a>&nbsp;&nbsp;FeSP-UGT Castilla-La Mancha<\/li>\n<\/ol>\n","protected":false},"excerpt":{"rendered":"LLAMAMIENTO TELEM\u00c1TICO INTERINOS CLM: Conservatorio Superior de M\u00fasica de AB (Solicitud: hasta 6 oct)&nbsp;&nbsp;STE-CLM Oferta de plazas docentes&hellip;\n","protected":false},"author":2,"featured_media":153045,"comment_status":"","ping_status":"","sticky":false,"template":"","format":"standard","meta":{"footnotes":""},"categories":[8],"tags":[17,18,25,24,13,14,11,19,20,9,10,15,16,23,12,21,22],"class_list":{"0":"post-153044","1":"post","2":"type-post","3":"status-publish","4":"format-standard","5":"has-post-thumbnail","7":"category-espana","8":"tag-breaking-news","9":"tag-breakingnews","10":"tag-es","11":"tag-espana","12":"tag-featured-news","13":"tag-featurednews","14":"tag-headlines","15":"tag-latest-news","16":"tag-latestnews","17":"tag-news","18":"tag-noticias","19":"tag-noticias-destacadas","20":"tag-noticiasdestacadas","21":"tag-spain","22":"tag-titulares","23":"tag-ultimas-noticias","24":"tag-ultimasnoticias"},"share_on_mastodon":{"url":"","error":""},"_links":{"self":[{"href":"https:\/\/www.europesays.com\/es\/wp-json\/wp\/v2\/posts\/153044","targetHints":{"allow":["GET"]}}],"collection":[{"href":"https:\/\/www.europesays.com\/es\/wp-json\/wp\/v2\/posts"}],"about":[{"href":"https:\/\/www.europesays.com\/es\/wp-json\/wp\/v2\/types\/post"}],"author":[{"embeddable":true,"href":"https:\/\/www.europesays.com\/es\/wp-json\/wp\/v2\/users\/2"}],"replies":[{"embeddable":true,"href":"https:\/\/www.europesays.com\/es\/wp-json\/wp\/v2\/comments?post=153044"}],"version-history":[{"count":0,"href":"https:\/\/www.europesays.com\/es\/wp-json\/wp\/v2\/posts\/153044\/revisions"}],"wp:featuredmedia":[{"embeddable":true,"href":"https:\/\/www.europesays.com\/es\/wp-json\/wp\/v2\/media\/153045"}],"wp:attachment":[{"href":"https:\/\/www.europesays.com\/es\/wp-json\/wp\/v2\/media?parent=153044"}],"wp:term":[{"taxonomy":"category","embeddable":true,"href":"https:\/\/www.europesays.com\/es\/wp-json\/wp\/v2\/categories?post=153044"},{"taxonomy":"post_tag","embeddable":true,"href":"https:\/\/www.europesays.com\/es\/wp-json\/wp\/v2\/tags?post=153044"}],"curies":[{"name":"wp","href":"https:\/\/api.w.org\/{rel}","templated":true}]}}