{"id":153046,"date":"2025-10-02T16:01:11","date_gmt":"2025-10-02T16:01:11","guid":{"rendered":"https:\/\/www.europesays.com\/es\/153046\/"},"modified":"2025-10-02T16:01:11","modified_gmt":"2025-10-02T16:01:11","slug":"un-ataque-en-una-sinagoga-de-reino-unido-durante-la-celebracion-del-yom-kipur-deja-al-menos-2-muertos-y-varios-heridos","status":"publish","type":"post","link":"https:\/\/www.europesays.com\/es\/153046\/","title":{"rendered":"Un ataque en una sinagoga de Reino Unido durante la celebraci\u00f3n del Yom Kipur deja al menos 2 muertos y varios heridos"},"content":{"rendered":"<p><img fetchpriority=\"high\" decoding=\"async\" src=\"https:\/\/www.europesays.com\/es\/wp-content\/uploads\/2025\/10\/b534a420-9f88-11f0-928c-71dbb8619e94.jpg.webp.webp\"   alt=\"Varios feligreses jud\u00edos. \" loading=\"eager\" width=\"6200\" height=\"4030\" style=\"aspect-ratio:6200 \/ 4030\" class=\"bbc-139onq\"\/><\/p>\n<p class=\"bbc-by8ykd\" role=\"text\">Fuente de la imagen, Reuters<\/p>\n<p><strong id=\"article-byline\" aria-hidden=\"true\" class=\"bbc-m04vo2\">Informaci\u00f3n del art\u00edculo<\/strong><\/p>\n<ul class=\"bbc-1rvtlej\">\n<li class=\"bbc-oe8da4\">\n<ul role=\"list\" class=\"bbc-r1yif8\">\n<li>Autor, Paula Rosas<\/li>\n<li>T\u00edtulo del autor,  BBC News Mundo<\/li>\n<\/ul>\n<\/li>\n<li class=\"bbc-1clfxfc\">2 octubre 2025, 12:22 GMT\n<p>Actualizado 10 minutos<\/p>\n<\/li>\n<li class=\"bbc-1clfxfc\"\/><\/ul>\n<p dir=\"ltr\" class=\"bbc-hhl7in e17g058b0\"><b>Dos personas murieron y otras tres tresultaron heridas despu\u00e9s de que un hombre arremetiera con su veh\u00edculo contra un grupo de fieles que asist\u00edan a una ceremonia religiosa en una sinagoga de M\u00e1nchester, en Reino Unido, y luego intentara apu\u00f1alar a varios de ellos.<\/b><\/p>\n<p dir=\"ltr\" class=\"bbc-hhl7in e17g058b0\">El hecho ocurri\u00f3 durante la festividad religiosa del Yom Kipur, el d\u00eda m\u00e1s sagrado para los jud\u00edos.<\/p>\n<p dir=\"ltr\" class=\"bbc-hhl7in e17g058b0\">El sospechoso fue abatido a tiros por la polic\u00eda, que a\u00fan no ha divulgado su identidad por precauci\u00f3n. <\/p>\n<p dir=\"ltr\" class=\"bbc-hhl7in e17g058b0\">El jefe de la polic\u00eda antiterrorista nacional dijo en una conferencia de prensa en Scotland Yard que el ataque hab\u00eda sido declarado un \u00abincidente terrorista\u00bb.<\/p>\n<p dir=\"ltr\" class=\"bbc-hhl7in e17g058b0\">En unas im\u00e1genes del lugar de los hechos se puede ver a un grupo de polic\u00edas que se aleja del hombre abatido en el suelo y gritan: \u00ab\u00a1Tiene una bomba!\u00bb.<\/p>\n<p dir=\"ltr\" class=\"bbc-hhl7in e17g058b0\">Un equipo de expertos se desplaz\u00f3 hasta la zona para comprobar si el sospechoso portaba alg\u00fan material explosivo.<\/p>\n<p dir=\"ltr\" class=\"bbc-hhl7in e17g058b0\">El ataque tuvo lugar en torno a las 9:30, hora local (8:30 GMT) en las inmediaciones de la sinagoga Heaton Park Hebrew Congregation, situada en la zona de Crumpsall, en el norte de M\u00e1nchester. <\/p>\n<p dir=\"ltr\" class=\"bbc-hhl7in e17g058b0\">Se trata de una zona con una importante comunidad jud\u00eda, a unos 6 km del centro de la ciudad.<\/p>\n<p><img decoding=\"async\" src=\"https:\/\/www.europesays.com\/es\/wp-content\/uploads\/2025\/10\/e73eb320-9f88-11f0-88e2-0d84588ac59c.jpg.webp.webp\"   alt=\"Un hombre calvo detr\u00e1s de una verja.\" loading=\"lazy\" width=\"1200\" height=\"675\" style=\"aspect-ratio:1200 \/ 675\" class=\"bbc-139onq\"\/><\/p>\n<p class=\"bbc-by8ykd\" role=\"text\">Fuente de la imagen, Cortes\u00eda<\/p>\n<p>Pie de foto, El sospechoso del ataque, antes de ser abatido por la polic\u00eda.<\/p>\n<p dir=\"ltr\" class=\"bbc-hhl7in e17g058b0\">Para muchos, el momento elegido para el ataque, el d\u00eda m\u00e1s sagrado del calendario jud\u00edo, parece dise\u00f1ado para maximizar el dolor que sienten las comunidades jud\u00edas, explica Aleem Maqbool, editor de Religi\u00f3n de la BBC.<\/p>\n<p dir=\"ltr\" class=\"bbc-hhl7in e17g058b0\">Yom Kipur es un d\u00eda de ayuno y expiaci\u00f3n, y se cree que es el d\u00eda en que Dios sella el destino de cada persona para los a\u00f1os venideros.<\/p>\n<p dir=\"ltr\" class=\"bbc-hhl7in e17g058b0\">Es un d\u00eda solemne en el que est\u00e1 prohibido trabajar y se reserva para la oraci\u00f3n y la reflexi\u00f3n.<\/p>\n<p dir=\"ltr\" class=\"bbc-hhl7in e17g058b0\">Tambi\u00e9n es un d\u00eda en el que muchas personas que no acuden habitualmente a los servicios de la sinagoga lo hacen. Por ello, a menudo se refuerza la seguridad en el Yom Kipur.<\/p>\n<p dir=\"ltr\" class=\"bbc-hhl7in e17g058b0\">El ataque a una sinagoga en Halle, Alemania, en 2019, en el que murieron dos personas, tambi\u00e9n tuvo lugar en Yom Kipur. <\/p>\n<p><img decoding=\"async\" src=\"https:\/\/www.europesays.com\/es\/wp-content\/uploads\/2025\/10\/b040ddf0-9f95-11f0-b741-177e3e2c2fc7.png.webp.webp\"   alt=\"Mapa del lugar de los hechos en M\u00e1nchester. \" loading=\"lazy\" width=\"1600\" height=\"1048\" style=\"aspect-ratio:1600 \/ 1048\" class=\"bbc-139onq\"\/><\/p>\n<p>El testimonio de un testigo<\/p>\n<p dir=\"ltr\" class=\"bbc-hhl7in e17g058b0\">Un testigo identificado como Gareth, que conduc\u00eda su furgoneta de reparto cerca del lugar de los hechos, le dijo a la BBC que vio a un hombre \u00abdesangr\u00e1ndose en el suelo\u00bb.<\/p>\n<p dir=\"ltr\" class=\"bbc-hhl7in e17g058b0\">Seg\u00fan Gareth, vio a otro hombre \u00abtirado en el suelo\u00bb delante de un coche y pudo o\u00edr a gente gritando.<\/p>\n<p dir=\"ltr\" class=\"bbc-hhl7in e17g058b0\">Tambi\u00e9n vio a otra persona, un hombre, con un cuchillo, \u00abintentando entrar\u00bb a un edificio cercano.<\/p>\n<p dir=\"ltr\" class=\"bbc-hhl7in e17g058b0\">\u00abEn cuesti\u00f3n de segundos, lleg\u00f3 la polic\u00eda, le dieron un par de advertencias, \u00e9l no hizo caso, as\u00ed que abrieron fuego\u00bb, explic\u00f3, y a\u00f1adi\u00f3 que el hombre que empu\u00f1aba el cuchillo cay\u00f3 al suelo.<\/p>\n<p dir=\"ltr\" class=\"bbc-hhl7in e17g058b0\">Luego \u00abempez\u00f3 a levantarse y ellos (la polic\u00eda) le dispararon de nuevo\u00bb, asegur\u00f3 Gareth, que describi\u00f3 la escena como \u00abestresante\u00bb.<\/p>\n<p dir=\"ltr\" class=\"bbc-hhl7in e17g058b0\">La polic\u00eda afirma que un gran n\u00famero de personas que se encontraban rezando en la sinagoga en el momento del incidente \u00abfueron retenidas en el interior mientras se garantizaba la seguridad de la zona circundante, pero ya han sido evacuadas\u00bb.<\/p>\n<p><img decoding=\"async\" src=\"https:\/\/www.europesays.com\/es\/wp-content\/uploads\/2025\/10\/afd59d30-9f8e-11f0-b741-177e3e2c2fc7.jpg.webp.webp\"   alt=\"Un grupo de polic\u00edas con casco, equipo de seguridad y fuertemente armados.\" loading=\"lazy\" width=\"2208\" height=\"1472\" style=\"aspect-ratio:2208 \/ 1472\" class=\"bbc-139onq\"\/><\/p>\n<p class=\"bbc-by8ykd\" role=\"text\">Fuente de la imagen, PA<\/p>\n<p>Pie de foto, El primer ministro brit\u00e1nico, Keir Starmer, orden\u00f3 reforzar la seguridad de las sinagogas de todo el pa\u00eds.<\/p>\n<p dir=\"ltr\" class=\"bbc-hhl7in e17g058b0\">El alcalde de M\u00e1nchester, Andy Burnham, ha declarado que \u00abel peligro inmediato parece haber pasado\u00bb.<\/p>\n<p dir=\"ltr\" class=\"bbc-hhl7in e17g058b0\">No obstante, se ha advertido a los ciudadanos que eviten la zona mientras la polic\u00eda se ocupa del incidente. El lugar ha sido acordonado y se ha desplazado al lugar a la polic\u00eda, los bomberos y las ambulancias, adem\u00e1s de helic\u00f3pteros.<\/p>\n<p dir=\"ltr\" class=\"bbc-hhl7in e17g058b0\">Se ha podido ver a miembros de la comunidad jud\u00eda y al p\u00fablico en general reunidos alrededor del lugar del ataque.<\/p>\n<p dir=\"ltr\" class=\"bbc-hhl7in e17g058b0\">El primer ministro brit\u00e1nico, Keir Starmer, que se encontraba en Copenhage para una cumbre europea, regres\u00f3 a Londres cuando se supo la noticia. <\/p>\n<p dir=\"ltr\" class=\"bbc-hhl7in e17g058b0\">Starmer se mostr\u00f3 conmocionado por el ataque y asegur\u00f3 que se desplegar\u00edan \u00abrecursos policiales adicionales\u00bb en las sinagogas de todo el pa\u00eds.<\/p>\n<p dir=\"ltr\" class=\"bbc-hhl7in e17g058b0\">\u00abHaremos todo lo posible para garantizar la seguridad de nuestra comunidad jud\u00eda\u00bb, afirm\u00f3 a los medios.<\/p>\n<p><img decoding=\"async\" src=\"https:\/\/www.europesays.com\/es\/wp-content\/uploads\/2025\/10\/1b6db440-9fa5-11f0-92db-77261a15b9d2.jpg.webp.webp\"   alt=\"Jud\u00edos ortodoxos observan el lugar del ataque a una sinagoga en M\u00e1nchester\" loading=\"lazy\" width=\"1024\" height=\"683\" style=\"aspect-ratio:1024 \/ 683\" class=\"bbc-139onq\"\/><\/p>\n<p class=\"bbc-by8ykd\" role=\"text\">Fuente de la imagen, Getty Images<\/p>\n<p>Pie de foto, El lugar donde ocurri\u00f3 el ataque tiene una alta poblaci\u00f3n de jud\u00edos ortodoxos.<\/p>\n<p>\u00bfQu\u00e9 se sabe del sospechoso?<\/p>\n<p dir=\"ltr\" class=\"bbc-hhl7in e17g058b0\">Se cree conocer la identidad del sospechoso, pero a\u00fan no se puede confirmar \u00abpor razones de seguridad en el lugar de los hechos\u00bb, se\u00f1al\u00f3 el jefe de la polic\u00eda antiterrorista, Laurence Taylor.<\/p>\n<p dir=\"ltr\" class=\"bbc-hhl7in e17g058b0\">Y a\u00f1adi\u00f3 que se realizaron dos arrestos m\u00e1s.<\/p>\n<p dir=\"ltr\" class=\"bbc-hhl7in e17g058b0\">La polic\u00eda indic\u00f3 que se hab\u00eda llamado a una unidad de desactivaci\u00f3n de explosivos al lugar de los hechos, debido a que se sospechaba que el presunto atacante tambi\u00e9n llevaba explosivos en su cuerpo. <\/p>\n<p dir=\"ltr\" class=\"bbc-hhl7in e17g058b0\">La BBC ha verificado que una imagen que supuestamente muestra al atacante fue tomada justo fuera de la valla perimetral del lugar de los hechos el jueves por la ma\u00f1ana.<\/p>\n<p dir=\"ltr\" class=\"bbc-hhl7in e17g058b0\">La apariencia del individuo coincide con la de un hombre que fue abatido por la polic\u00eda en el mismo lugar, seg\u00fan un video verificado por el equipo de la BBC. <\/p>\n<p><img decoding=\"async\" src=\"https:\/\/www.europesays.com\/es\/wp-content\/uploads\/2025\/10\/6180a750-9f8a-11f0-92db-77261a15b9d2.png.webp.webp\"   alt=\"L\u00ednea gris\" loading=\"lazy\" width=\"800\" height=\"100\" style=\"aspect-ratio:800 \/ 100\" class=\"bbc-139onq\"\/><\/p>\n<p dir=\"ltr\" class=\"bbc-hhl7in e17g058b0\"><a href=\"https:\/\/www.bbc.com\/mundo\/send\/u184973209\" class=\"focusIndicatorReducedWidth bbc-n8oauk e1p3sufg0\" rel=\"nofollow noopener\" target=\"_blank\">Suscr\u00edbete aqu\u00ed<\/a> a nuestro nuevo newsletter para recibir cada viernes una selecci\u00f3n de nuestro mejor contenido de la semana.<\/p>\n<p dir=\"ltr\" class=\"bbc-hhl7in e17g058b0\">Y recuerda que puedes recibir notificaciones en nuestra app. Descarga la \u00faltima versi\u00f3n y act\u00edvalas.<\/p>\n","protected":false},"excerpt":{"rendered":"Fuente de la imagen, Reuters Informaci\u00f3n del art\u00edculo Autor, Paula Rosas T\u00edtulo del autor, BBC News Mundo 2&hellip;\n","protected":false},"author":2,"featured_media":153047,"comment_status":"","ping_status":"","sticky":false,"template":"","format":"standard","meta":{"footnotes":""},"categories":[5],"tags":[17,18,25,24,13,14,11,19,20,9,10,15,16,23,12,21,22],"class_list":{"0":"post-153046","1":"post","2":"type-post","3":"status-publish","4":"format-standard","5":"has-post-thumbnail","7":"category-titulares","8":"tag-breaking-news","9":"tag-breakingnews","10":"tag-es","11":"tag-espana","12":"tag-featured-news","13":"tag-featurednews","14":"tag-headlines","15":"tag-latest-news","16":"tag-latestnews","17":"tag-news","18":"tag-noticias","19":"tag-noticias-destacadas","20":"tag-noticiasdestacadas","21":"tag-spain","22":"tag-titulares","23":"tag-ultimas-noticias","24":"tag-ultimasnoticias"},"share_on_mastodon":{"url":"","error":""},"_links":{"self":[{"href":"https:\/\/www.europesays.com\/es\/wp-json\/wp\/v2\/posts\/153046","targetHints":{"allow":["GET"]}}],"collection":[{"href":"https:\/\/www.europesays.com\/es\/wp-json\/wp\/v2\/posts"}],"about":[{"href":"https:\/\/www.europesays.com\/es\/wp-json\/wp\/v2\/types\/post"}],"author":[{"embeddable":true,"href":"https:\/\/www.europesays.com\/es\/wp-json\/wp\/v2\/users\/2"}],"replies":[{"embeddable":true,"href":"https:\/\/www.europesays.com\/es\/wp-json\/wp\/v2\/comments?post=153046"}],"version-history":[{"count":0,"href":"https:\/\/www.europesays.com\/es\/wp-json\/wp\/v2\/posts\/153046\/revisions"}],"wp:featuredmedia":[{"embeddable":true,"href":"https:\/\/www.europesays.com\/es\/wp-json\/wp\/v2\/media\/153047"}],"wp:attachment":[{"href":"https:\/\/www.europesays.com\/es\/wp-json\/wp\/v2\/media?parent=153046"}],"wp:term":[{"taxonomy":"category","embeddable":true,"href":"https:\/\/www.europesays.com\/es\/wp-json\/wp\/v2\/categories?post=153046"},{"taxonomy":"post_tag","embeddable":true,"href":"https:\/\/www.europesays.com\/es\/wp-json\/wp\/v2\/tags?post=153046"}],"curies":[{"name":"wp","href":"https:\/\/api.w.org\/{rel}","templated":true}]}}