{"id":153048,"date":"2025-10-02T16:02:05","date_gmt":"2025-10-02T16:02:05","guid":{"rendered":"https:\/\/www.europesays.com\/es\/153048\/"},"modified":"2025-10-02T16:02:05","modified_gmt":"2025-10-02T16:02:05","slug":"campana-de-abonados-ehf-european-league-2025-2026","status":"publish","type":"post","link":"https:\/\/www.europesays.com\/es\/153048\/","title":{"rendered":"Campa\u00f1a de abonados EHF European League 2025\/2026"},"content":{"rendered":"<p>Vuelve las noches m\u00e1gica de Europa a Artaleku. Emoci\u00f3n, victorias y t\u00edtulos, alegr\u00edas, comuni\u00f3n entre equipo y afici\u00f3n\u2026 Las competiciones europeas le han dado mucho al Club Deportivo Bidasoa y a su masa social en su larga trayectoria. Numerosos recuerdos que quedar\u00e1n siempre grabados en nuestra memoria, como quedarse a las puertas de disputar la Final Four la temporada pasada. Ahora, llega el momento de seguir ampliando esas vivencias con la EHF European League de la temporada 2025\/2026.<\/p>\n<p>La competici\u00f3n llegar\u00e1 a Artaleku, el pr\u00f3ximo 21 de octubre ante el SG Flensburg-Handewitt, actual campe\u00f3n de la competici\u00f3n. Para ello, el Club Deportivo Bidasoa ya ha abierto el plazo para que los abonados bidasotarras puedan comprar el abono para los tres partidos de la fase de grupos que se disputen en Irun, que se celebrar\u00e1n a las 20:45 horas: 21 de octubre ante SG Flensburg-Handewitt (Alemania), 18 de noviembre ante Saint-Raphael Var Handball (Francia) y 25 de noviembre ante AHC Potaissa Turda (Rumania).<\/p>\n<p>Los abonados tienen de plazo hasta el 8 de octubre, mi\u00e9rcoles, a las 23:59 horas, para comprar su abono y garantizar su asiento habitual. Deber\u00e1n de realizar dicha acci\u00f3n mediante la zona privada en la aplicaci\u00f3n del Club Deportivo Bidasoa o mediante la oficina que el club tiene en Artaleku (horario: de 10:00 a 13:00 horas y de 16:00 a 18:00 horas).<\/p>\n<p>Como excepci\u00f3n, los abonados del sector 3 ser\u00e1n reubicados como en las \u00faltimas participaciones en competiciones europeas con motivo de los requisitos de la EHF. El club se pondr\u00e1 en contacto con las personas afectadas para reubicarlos e intentar dar el asiento que se les asign\u00f3 en la EHF European League de la temporada 2024\/2025, siempre y cuando la ubicaci\u00f3n est\u00e9 libre y el abonado quiera.<\/p>\n<p>A partir del 10 de octubre, despu\u00e9s del partido ante el Bada Huesca, a las 21:00 horas, se activar\u00e1 la venta p\u00fablica de abonos de Europa para personas no abonadas.<\/p>\n<p>Los precios de los abonos de Europa para abonados y no abonados se reflejan a continuaci\u00f3n:<\/p>\n<ul class=\"wp-block-list\">\n<li>Abono Europa (3 partidos de la fase de grupos):\n<ul class=\"wp-block-list\">\n<li>Personas abonadas:\n<ul class=\"wp-block-list\">\n<li>Adulto (entre 26 y 64 a\u00f1os): 30 euros.<\/li>\n<li>Senior (mayores de 65 a\u00f1os): 20 euros.<\/li>\n<li>Junior (entre 19 y 25 a\u00f1os): 20 euros.<\/li>\n<li>Juvenil (entre 15 y 18 a\u00f1os): 17 euros.<\/li>\n<li>Infantil (hasta 14 a\u00f1os): 8 euros.<\/li>\n<\/ul>\n<\/li>\n<li>Personas no abonadas:\n<ul class=\"wp-block-list\">\n<li>Adulto (mayores de 25 a\u00f1os): 50 euros.<\/li>\n<li>Juvenil (entre 15 y 24 a\u00f1os): 40 euros.<\/li>\n<li>Infantil (hasta 14 a\u00f1os): 25 euros.<\/li>\n<\/ul>\n<\/li>\n<\/ul>\n<\/li>\n<\/ul>\n<p>El correo electr\u00f3nico\u00a0<a href=\"https:\/\/www.cdbidasoa.eus\/2025\/10\/02\/campana-de-abonados-ehf-european-league-2025-2026\/mailto:bazkideak@cdbidasoa.eus\" rel=\"nofollow noopener\" target=\"_blank\">bazkideak@cdbidasoa.eus<\/a>\u00a0atender\u00e1 cualquier consulta y duda que tenga todo aquel interesado.<\/p>\n","protected":false},"excerpt":{"rendered":"Vuelve las noches m\u00e1gica de Europa a Artaleku. Emoci\u00f3n, victorias y t\u00edtulos, alegr\u00edas, comuni\u00f3n entre equipo y afici\u00f3n\u2026&hellip;\n","protected":false},"author":2,"featured_media":153049,"comment_status":"","ping_status":"","sticky":false,"template":"","format":"standard","meta":{"footnotes":""},"categories":[278],"tags":[376,168,25,24,375,23,167],"class_list":{"0":"post-153048","1":"post","2":"type-post","3":"status-publish","4":"format-standard","5":"has-post-thumbnail","7":"category-balonmano","8":"tag-balonmano","9":"tag-deportes","10":"tag-es","11":"tag-espana","12":"tag-handball","13":"tag-spain","14":"tag-sports"},"share_on_mastodon":{"url":"","error":""},"_links":{"self":[{"href":"https:\/\/www.europesays.com\/es\/wp-json\/wp\/v2\/posts\/153048","targetHints":{"allow":["GET"]}}],"collection":[{"href":"https:\/\/www.europesays.com\/es\/wp-json\/wp\/v2\/posts"}],"about":[{"href":"https:\/\/www.europesays.com\/es\/wp-json\/wp\/v2\/types\/post"}],"author":[{"embeddable":true,"href":"https:\/\/www.europesays.com\/es\/wp-json\/wp\/v2\/users\/2"}],"replies":[{"embeddable":true,"href":"https:\/\/www.europesays.com\/es\/wp-json\/wp\/v2\/comments?post=153048"}],"version-history":[{"count":0,"href":"https:\/\/www.europesays.com\/es\/wp-json\/wp\/v2\/posts\/153048\/revisions"}],"wp:featuredmedia":[{"embeddable":true,"href":"https:\/\/www.europesays.com\/es\/wp-json\/wp\/v2\/media\/153049"}],"wp:attachment":[{"href":"https:\/\/www.europesays.com\/es\/wp-json\/wp\/v2\/media?parent=153048"}],"wp:term":[{"taxonomy":"category","embeddable":true,"href":"https:\/\/www.europesays.com\/es\/wp-json\/wp\/v2\/categories?post=153048"},{"taxonomy":"post_tag","embeddable":true,"href":"https:\/\/www.europesays.com\/es\/wp-json\/wp\/v2\/tags?post=153048"}],"curies":[{"name":"wp","href":"https:\/\/api.w.org\/{rel}","templated":true}]}}