{"id":153052,"date":"2025-10-02T16:04:06","date_gmt":"2025-10-02T16:04:06","guid":{"rendered":"https:\/\/www.europesays.com\/es\/153052\/"},"modified":"2025-10-02T16:04:06","modified_gmt":"2025-10-02T16:04:06","slug":"5-a-seguir-en-ufc-320-ufcespanol-com","status":"publish","type":"post","link":"https:\/\/www.europesays.com\/es\/153052\/","title":{"rendered":"5 A Seguir En UFC 320 &#8211; UFCESPANOL.com"},"content":{"rendered":"<ol>\n<li><a href=\"https:\/\/news.google.com\/rss\/articles\/CBMiYEFVX3lxTE03dkZqdE43TENIWGtrdUI2MGhFWmllV3JrU0Q1Ti11aWNGLTViUHNWeVlLRkgtU1B2OG5SeWRmeFVyRjNqWFZ6bExPczQ2MVprUGxyamJtVUw4TEM2OEpvWg?oc=5\" target=\"_blank\" rel=\"nofollow noopener\">5 A Seguir En UFC 320<\/a>&nbsp;&nbsp;UFCESPANOL.com<\/li>\n<li><a href=\"https:\/\/news.google.com\/rss\/articles\/CBMipgFBVV95cUxQSk1oMzFoTGRFY1psczlPcEZzZ2JJWWZYNUR2RUwyUERvek9DT2RCMFJvalFKZzZyVTMzM25NYTFqeUxnRlRzR25VVWgwNnZKeThUWGVuZFpWeDc0clYwTWV5UnJZdkh1ODJVUHVWM3JJVFJCRkZmVkUweHVHc3NRTTVrZU1EQmFST3huYW9CdUNtejlGZ055cmRJWFA0M2ZmU0MxXzhB?oc=5\" target=\"_blank\" rel=\"nofollow noopener\">Ankalaev busca cerrar la puerta del t\u00edtulo para siempre a Alex Pereira: \u00abEstaba asustado\u2026\u00bb<\/a>&nbsp;&nbsp;ABC<\/li>\n<li><a href=\"https:\/\/news.google.com\/rss\/articles\/CBMilAFBVV95cUxOcGxhSjFFLVQtQWprdDVHQzdZd3NFeDJyaGNGWkpJMVlNakx5RC1TeExwQUxDVUNkVGxVSDJnZDVRa1diMWk3bFBTekFlSlFVZUNveU9SMHRyYU5mYzdURzgtTFM2clh6cTR6MG9CVGlZVWl4V2ZheE5GVFZodzRsMVBlUGFfelJkOWF0MndLNWlQb1VV0gGUAUFVX3lxTE8waHJnRExHb0p3QkpKNElEMG1KZm5CZkJHM2J4TVpEeC1UaXp5cDdJRXlrVm9uNWZOOVBDdGExbE8wLWx2aExSc3RQM1N6SFNjd2k0ek5EU2JSZ212dEVReEZRV250YklPMjZpVENLQ3A4a1lwV1ZFS1ZQcFhyMXUwM25rbTczZGlhMDVfY3A4ekNaVzQ?oc=5\" target=\"_blank\" rel=\"nofollow noopener\">Magomed Ankalaev, el campe\u00f3n silencioso de la UFC<\/a>&nbsp;&nbsp;MARCA<\/li>\n<li><a href=\"https:\/\/news.google.com\/rss\/articles\/CBMi1wFBVV95cUxPcEdPaEF3aVBXLVlPa1lvNFBqMGUtQzI1QjhmZWx4cGRJSzhPb2JxamtiVFdoNkQyNWhocDNBVUNNVWpsWEtYakg3cm1PS05oOGRrdTd0Vk1qaFJxajZpQnVOdjh5R2tITTZ0eWc4UlNmLWFoREwzTDBWRHlYdk5IT0swazRHa0VaY0hjTEZJMGx2SUVUQlVVOS1DRmJiVmJqRFU1dWZ5S1lqR0N0V3VodENPRFNGc3pKT3V0bHAyYXZjTjBRak94UWpYT1Zpd0ZUMmt1Xzl3RdIB6wFBVV95cUxPNEZzSUZ4LVc5SmFlaFlBb2c4R05Rd095YkdrUlRtenlCbmNMNFVxckpXR2MyTHNGUWZpTk5HSGFzOHZuamNtZnpxSzBZNUgzXzJ1eVhYWHBzZEhrRzVSMVN1ZzVjTkR2UjdYMUo4N3FfOFpFWGNGTDJndUVzQ2U3MTM0TEVtcjJLN01YUGRpWVpfa0phWndJMmNPdFlQRjlKUmVUQzVqNzV3d1dPNy11eVJndXhFWW1sT0Q4YnBITk5UUXNxZXJIbmFMaWRpNm9YMFZDYy1rWXVKTnl2NnBWc0F6WG1OQXJBYllV?oc=5\" target=\"_blank\" rel=\"nofollow noopener\">\u00bfCu\u00e1ndo es el UFC 320? Horario y c\u00f3mo ver en Espa\u00f1a el Ankalaev vs Pereira en TV y streaming online<\/a>&nbsp;&nbsp;Diario AS<\/li>\n<li><a href=\"https:\/\/news.google.com\/rss\/articles\/CBMiuAFBVV95cUxNRld1SGh5ckQzeVU4SjhpSTFDUW5jRWV5VzZ2Z3hlakgwUWRxVktqRFhEUklRM014ZVZ5X1h4bDdVb3BUTWVmcXVqOV9pdlUwanBFWHJqVmFaZWI3dW56c08yMmZrU0tUb0RmejdRZFhDZU04bmZfVzI0OVViZmVJODBfQXZyVjBPRlBMeE1VcWpmTml4UTBTOEpnS3FlZzdXcGFMV3lNNjhSRzNabW5YYm9udTZ1Vmtr?oc=5\" target=\"_blank\" rel=\"nofollow noopener\">UFC 320 picks y apuestas: \u00bfLos campeones seguir\u00e1n en el trono?<\/a>&nbsp;&nbsp;ESPN Costa Rica<\/li>\n<\/ol>\n","protected":false},"excerpt":{"rendered":"5 A Seguir En UFC 320&nbsp;&nbsp;UFCESPANOL.com Ankalaev busca cerrar la puerta del t\u00edtulo para siempre a Alex Pereira:&hellip;\n","protected":false},"author":2,"featured_media":153053,"comment_status":"","ping_status":"","sticky":false,"template":"","format":"standard","meta":{"footnotes":""},"categories":[276],"tags":[168,25,24,23,167,343],"class_list":{"0":"post-153052","1":"post","2":"type-post","3":"status-publish","4":"format-standard","5":"has-post-thumbnail","7":"category-ufc","8":"tag-deportes","9":"tag-es","10":"tag-espana","11":"tag-spain","12":"tag-sports","13":"tag-ufc"},"share_on_mastodon":{"url":"","error":""},"_links":{"self":[{"href":"https:\/\/www.europesays.com\/es\/wp-json\/wp\/v2\/posts\/153052","targetHints":{"allow":["GET"]}}],"collection":[{"href":"https:\/\/www.europesays.com\/es\/wp-json\/wp\/v2\/posts"}],"about":[{"href":"https:\/\/www.europesays.com\/es\/wp-json\/wp\/v2\/types\/post"}],"author":[{"embeddable":true,"href":"https:\/\/www.europesays.com\/es\/wp-json\/wp\/v2\/users\/2"}],"replies":[{"embeddable":true,"href":"https:\/\/www.europesays.com\/es\/wp-json\/wp\/v2\/comments?post=153052"}],"version-history":[{"count":0,"href":"https:\/\/www.europesays.com\/es\/wp-json\/wp\/v2\/posts\/153052\/revisions"}],"wp:featuredmedia":[{"embeddable":true,"href":"https:\/\/www.europesays.com\/es\/wp-json\/wp\/v2\/media\/153053"}],"wp:attachment":[{"href":"https:\/\/www.europesays.com\/es\/wp-json\/wp\/v2\/media?parent=153052"}],"wp:term":[{"taxonomy":"category","embeddable":true,"href":"https:\/\/www.europesays.com\/es\/wp-json\/wp\/v2\/categories?post=153052"},{"taxonomy":"post_tag","embeddable":true,"href":"https:\/\/www.europesays.com\/es\/wp-json\/wp\/v2\/tags?post=153052"}],"curies":[{"name":"wp","href":"https:\/\/api.w.org\/{rel}","templated":true}]}}